{"id":81690,"date":"2026-03-18T00:14:26","date_gmt":"2026-03-18T06:14:26","guid":{"rendered":"https:\/\/politicosaldesnudo.com.mx\/?p=81690"},"modified":"2026-03-17T22:35:27","modified_gmt":"2026-03-18T04:35:27","slug":"mineros-exigen-seguridad-tras-violencia-en-sinaloa","status":"publish","type":"post","link":"https:\/\/politicosaldesnudo.com.mx\/index.php\/2026\/03\/18\/mineros-exigen-seguridad-tras-violencia-en-sinaloa\/","title":{"rendered":"Mineros exigen seguridad tras violencia en Sinaloa"},"content":{"rendered":"<div id=\"article-content-tts\" class=\"nota-contenido mb-5\">\n<div id=\"content_nitf\">\n<p class=\"nota-justify\">Durante la inauguraci\u00f3n del tercer Congreso Internacional Minero Sinaloa 2026, la comunidad geol\u00f3gico-minera de M\u00e9xico exigi\u00f3 a los tres niveles de gobierno garant\u00edas de seguridad y el restablecimiento del estado de derecho en las zonas mineras del pa\u00eds.<\/p>\n<p class=\"nota-justify\">El evento, que re\u00fane a 120 empresas de pa\u00edses como Canad\u00e1, Estados Unidos y Australia, inici\u00f3 con un minuto de silencio y un homenaje audiovisual para los 10 mineros del Proyecto P\u00e1nuco (propiedad de la canadiense Vizsla Silver), quienes fueron privados de la libertad el pasado 23 de enero, en el municipio de Concordia.<\/p>\n<p class=\"nota-justify\">Hasta este 17 de marzo, la situaci\u00f3n de los diez trabajadores es cr\u00edtica, de acuerdo con reportes oficiales e informaci\u00f3n de familiares:<\/p>\n<p class=\"nota-justify\">Asimismo, siete trabajadores ya han sido localizados sin vida en fosas clandestinas, en la comunidad de El Verde.<\/p>\n<p class=\"nota-justify\">Entre las v\u00edctimas identificadas se encuentran: Jos\u00e9 \u00c1ngel Hern\u00e1ndez V\u00e9lez, Jos\u00e9 Manuel Casta\u00f1eda Hern\u00e1ndez, Ignacio Aurelio Salazar Flores, Jes\u00fas Antonio de la O Valdez, Jos\u00e9 Antonio Jim\u00e9nez Nev\u00e1rez, Javier Guillermo Vargas Valle y Javier Emilio Valdez Valenzuela.<\/p>\n<p class=\"nota-justify\">Aunque las labores de b\u00fasqueda contin\u00faan siguen sin ser ubicados Sa\u00fal Alberto Ochoa P\u00e9rez, Miguel Tapia Ray\u00f3n y Francisco Antonio Esparza Y\u00e1\u00f1ez.<\/p>\n<p class=\"nota-justify\">El presidente de la Asociaci\u00f3n de ingenieros de minas, metalurgistas y ge\u00f3logos de M\u00e9xico Rub\u00e9n de Jes\u00fas del Pozo Mendoza, enfatiz\u00f3: \u00abquienes trabajamos en esta industria no debemos hacerlo bajo amenaza\u00bb.<\/p>\n<p class=\"nota-justify\">Advirti\u00f3 adem\u00e1s que la falta de seguridad frena inversiones estrat\u00e9gicas en una entidad que cuenta con 35 proyectos mineros, de los cuales cinco son clave para el desarrollo econ\u00f3mico regional.<\/p>\n<p class=\"nota-justify\">Por su parte, Feliciano Castro Mel\u00e9ndrez, secretario de Econom\u00eda de Sinaloa, reconoci\u00f3 la gravedad del caso y envi\u00f3 un mensaje de solidaridad a las familias, asegurando que el gobierno mantiene la \u00ablucha\u00bb por esclarecer los hechos; no obstante, la atm\u00f3sfera del congreso reflej\u00f3 el impacto de la crisis: la afluencia de empresas fue menor a la esperada debido a que diversas compa\u00f1\u00edas cancelaron su asistencia por temor a la inseguridad en la sierra de Concordia, seg\u00fan se inform\u00f3.<\/p>\n<\/div>\n<\/div>\n<div class=\"notas-relacionadas\"><\/div>\n<div class=\"nota-tags\"><\/div>\n","protected":false},"excerpt":{"rendered":"<p>Durante la inauguraci\u00f3n del tercer Congreso Internacional Minero Sinaloa 2026, la comunidad geol\u00f3gico-minera de M\u00e9xico exigi\u00f3 a los tres niveles<\/p>\n","protected":false},"author":4,"featured_media":81691,"comment_status":"closed","ping_status":"closed","sticky":false,"template":"","format":"standard","meta":{"colormag_page_container_layout":"default_layout","colormag_page_sidebar_layout":"default_layout","_jetpack_memberships_contains_paid_content":false,"footnotes":"","jetpack_publicize_message":"","jetpack_publicize_feature_enabled":true,"jetpack_social_post_already_shared":true,"jetpack_social_options":{"image_generator_settings":{"template":"highway","default_image_id":0,"font":"","enabled":false},"version":2}},"categories":[30],"tags":[],"class_list":["post-81690","post","type-post","status-publish","format-standard","has-post-thumbnail","hentry","category-estados"],"jetpack_publicize_connections":[],"jetpack_featured_media_url":"https:\/\/i0.wp.com\/politicosaldesnudo.com.mx\/wp-content\/uploads\/2026\/03\/SINA.jpg?fit=1200%2C665&ssl=1","jetpack-related-posts":[],"jetpack_sharing_enabled":true,"_links":{"self":[{"href":"https:\/\/politicosaldesnudo.com.mx\/index.php\/wp-json\/wp\/v2\/posts\/81690","targetHints":{"allow":["GET"]}}],"collection":[{"href":"https:\/\/politicosaldesnudo.com.mx\/index.php\/wp-json\/wp\/v2\/posts"}],"about":[{"href":"https:\/\/politicosaldesnudo.com.mx\/index.php\/wp-json\/wp\/v2\/types\/post"}],"author":[{"embeddable":true,"href":"https:\/\/politicosaldesnudo.com.mx\/index.php\/wp-json\/wp\/v2\/users\/4"}],"replies":[{"embeddable":true,"href":"https:\/\/politicosaldesnudo.com.mx\/index.php\/wp-json\/wp\/v2\/comments?post=81690"}],"version-history":[{"count":0,"href":"https:\/\/politicosaldesnudo.com.mx\/index.php\/wp-json\/wp\/v2\/posts\/81690\/revisions"}],"wp:featuredmedia":[{"embeddable":true,"href":"https:\/\/politicosaldesnudo.com.mx\/index.php\/wp-json\/wp\/v2\/media\/81691"}],"wp:attachment":[{"href":"https:\/\/politicosaldesnudo.com.mx\/index.php\/wp-json\/wp\/v2\/media?parent=81690"}],"wp:term":[{"taxonomy":"category","embeddable":true,"href":"https:\/\/politicosaldesnudo.com.mx\/index.php\/wp-json\/wp\/v2\/categories?post=81690"},{"taxonomy":"post_tag","embeddable":true,"href":"https:\/\/politicosaldesnudo.com.mx\/index.php\/wp-json\/wp\/v2\/tags?post=81690"}],"curies":[{"name":"wp","href":"https:\/\/api.w.org\/{rel}","templated":true}]}}