{"id":81693,"date":"2026-03-18T00:15:57","date_gmt":"2026-03-18T06:15:57","guid":{"rendered":"https:\/\/politicosaldesnudo.com.mx\/?p=81693"},"modified":"2026-03-17T22:37:16","modified_gmt":"2026-03-18T04:37:16","slug":"gobernador-realiza-cambios-en-su-gabinete-en-el-marco-de-su-cuarto-informe-en-tamaulipas","status":"publish","type":"post","link":"https:\/\/politicosaldesnudo.com.mx\/index.php\/2026\/03\/18\/gobernador-realiza-cambios-en-su-gabinete-en-el-marco-de-su-cuarto-informe-en-tamaulipas\/","title":{"rendered":"Gobernador realiza cambios en su gabinete en el marco de su cuarto informe en Tamaulipas"},"content":{"rendered":"<p class=\"nota-justify\">En el marco de su cuarto informe de gobierno, el mandatario estatal, Am\u00e9rico Villarreal Anaya, anunci\u00f3 ajustes de \u00faltimo momento en su gabinete, en lo que defini\u00f3 como una medida para fortalecer la capacidad institucional y acelerar el proceso de transformaci\u00f3n en la entidad.<\/p>\n<p class=\"nota-justify\">Los cambios, dados a conocer por el Ejecutivo estatal, abarcan \u00e1reas estrat\u00e9gicas como Salud, Desarrollo Urbano y Medio Ambiente, as\u00ed como Comunicaci\u00f3n Social. En ese sentido, fue designada Adriana Marcela Hern\u00e1ndez Campos al frente de la Secretar\u00eda de Salud; Karl Heinz Becker Hern\u00e1ndez asumir\u00e1 la titularidad de la Secretar\u00eda de Desarrollo Urbano y Medio Ambiente (Seduma), mientras que Gerardo Algar\u00edn Hern\u00e1ndez encabezar\u00e1 la Coordinaci\u00f3n de Comunicaci\u00f3n Social.<\/p>\n<p class=\"nota-justify\">De acuerdo con el gobernador, los relevos responden a una evaluaci\u00f3n interna orientada a consolidar resultados y mejorar la eficiencia gubernamental. \u201cEl objetivo es claro: fortalecer el trabajo del gobierno para servir mejor a las y los tamaulipecos. Estamos en una etapa de consolidaci\u00f3n que exige capacidad, compromiso, lealtad, coordinaci\u00f3n y resultados\u201d, sostuvo.<\/p>\n<p class=\"nota-justify\">El mandatario subray\u00f3 que su administraci\u00f3n mantiene una ruta basada en principios de honestidad, cercan\u00eda con la poblaci\u00f3n y responsabilidad en el ejercicio p\u00fablico, elementos que \u2014afirm\u00f3\u2014 han permitido avanzar en la recuperaci\u00f3n institucional del estado.<\/p>\n<p class=\"nota-justify\">En ese marco, reiter\u00f3 que los ajustes en el gabinete forman parte de un proceso permanente de revisi\u00f3n del desempe\u00f1o de las distintas \u00e1reas de gobierno, con el prop\u00f3sito de garantizar que cada dependencia contribuya de manera efectiva a los objetivos trazados.<\/p>\n<p class=\"nota-justify\">\u201cCada decisi\u00f3n que tomamos tiene como prioridad mejorar la calidad de vida de las familias tamaulipecas, consolidar el desarrollo del estado y dar resultados que se vean, se sientan y se sostengan en el tiempo\u201d, expres\u00f3.<\/p>\n<p class=\"nota-justify\">Los nombramientos entraron en vigor de manera inmediata, en una coyuntura pol\u00edtica marcada por la presentaci\u00f3n del tercer informe de gobierno, donde la administraci\u00f3n estatal busca proyectar avances y reforzar su estructura operativa frente a los retos en materia social y de gesti\u00f3n p\u00fablica.<\/p>\n","protected":false},"excerpt":{"rendered":"<p>En el marco de su cuarto informe de gobierno, el mandatario estatal, Am\u00e9rico Villarreal Anaya, anunci\u00f3 ajustes de \u00faltimo momento<\/p>\n","protected":false},"author":4,"featured_media":81694,"comment_status":"closed","ping_status":"closed","sticky":false,"template":"","format":"standard","meta":{"colormag_page_container_layout":"default_layout","colormag_page_sidebar_layout":"default_layout","_jetpack_memberships_contains_paid_content":false,"footnotes":"","jetpack_publicize_message":"","jetpack_publicize_feature_enabled":true,"jetpack_social_post_already_shared":true,"jetpack_social_options":{"image_generator_settings":{"template":"highway","default_image_id":0,"font":"","enabled":false},"version":2}},"categories":[30],"tags":[],"class_list":["post-81693","post","type-post","status-publish","format-standard","has-post-thumbnail","hentry","category-estados"],"jetpack_publicize_connections":[],"jetpack_featured_media_url":"https:\/\/i0.wp.com\/politicosaldesnudo.com.mx\/wp-content\/uploads\/2026\/03\/AMER.jpg?fit=1200%2C800&ssl=1","jetpack-related-posts":[],"jetpack_sharing_enabled":true,"_links":{"self":[{"href":"https:\/\/politicosaldesnudo.com.mx\/index.php\/wp-json\/wp\/v2\/posts\/81693","targetHints":{"allow":["GET"]}}],"collection":[{"href":"https:\/\/politicosaldesnudo.com.mx\/index.php\/wp-json\/wp\/v2\/posts"}],"about":[{"href":"https:\/\/politicosaldesnudo.com.mx\/index.php\/wp-json\/wp\/v2\/types\/post"}],"author":[{"embeddable":true,"href":"https:\/\/politicosaldesnudo.com.mx\/index.php\/wp-json\/wp\/v2\/users\/4"}],"replies":[{"embeddable":true,"href":"https:\/\/politicosaldesnudo.com.mx\/index.php\/wp-json\/wp\/v2\/comments?post=81693"}],"version-history":[{"count":0,"href":"https:\/\/politicosaldesnudo.com.mx\/index.php\/wp-json\/wp\/v2\/posts\/81693\/revisions"}],"wp:featuredmedia":[{"embeddable":true,"href":"https:\/\/politicosaldesnudo.com.mx\/index.php\/wp-json\/wp\/v2\/media\/81694"}],"wp:attachment":[{"href":"https:\/\/politicosaldesnudo.com.mx\/index.php\/wp-json\/wp\/v2\/media?parent=81693"}],"wp:term":[{"taxonomy":"category","embeddable":true,"href":"https:\/\/politicosaldesnudo.com.mx\/index.php\/wp-json\/wp\/v2\/categories?post=81693"},{"taxonomy":"post_tag","embeddable":true,"href":"https:\/\/politicosaldesnudo.com.mx\/index.php\/wp-json\/wp\/v2\/tags?post=81693"}],"curies":[{"name":"wp","href":"https:\/\/api.w.org\/{rel}","templated":true}]}}