{"id":81711,"date":"2026-03-18T00:00:34","date_gmt":"2026-03-18T06:00:34","guid":{"rendered":"https:\/\/politicosaldesnudo.com.mx\/?p=81711"},"modified":"2026-03-17T22:51:47","modified_gmt":"2026-03-18T04:51:47","slug":"dos-bocas-es-muestra-del-movimiento-energetico-desde-la-politica","status":"publish","type":"post","link":"https:\/\/politicosaldesnudo.com.mx\/index.php\/2026\/03\/18\/dos-bocas-es-muestra-del-movimiento-energetico-desde-la-politica\/","title":{"rendered":"Dos Bocas es muestra del movimiento energ\u00e9tico desde la pol\u00edtica"},"content":{"rendered":"<p><span style=\"font-family: arial, helvetica, sans-serif; font-size: 18pt;\"><strong>ALMA GRANDE<\/strong><\/span><\/p>\n<p><span style=\"font-family: arial, helvetica, sans-serif; font-size: 18pt;\"><strong>POR \u00c1NGEL \u00c1LVARO PE\u00d1A<\/strong><\/span><\/p>\n<p><span style=\"font-family: arial, helvetica, sans-serif; font-size: 14pt;\">Hablar del sector energ\u00e9tico en M\u00e9xico hoy es hablar de movimiento, de inversi\u00f3n y de una visi\u00f3n que, con aciertos y retos, ha buscado recuperar la capacidad productiva del pa\u00eds. En ese contexto, el proyecto de Dos Bocas se ha convertido en un s\u00edmbolo de esa apuesta, impulsado durante la gesti\u00f3n de Roc\u00edo Nahle al frente de la Secretar\u00eda de Energ\u00eda.<\/span><\/p>\n<p><span style=\"font-family: arial, helvetica, sans-serif; font-size: 14pt;\">La refiner\u00eda Olmeca, ubicada en Dos Bocas, es una pieza estrat\u00e9gica que actualmente se encuentra en fase de operaci\u00f3n y procesamiento de hidrocarburos, con el objetivo de fortalecer la autosuficiencia energ\u00e9tica del pa\u00eds, particularmente en la producci\u00f3n de combustibles.<\/span><\/p>\n<p><span style=\"font-family: arial, helvetica, sans-serif; font-size: 14pt;\">Para muestra del dinamismo del sector energ\u00e9tico, recientemente llam\u00f3 la atenci\u00f3n la llegada al puerto de Tuxpan de un imponente barco de bandera turca, de aproximadamente 135 metros de largo, 42 de ancho y 45 de alto. Se trata de una central termoel\u00e9ctrica flotante con capacidad cercana a los 240 megawatts, que opera con gas o combust\u00f3leo y que suele utilizarse en regiones como Medio Oriente. Su presencia abre distintas lecturas: desde un posible apoyo temporal a la generaci\u00f3n el\u00e9ctrica mientras se realizan trabajos en infraestructura nacional, hasta una escala t\u00e9cnica. Lo cierto es que evidencia que el sector energ\u00e9tico en M\u00e9xico est\u00e1 activo y en constante transformaci\u00f3n.<\/span><\/p>\n<p><span style=\"font-family: arial, helvetica, sans-serif; font-size: 14pt;\">Este movimiento no puede entenderse sin el paso de Roc\u00edo Nahle por la Secretar\u00eda de Energ\u00eda, donde se consolidaron proyectos clave como Dos Bocas, apostando por fortalecer la soberan\u00eda energ\u00e9tica y reducir la dependencia del exterior.<\/span><\/p>\n<p><span style=\"font-family: arial, helvetica, sans-serif; font-size: 14pt;\">Por otro lado, lo ocurrido ayer en las inmediaciones de la refiner\u00eda \u2014un incendio y explosi\u00f3n que lamentablemente dej\u00f3 cinco personas fallecidas\u2014 debe analizarse con responsabilidad. De acuerdo con informaci\u00f3n oficial, el incidente se registr\u00f3 fuera de las instalaciones, derivado de la acumulaci\u00f3n de residuos de hidrocarburos provocada por lluvias intensas, lo que gener\u00f3 la ignici\u00f3n del material.<\/span><\/p>\n<p><span style=\"font-family: arial, helvetica, sans-serif; font-size: 14pt;\">Se trata de un hecho lamentable, que enluta a familias y obliga a revisar protocolos, pero que tambi\u00e9n debe entenderse como un caso aislado que no compromete la operaci\u00f3n general de la refiner\u00eda ni el proyecto en su conjunto, el cual contin\u00faa en funcionamiento.<\/span><\/p>\n<p><span style=\"font-family: arial, helvetica, sans-serif; font-size: 14pt;\">Hoy, m\u00e1s que nunca, el pa\u00eds requiere una visi\u00f3n equilibrada: reconocer los avances, exigir mejoras donde sean necesarias y entender que el desarrollo energ\u00e9tico implica retos constantes. Dos Bocas, con todo lo que representa, es parte de esa historia que a\u00fan se est\u00e1 escribiendo.<\/span><\/p>\n<p><span style=\"font-family: arial, helvetica, sans-serif; font-size: 14pt;\">Esta columna se publica los lunes, mi\u00e9rcoles y viernes.<\/span><\/p>\n<p><img data-recalc-dims=\"1\" loading=\"lazy\" decoding=\"async\" class=\"aligncenter size-full wp-image-81648\" src=\"https:\/\/i0.wp.com\/politicosaldesnudo.com.mx\/wp-content\/uploads\/2026\/03\/FIRMA-EDITORIAL-PD-4.jpg?resize=800%2C98&#038;ssl=1\" alt=\"\" width=\"800\" height=\"98\" srcset=\"https:\/\/i0.wp.com\/politicosaldesnudo.com.mx\/wp-content\/uploads\/2026\/03\/FIRMA-EDITORIAL-PD-4.jpg?w=1024&amp;ssl=1 1024w, https:\/\/i0.wp.com\/politicosaldesnudo.com.mx\/wp-content\/uploads\/2026\/03\/FIRMA-EDITORIAL-PD-4.jpg?resize=300%2C37&amp;ssl=1 300w, https:\/\/i0.wp.com\/politicosaldesnudo.com.mx\/wp-content\/uploads\/2026\/03\/FIRMA-EDITORIAL-PD-4.jpg?resize=768%2C94&amp;ssl=1 768w\" sizes=\"auto, (max-width: 800px) 100vw, 800px\" \/><\/p>\n","protected":false},"excerpt":{"rendered":"<p>ALMA GRANDE POR \u00c1NGEL \u00c1LVARO PE\u00d1A Hablar del sector energ\u00e9tico en M\u00e9xico hoy es hablar de movimiento, de inversi\u00f3n y<\/p>\n","protected":false},"author":4,"featured_media":81569,"comment_status":"closed","ping_status":"closed","sticky":false,"template":"","format":"standard","meta":{"colormag_page_container_layout":"default_layout","colormag_page_sidebar_layout":"default_layout","_jetpack_memberships_contains_paid_content":false,"footnotes":"","jetpack_publicize_message":"","jetpack_publicize_feature_enabled":true,"jetpack_social_post_already_shared":true,"jetpack_social_options":{"image_generator_settings":{"template":"highway","default_image_id":0,"font":"","enabled":false},"version":2}},"categories":[26],"tags":[],"class_list":["post-81711","post","type-post","status-publish","format-standard","has-post-thumbnail","hentry","category-columnistas"],"jetpack_publicize_connections":[],"jetpack_featured_media_url":"https:\/\/i0.wp.com\/politicosaldesnudo.com.mx\/wp-content\/uploads\/2026\/03\/BANNER-LOPEZ-DORIGA-DIGITAL-2.jpg?fit=800%2C445&ssl=1","jetpack-related-posts":[],"jetpack_sharing_enabled":true,"_links":{"self":[{"href":"https:\/\/politicosaldesnudo.com.mx\/index.php\/wp-json\/wp\/v2\/posts\/81711","targetHints":{"allow":["GET"]}}],"collection":[{"href":"https:\/\/politicosaldesnudo.com.mx\/index.php\/wp-json\/wp\/v2\/posts"}],"about":[{"href":"https:\/\/politicosaldesnudo.com.mx\/index.php\/wp-json\/wp\/v2\/types\/post"}],"author":[{"embeddable":true,"href":"https:\/\/politicosaldesnudo.com.mx\/index.php\/wp-json\/wp\/v2\/users\/4"}],"replies":[{"embeddable":true,"href":"https:\/\/politicosaldesnudo.com.mx\/index.php\/wp-json\/wp\/v2\/comments?post=81711"}],"version-history":[{"count":0,"href":"https:\/\/politicosaldesnudo.com.mx\/index.php\/wp-json\/wp\/v2\/posts\/81711\/revisions"}],"wp:featuredmedia":[{"embeddable":true,"href":"https:\/\/politicosaldesnudo.com.mx\/index.php\/wp-json\/wp\/v2\/media\/81569"}],"wp:attachment":[{"href":"https:\/\/politicosaldesnudo.com.mx\/index.php\/wp-json\/wp\/v2\/media?parent=81711"}],"wp:term":[{"taxonomy":"category","embeddable":true,"href":"https:\/\/politicosaldesnudo.com.mx\/index.php\/wp-json\/wp\/v2\/categories?post=81711"},{"taxonomy":"post_tag","embeddable":true,"href":"https:\/\/politicosaldesnudo.com.mx\/index.php\/wp-json\/wp\/v2\/tags?post=81711"}],"curies":[{"name":"wp","href":"https:\/\/api.w.org\/{rel}","templated":true}]}}