{"id":81894,"date":"2026-03-18T21:37:26","date_gmt":"2026-03-19T03:37:26","guid":{"rendered":"https:\/\/politicosaldesnudo.com.mx\/?p=81894"},"modified":"2026-03-22T18:38:43","modified_gmt":"2026-03-23T00:38:43","slug":"expropiacion-petrolera-a-la-veracruzana","status":"publish","type":"post","link":"https:\/\/politicosaldesnudo.com.mx\/index.php\/2026\/03\/18\/expropiacion-petrolera-a-la-veracruzana\/","title":{"rendered":"Expropiaci\u00f3n petrolera a la veracruzana"},"content":{"rendered":"<p style=\"font-weight: 400;\"><em>\u201cLa mayor\u00eda de los hombres no carecen de fuerza, sino de constancia\u201d. \u2013 V\u00edctor Hugo.<\/em><\/p>\n<p style=\"font-weight: 400;\"><strong>La visita de la presidenta Claudia Sheinbaum Pardo a Veracruz, en el marco del Expropiaci\u00f3n Petrolera, no es un acto protocolario m\u00e1s: es un mensaje pol\u00edtico de alto calado, cargado de simbolismo hist\u00f3rico y de definiciones hacia el presente y el futuro energ\u00e9tico del pa\u00eds.<\/strong><\/p>\n<p style=\"font-weight: 400;\"><strong>A 88 a\u00f1os de aquella decisi\u00f3n que marc\u00f3 el rumbo de la soberan\u00eda nacional, el escenario veracruzano cobra especial relevancia por la presencia de la gobernadora Roc\u00edo Nahle Garc\u00eda, figura clave en la narrativa energ\u00e9tica de la llamada Cuarta Transformaci\u00f3n. No se trata de una coincidencia geogr\u00e1fica, sino de una construcci\u00f3n pol\u00edtica que reconoce \u2014de forma impl\u00edcita pero contundente\u2014 el papel que Nahle desempe\u00f1\u00f3 durante el sexenio de Andr\u00e9s Manuel L\u00f3pez Obrador en el rescate del sector energ\u00e9tico.<\/strong><\/p>\n<p style=\"font-weight: 400;\"><strong>En tiempos donde la memoria hist\u00f3rica suele diluirse entre coyunturas medi\u00e1ticas, la conmemoraci\u00f3n de la expropiaci\u00f3n petrolera recobra vigencia al vincularse con acciones concretas. Y ah\u00ed es donde la figura de Nahle se vuelve inevitable. Fue ella quien encabez\u00f3 una de las apuestas m\u00e1s ambiciosas y controvertidas del gobierno anterior: la construcci\u00f3n de la refiner\u00eda Refiner\u00eda Dos Bocas, un proyecto que durante d\u00e9cadas fue promesa incumplida de administraciones pasadas.<\/strong><\/p>\n<p style=\"font-weight: 400;\"><strong>La oposici\u00f3n no ha escatimado cr\u00edticas. Ha intentado posicionar la narrativa de un fracaso energ\u00e9tico, de un retroceso econ\u00f3mico, de una visi\u00f3n anclada en el pasado. Sin embargo, el contexto global \u2014marcado por crisis energ\u00e9ticas, conflictos geopol\u00edticos y volatilidad en los mercados\u2014 ha obligado a replantear la importancia de la autosuficiencia energ\u00e9tica. En ese escenario, M\u00e9xico no luce improvisado, sino precavido.<\/strong><\/p>\n<p style=\"font-weight: 400;\"><strong>La presencia de Sheinbaum en Veracruz tambi\u00e9n env\u00eda se\u00f1ales hacia el interior del movimiento. En pol\u00edtica, los gestos pesan tanto como los discursos. Y este, en particular, apunta a una cercan\u00eda evidente con Roc\u00edo Nahle, a quien se le reconoce no solo capacidad t\u00e9cnica, sino operaci\u00f3n pol\u00edtica y lealtad al proyecto transformador.<\/strong><\/p>\n<p style=\"font-weight: 400;\"><strong>No es menor el momento. Veracruz, hist\u00f3ricamente ligado al desarrollo petrolero, se convierte nuevamente en epicentro de una narrativa nacionalista que la 4T ha sabido capitalizar. La soberan\u00eda energ\u00e9tica vuelve al centro del debate, no como discurso nost\u00e1lgico, sino como estrategia de Estado.<\/strong><\/p>\n<p style=\"font-weight: 400;\"><strong>Frente a la llamada \u201cguerra negra\u201d impulsada desde sectores opositores y amplificada por ciertas plumas cr\u00edticas, la realidad pol\u00edtica parece ir en otra direcci\u00f3n. La visita presidencial no solo legitima el pasado reciente, sino que perfila el futuro inmediato: continuidad, respaldo y consolidaci\u00f3n.<\/strong><\/p>\n<p style=\"font-weight: 400;\"><strong>Porque si algo queda claro en este episodio, es que en la pol\u00edtica mexicana los s\u00edmbolos importan. Y en Veracruz, en esta fecha, el s\u00edmbolo es inequ\u00edvoco: la energ\u00eda no solo mueve al pa\u00eds, tambi\u00e9n define sus alianzas y sus liderazgos.<\/strong><\/p>\n<p style=\"font-weight: 400;\"><strong>\u00a0<\/strong><\/p>\n<p style=\"font-weight: 400;\"><strong>Al tiempo.<\/strong><\/p>\n<p><img data-recalc-dims=\"1\" loading=\"lazy\" decoding=\"async\" class=\"aligncenter size-full wp-image-81886\" src=\"https:\/\/i0.wp.com\/politicosaldesnudo.com.mx\/wp-content\/uploads\/2026\/03\/FIRMA-EDITORIAL-PD-5.jpg?resize=1024%2C125&#038;ssl=1\" alt=\"\" width=\"1024\" height=\"125\" srcset=\"https:\/\/i0.wp.com\/politicosaldesnudo.com.mx\/wp-content\/uploads\/2026\/03\/FIRMA-EDITORIAL-PD-5.jpg?w=1024&amp;ssl=1 1024w, https:\/\/i0.wp.com\/politicosaldesnudo.com.mx\/wp-content\/uploads\/2026\/03\/FIRMA-EDITORIAL-PD-5.jpg?resize=300%2C37&amp;ssl=1 300w, https:\/\/i0.wp.com\/politicosaldesnudo.com.mx\/wp-content\/uploads\/2026\/03\/FIRMA-EDITORIAL-PD-5.jpg?resize=768%2C94&amp;ssl=1 768w\" sizes=\"auto, (max-width: 1000px) 100vw, 1000px\" \/><\/p>\n","protected":false},"excerpt":{"rendered":"<p>\u201cLa mayor\u00eda de los hombres no carecen de fuerza, sino de constancia\u201d. \u2013 V\u00edctor Hugo. La visita de la presidenta [&hellip;]<\/p>\n","protected":false},"author":4,"featured_media":78055,"comment_status":"closed","ping_status":"closed","sticky":false,"template":"","format":"standard","meta":{"site-sidebar-layout":"default","site-content-layout":"","ast-site-content-layout":"default","site-content-style":"default","site-sidebar-style":"default","ast-global-header-display":"","ast-banner-title-visibility":"","ast-main-header-display":"","ast-hfb-above-header-display":"","ast-hfb-below-header-display":"","ast-hfb-mobile-header-display":"","site-post-title":"","ast-breadcrumbs-content":"","ast-featured-img":"","footer-sml-layout":"","ast-disable-related-posts":"","theme-transparent-header-meta":"","adv-header-id-meta":"","stick-header-meta":"","header-above-stick-meta":"","header-main-stick-meta":"","header-below-stick-meta":"","astra-migrate-meta-layouts":"default","ast-page-background-enabled":"default","ast-page-background-meta":{"desktop":{"background-color":"var(--ast-global-color-5)","background-image":"","background-repeat":"repeat","background-position":"center center","background-size":"auto","background-attachment":"scroll","background-type":"","background-media":"","overlay-type":"","overlay-color":"","overlay-opacity":"","overlay-gradient":""},"tablet":{"background-color":"","background-image":"","background-repeat":"repeat","background-position":"center center","background-size":"auto","background-attachment":"scroll","background-type":"","background-media":"","overlay-type":"","overlay-color":"","overlay-opacity":"","overlay-gradient":""},"mobile":{"background-color":"","background-image":"","background-repeat":"repeat","background-position":"center center","background-size":"auto","background-attachment":"scroll","background-type":"","background-media":"","overlay-type":"","overlay-color":"","overlay-opacity":"","overlay-gradient":""}},"ast-content-background-meta":{"desktop":{"background-color":"var(--ast-global-color-4)","background-image":"","background-repeat":"repeat","background-position":"center center","background-size":"auto","background-attachment":"scroll","background-type":"","background-media":"","overlay-type":"","overlay-color":"","overlay-opacity":"","overlay-gradient":""},"tablet":{"background-color":"var(--ast-global-color-4)","background-image":"","background-repeat":"repeat","background-position":"center center","background-size":"auto","background-attachment":"scroll","background-type":"","background-media":"","overlay-type":"","overlay-color":"","overlay-opacity":"","overlay-gradient":""},"mobile":{"background-color":"var(--ast-global-color-4)","background-image":"","background-repeat":"repeat","background-position":"center center","background-size":"auto","background-attachment":"scroll","background-type":"","background-media":"","overlay-type":"","overlay-color":"","overlay-opacity":"","overlay-gradient":""}},"_jetpack_newsletter_access":"","_jetpack_dont_email_post_to_subs":false,"_jetpack_newsletter_tier_id":0,"_jetpack_memberships_contains_paywalled_content":false,"_jetpack_feature_clip_id":0,"_jetpack_memberships_contains_paid_content":false,"footnotes":"","jetpack_publicize_message":"","jetpack_publicize_feature_enabled":true,"jetpack_social_post_already_shared":true,"jetpack_social_options":{"image_generator_settings":{"template":"highway","default_image_id":0,"font":"","enabled":false},"version":2},"jetpack_post_was_ever_published":false},"categories":[26],"tags":[],"class_list":["post-81894","post","type-post","status-publish","format-standard","has-post-thumbnail","hentry","category-columnistas"],"yoast_head":"<!-- This site is optimized with the Yoast SEO plugin v28.3 - https:\/\/yoast.com\/product\/yoast-seo-wordpress\/ -->\n<title>Expropiaci\u00f3n petrolera a la veracruzana - Pol\u00edticos al Desnudo<\/title>\n<meta name=\"robots\" content=\"index, follow, max-snippet:-1, max-image-preview:large, max-video-preview:-1\" \/>\n<link rel=\"canonical\" href=\"https:\/\/politicosaldesnudo.com.mx\/index.php\/2026\/03\/18\/expropiacion-petrolera-a-la-veracruzana\/\" \/>\n<meta property=\"og:locale\" content=\"es_ES\" \/>\n<meta property=\"og:type\" content=\"article\" \/>\n<meta property=\"og:title\" content=\"Expropiaci\u00f3n petrolera a la veracruzana - Pol\u00edticos al Desnudo\" \/>\n<meta property=\"og:description\" content=\"\u201cLa mayor\u00eda de los hombres no carecen de fuerza, sino de constancia\u201d. \u2013 V\u00edctor Hugo. La visita de la presidenta [&hellip;]\" \/>\n<meta property=\"og:url\" content=\"https:\/\/politicosaldesnudo.com.mx\/index.php\/2026\/03\/18\/expropiacion-petrolera-a-la-veracruzana\/\" \/>\n<meta property=\"og:site_name\" content=\"Pol\u00edticos al Desnudo\" \/>\n<meta property=\"article:publisher\" content=\"https:\/\/www.facebook.com\/PoliticosAD\" \/>\n<meta property=\"article:published_time\" content=\"2026-03-19T03:37:26+00:00\" \/>\n<meta property=\"article:modified_time\" content=\"2026-03-23T00:38:43+00:00\" \/>\n<meta property=\"og:image\" content=\"https:\/\/i0.wp.com\/politicosaldesnudo.com.mx\/wp-content\/uploads\/2026\/01\/BANNER-BAQUEIRO.jpg?fit=666%2C371&ssl=1\" \/>\n\t<meta property=\"og:image:width\" content=\"666\" \/>\n\t<meta property=\"og:image:height\" content=\"371\" \/>\n\t<meta property=\"og:image:type\" content=\"image\/jpeg\" \/>\n<meta name=\"author\" content=\"Redacci\u00f3n Pol\u00edticos\" \/>\n<meta name=\"twitter:card\" content=\"summary_large_image\" \/>\n<meta name=\"twitter:label1\" content=\"Escrito por\" \/>\n\t<meta name=\"twitter:data1\" content=\"Redacci\u00f3n Pol\u00edticos\" \/>\n\t<meta name=\"twitter:label2\" content=\"Tiempo de lectura\" \/>\n\t<meta name=\"twitter:data2\" content=\"3 minutos\" \/>\n<script type=\"application\/ld+json\" class=\"yoast-schema-graph\">{\"@context\":\"https:\\\/\\\/schema.org\",\"@graph\":[{\"@type\":\"Article\",\"@id\":\"https:\\\/\\\/politicosaldesnudo.com.mx\\\/index.php\\\/2026\\\/03\\\/18\\\/expropiacion-petrolera-a-la-veracruzana\\\/#article\",\"isPartOf\":{\"@id\":\"https:\\\/\\\/politicosaldesnudo.com.mx\\\/index.php\\\/2026\\\/03\\\/18\\\/expropiacion-petrolera-a-la-veracruzana\\\/\"},\"author\":{\"name\":\"Redacci\u00f3n Pol\u00edticos\",\"@id\":\"https:\\\/\\\/politicosaldesnudo.com.mx\\\/#\\\/schema\\\/person\\\/ef3a64e561cc3f3f5dc52fab81adde7e\"},\"headline\":\"Expropiaci\u00f3n petrolera a la veracruzana\",\"datePublished\":\"2026-03-19T03:37:26+00:00\",\"dateModified\":\"2026-03-23T00:38:43+00:00\",\"mainEntityOfPage\":{\"@id\":\"https:\\\/\\\/politicosaldesnudo.com.mx\\\/index.php\\\/2026\\\/03\\\/18\\\/expropiacion-petrolera-a-la-veracruzana\\\/\"},\"wordCount\":517,\"publisher\":{\"@id\":\"https:\\\/\\\/politicosaldesnudo.com.mx\\\/#organization\"},\"image\":{\"@id\":\"https:\\\/\\\/politicosaldesnudo.com.mx\\\/index.php\\\/2026\\\/03\\\/18\\\/expropiacion-petrolera-a-la-veracruzana\\\/#primaryimage\"},\"thumbnailUrl\":\"https:\\\/\\\/i0.wp.com\\\/politicosaldesnudo.com.mx\\\/wp-content\\\/uploads\\\/2026\\\/01\\\/BANNER-BAQUEIRO.jpg?fit=666%2C371&ssl=1\",\"articleSection\":[\"OPINI\u00d3N\"],\"inLanguage\":\"es\"},{\"@type\":\"WebPage\",\"@id\":\"https:\\\/\\\/politicosaldesnudo.com.mx\\\/index.php\\\/2026\\\/03\\\/18\\\/expropiacion-petrolera-a-la-veracruzana\\\/\",\"url\":\"https:\\\/\\\/politicosaldesnudo.com.mx\\\/index.php\\\/2026\\\/03\\\/18\\\/expropiacion-petrolera-a-la-veracruzana\\\/\",\"name\":\"Expropiaci\u00f3n petrolera a la veracruzana - Pol\u00edticos al Desnudo\",\"isPartOf\":{\"@id\":\"https:\\\/\\\/politicosaldesnudo.com.mx\\\/#website\"},\"primaryImageOfPage\":{\"@id\":\"https:\\\/\\\/politicosaldesnudo.com.mx\\\/index.php\\\/2026\\\/03\\\/18\\\/expropiacion-petrolera-a-la-veracruzana\\\/#primaryimage\"},\"image\":{\"@id\":\"https:\\\/\\\/politicosaldesnudo.com.mx\\\/index.php\\\/2026\\\/03\\\/18\\\/expropiacion-petrolera-a-la-veracruzana\\\/#primaryimage\"},\"thumbnailUrl\":\"https:\\\/\\\/i0.wp.com\\\/politicosaldesnudo.com.mx\\\/wp-content\\\/uploads\\\/2026\\\/01\\\/BANNER-BAQUEIRO.jpg?fit=666%2C371&ssl=1\",\"datePublished\":\"2026-03-19T03:37:26+00:00\",\"dateModified\":\"2026-03-23T00:38:43+00:00\",\"breadcrumb\":{\"@id\":\"https:\\\/\\\/politicosaldesnudo.com.mx\\\/index.php\\\/2026\\\/03\\\/18\\\/expropiacion-petrolera-a-la-veracruzana\\\/#breadcrumb\"},\"inLanguage\":\"es\",\"potentialAction\":[{\"@type\":\"ReadAction\",\"target\":[\"https:\\\/\\\/politicosaldesnudo.com.mx\\\/index.php\\\/2026\\\/03\\\/18\\\/expropiacion-petrolera-a-la-veracruzana\\\/\"]}]},{\"@type\":\"ImageObject\",\"inLanguage\":\"es\",\"@id\":\"https:\\\/\\\/politicosaldesnudo.com.mx\\\/index.php\\\/2026\\\/03\\\/18\\\/expropiacion-petrolera-a-la-veracruzana\\\/#primaryimage\",\"url\":\"https:\\\/\\\/i0.wp.com\\\/politicosaldesnudo.com.mx\\\/wp-content\\\/uploads\\\/2026\\\/01\\\/BANNER-BAQUEIRO.jpg?fit=666%2C371&ssl=1\",\"contentUrl\":\"https:\\\/\\\/i0.wp.com\\\/politicosaldesnudo.com.mx\\\/wp-content\\\/uploads\\\/2026\\\/01\\\/BANNER-BAQUEIRO.jpg?fit=666%2C371&ssl=1\",\"width\":666,\"height\":371},{\"@type\":\"BreadcrumbList\",\"@id\":\"https:\\\/\\\/politicosaldesnudo.com.mx\\\/index.php\\\/2026\\\/03\\\/18\\\/expropiacion-petrolera-a-la-veracruzana\\\/#breadcrumb\",\"itemListElement\":[{\"@type\":\"ListItem\",\"position\":1,\"name\":\"Portada\",\"item\":\"https:\\\/\\\/politicosaldesnudo.com.mx\\\/\"},{\"@type\":\"ListItem\",\"position\":2,\"name\":\"Expropiaci\u00f3n petrolera a la veracruzana\"}]},{\"@type\":\"WebSite\",\"@id\":\"https:\\\/\\\/politicosaldesnudo.com.mx\\\/#website\",\"url\":\"https:\\\/\\\/politicosaldesnudo.com.mx\\\/\",\"name\":\"Pol\u00edticos al Desnudo\",\"description\":\"\",\"publisher\":{\"@id\":\"https:\\\/\\\/politicosaldesnudo.com.mx\\\/#organization\"},\"potentialAction\":[{\"@type\":\"SearchAction\",\"target\":{\"@type\":\"EntryPoint\",\"urlTemplate\":\"https:\\\/\\\/politicosaldesnudo.com.mx\\\/?s={search_term_string}\"},\"query-input\":{\"@type\":\"PropertyValueSpecification\",\"valueRequired\":true,\"valueName\":\"search_term_string\"}}],\"inLanguage\":\"es\"},{\"@type\":\"Organization\",\"@id\":\"https:\\\/\\\/politicosaldesnudo.com.mx\\\/#organization\",\"name\":\"Pol\u00edticos al Desnudo\",\"url\":\"https:\\\/\\\/politicosaldesnudo.com.mx\\\/\",\"logo\":{\"@type\":\"ImageObject\",\"inLanguage\":\"es\",\"@id\":\"https:\\\/\\\/politicosaldesnudo.com.mx\\\/#\\\/schema\\\/logo\\\/image\\\/\",\"url\":\"https:\\\/\\\/i0.wp.com\\\/politicosaldesnudo.com.mx\\\/wp-content\\\/uploads\\\/2026\\\/08\\\/cropped-logo.webp?fit=400%2C126&ssl=1\",\"contentUrl\":\"https:\\\/\\\/i0.wp.com\\\/politicosaldesnudo.com.mx\\\/wp-content\\\/uploads\\\/2026\\\/08\\\/cropped-logo.webp?fit=400%2C126&ssl=1\",\"width\":400,\"height\":126,\"caption\":\"Pol\u00edticos al Desnudo\"},\"image\":{\"@id\":\"https:\\\/\\\/politicosaldesnudo.com.mx\\\/#\\\/schema\\\/logo\\\/image\\\/\"},\"sameAs\":[\"https:\\\/\\\/www.facebook.com\\\/PoliticosAD\"]},{\"@type\":\"Person\",\"@id\":\"https:\\\/\\\/politicosaldesnudo.com.mx\\\/#\\\/schema\\\/person\\\/ef3a64e561cc3f3f5dc52fab81adde7e\",\"name\":\"Redacci\u00f3n Pol\u00edticos\",\"url\":\"https:\\\/\\\/politicosaldesnudo.com.mx\\\/index.php\\\/author\\\/redaccion-politicos\\\/\"}]}<\/script>\n<!-- \/ Yoast SEO plugin. -->","yoast_head_json":{"title":"Expropiaci\u00f3n petrolera a la veracruzana - Pol\u00edticos al Desnudo","robots":{"index":"index","follow":"follow","max-snippet":"max-snippet:-1","max-image-preview":"max-image-preview:large","max-video-preview":"max-video-preview:-1"},"canonical":"https:\/\/politicosaldesnudo.com.mx\/index.php\/2026\/03\/18\/expropiacion-petrolera-a-la-veracruzana\/","og_locale":"es_ES","og_type":"article","og_title":"Expropiaci\u00f3n petrolera a la veracruzana - Pol\u00edticos al Desnudo","og_description":"\u201cLa mayor\u00eda de los hombres no carecen de fuerza, sino de constancia\u201d. \u2013 V\u00edctor Hugo. La visita de la presidenta [&hellip;]","og_url":"https:\/\/politicosaldesnudo.com.mx\/index.php\/2026\/03\/18\/expropiacion-petrolera-a-la-veracruzana\/","og_site_name":"Pol\u00edticos al Desnudo","article_publisher":"https:\/\/www.facebook.com\/PoliticosAD","article_published_time":"2026-03-19T03:37:26+00:00","article_modified_time":"2026-03-23T00:38:43+00:00","og_image":[{"width":666,"height":371,"url":"https:\/\/i0.wp.com\/politicosaldesnudo.com.mx\/wp-content\/uploads\/2026\/01\/BANNER-BAQUEIRO.jpg?fit=666%2C371&ssl=1","type":"image\/jpeg"}],"author":"Redacci\u00f3n Pol\u00edticos","twitter_card":"summary_large_image","twitter_misc":{"Escrito por":"Redacci\u00f3n Pol\u00edticos","Tiempo de lectura":"3 minutos"},"schema":{"@context":"https:\/\/schema.org","@graph":[{"@type":"Article","@id":"https:\/\/politicosaldesnudo.com.mx\/index.php\/2026\/03\/18\/expropiacion-petrolera-a-la-veracruzana\/#article","isPartOf":{"@id":"https:\/\/politicosaldesnudo.com.mx\/index.php\/2026\/03\/18\/expropiacion-petrolera-a-la-veracruzana\/"},"author":{"name":"Redacci\u00f3n Pol\u00edticos","@id":"https:\/\/politicosaldesnudo.com.mx\/#\/schema\/person\/ef3a64e561cc3f3f5dc52fab81adde7e"},"headline":"Expropiaci\u00f3n petrolera a la veracruzana","datePublished":"2026-03-19T03:37:26+00:00","dateModified":"2026-03-23T00:38:43+00:00","mainEntityOfPage":{"@id":"https:\/\/politicosaldesnudo.com.mx\/index.php\/2026\/03\/18\/expropiacion-petrolera-a-la-veracruzana\/"},"wordCount":517,"publisher":{"@id":"https:\/\/politicosaldesnudo.com.mx\/#organization"},"image":{"@id":"https:\/\/politicosaldesnudo.com.mx\/index.php\/2026\/03\/18\/expropiacion-petrolera-a-la-veracruzana\/#primaryimage"},"thumbnailUrl":"https:\/\/i0.wp.com\/politicosaldesnudo.com.mx\/wp-content\/uploads\/2026\/01\/BANNER-BAQUEIRO.jpg?fit=666%2C371&ssl=1","articleSection":["OPINI\u00d3N"],"inLanguage":"es"},{"@type":"WebPage","@id":"https:\/\/politicosaldesnudo.com.mx\/index.php\/2026\/03\/18\/expropiacion-petrolera-a-la-veracruzana\/","url":"https:\/\/politicosaldesnudo.com.mx\/index.php\/2026\/03\/18\/expropiacion-petrolera-a-la-veracruzana\/","name":"Expropiaci\u00f3n petrolera a la veracruzana - Pol\u00edticos al Desnudo","isPartOf":{"@id":"https:\/\/politicosaldesnudo.com.mx\/#website"},"primaryImageOfPage":{"@id":"https:\/\/politicosaldesnudo.com.mx\/index.php\/2026\/03\/18\/expropiacion-petrolera-a-la-veracruzana\/#primaryimage"},"image":{"@id":"https:\/\/politicosaldesnudo.com.mx\/index.php\/2026\/03\/18\/expropiacion-petrolera-a-la-veracruzana\/#primaryimage"},"thumbnailUrl":"https:\/\/i0.wp.com\/politicosaldesnudo.com.mx\/wp-content\/uploads\/2026\/01\/BANNER-BAQUEIRO.jpg?fit=666%2C371&ssl=1","datePublished":"2026-03-19T03:37:26+00:00","dateModified":"2026-03-23T00:38:43+00:00","breadcrumb":{"@id":"https:\/\/politicosaldesnudo.com.mx\/index.php\/2026\/03\/18\/expropiacion-petrolera-a-la-veracruzana\/#breadcrumb"},"inLanguage":"es","potentialAction":[{"@type":"ReadAction","target":["https:\/\/politicosaldesnudo.com.mx\/index.php\/2026\/03\/18\/expropiacion-petrolera-a-la-veracruzana\/"]}]},{"@type":"ImageObject","inLanguage":"es","@id":"https:\/\/politicosaldesnudo.com.mx\/index.php\/2026\/03\/18\/expropiacion-petrolera-a-la-veracruzana\/#primaryimage","url":"https:\/\/i0.wp.com\/politicosaldesnudo.com.mx\/wp-content\/uploads\/2026\/01\/BANNER-BAQUEIRO.jpg?fit=666%2C371&ssl=1","contentUrl":"https:\/\/i0.wp.com\/politicosaldesnudo.com.mx\/wp-content\/uploads\/2026\/01\/BANNER-BAQUEIRO.jpg?fit=666%2C371&ssl=1","width":666,"height":371},{"@type":"BreadcrumbList","@id":"https:\/\/politicosaldesnudo.com.mx\/index.php\/2026\/03\/18\/expropiacion-petrolera-a-la-veracruzana\/#breadcrumb","itemListElement":[{"@type":"ListItem","position":1,"name":"Portada","item":"https:\/\/politicosaldesnudo.com.mx\/"},{"@type":"ListItem","position":2,"name":"Expropiaci\u00f3n petrolera a la veracruzana"}]},{"@type":"WebSite","@id":"https:\/\/politicosaldesnudo.com.mx\/#website","url":"https:\/\/politicosaldesnudo.com.mx\/","name":"Pol\u00edticos al Desnudo","description":"","publisher":{"@id":"https:\/\/politicosaldesnudo.com.mx\/#organization"},"potentialAction":[{"@type":"SearchAction","target":{"@type":"EntryPoint","urlTemplate":"https:\/\/politicosaldesnudo.com.mx\/?s={search_term_string}"},"query-input":{"@type":"PropertyValueSpecification","valueRequired":true,"valueName":"search_term_string"}}],"inLanguage":"es"},{"@type":"Organization","@id":"https:\/\/politicosaldesnudo.com.mx\/#organization","name":"Pol\u00edticos al Desnudo","url":"https:\/\/politicosaldesnudo.com.mx\/","logo":{"@type":"ImageObject","inLanguage":"es","@id":"https:\/\/politicosaldesnudo.com.mx\/#\/schema\/logo\/image\/","url":"https:\/\/i0.wp.com\/politicosaldesnudo.com.mx\/wp-content\/uploads\/2026\/08\/cropped-logo.webp?fit=400%2C126&ssl=1","contentUrl":"https:\/\/i0.wp.com\/politicosaldesnudo.com.mx\/wp-content\/uploads\/2026\/08\/cropped-logo.webp?fit=400%2C126&ssl=1","width":400,"height":126,"caption":"Pol\u00edticos al Desnudo"},"image":{"@id":"https:\/\/politicosaldesnudo.com.mx\/#\/schema\/logo\/image\/"},"sameAs":["https:\/\/www.facebook.com\/PoliticosAD"]},{"@type":"Person","@id":"https:\/\/politicosaldesnudo.com.mx\/#\/schema\/person\/ef3a64e561cc3f3f5dc52fab81adde7e","name":"Redacci\u00f3n Pol\u00edticos","url":"https:\/\/politicosaldesnudo.com.mx\/index.php\/author\/redaccion-politicos\/"}]}},"jetpack_publicize_connections":[],"jetpack-related-posts":[{"id":87944,"url":"https:\/\/politicosaldesnudo.com.mx\/index.php\/2026\/08\/21\/muere-atanasio-garcia-duran-historico-referente-de-la-izquierda-veracruzana\/","url_meta":{"origin":81894,"position":0},"title":"Muere Atanasio Garc\u00eda Dur\u00e1n, hist\u00f3rico referente de la izquierda veracruzana","author":"Redacci\u00f3n Pol\u00edticos","date":"21 de agosto de 2026","format":false,"excerpt":"El maestro, acad\u00e9mico y exdiputado local Atanasio Garc\u00eda Dur\u00e1n falleci\u00f3 la noche del jueves 20 de agosto, a los 83 a\u00f1os. Adem\u00e1s de su amplia trayectoria en la educaci\u00f3n y la pol\u00edtica de Veracruz, fue padre del exgobernador Cuitl\u00e1huac Garc\u00eda Jim\u00e9nez. Garc\u00eda Dur\u00e1n permanec\u00eda hospitalizado desde principios de agosto debido\u2026","rel":"","context":"En \u00abESTADOS\u00bb","block_context":{"text":"ESTADOS","link":"https:\/\/politicosaldesnudo.com.mx\/index.php\/category\/estados\/"},"img":{"alt_text":"","src":"https:\/\/i0.wp.com\/politicosaldesnudo.com.mx\/wp-content\/uploads\/2026\/08\/fallecio-atanasio-garcia-padre-del-ex-gobernador-de-veracruz-cuitlahuac-garcia_93a1df84-098a-43c7-adf2-51d88e2d2666_media.webp?fit=1200%2C848&ssl=1&resize=350%2C200","width":350,"height":200,"srcset":"https:\/\/i0.wp.com\/politicosaldesnudo.com.mx\/wp-content\/uploads\/2026\/08\/fallecio-atanasio-garcia-padre-del-ex-gobernador-de-veracruz-cuitlahuac-garcia_93a1df84-098a-43c7-adf2-51d88e2d2666_media.webp?fit=1200%2C848&ssl=1&resize=350%2C200 1x, https:\/\/i0.wp.com\/politicosaldesnudo.com.mx\/wp-content\/uploads\/2026\/08\/fallecio-atanasio-garcia-padre-del-ex-gobernador-de-veracruz-cuitlahuac-garcia_93a1df84-098a-43c7-adf2-51d88e2d2666_media.webp?fit=1200%2C848&ssl=1&resize=525%2C300 1.5x, https:\/\/i0.wp.com\/politicosaldesnudo.com.mx\/wp-content\/uploads\/2026\/08\/fallecio-atanasio-garcia-padre-del-ex-gobernador-de-veracruz-cuitlahuac-garcia_93a1df84-098a-43c7-adf2-51d88e2d2666_media.webp?fit=1200%2C848&ssl=1&resize=700%2C400 2x, https:\/\/i0.wp.com\/politicosaldesnudo.com.mx\/wp-content\/uploads\/2026\/08\/fallecio-atanasio-garcia-padre-del-ex-gobernador-de-veracruz-cuitlahuac-garcia_93a1df84-098a-43c7-adf2-51d88e2d2666_media.webp?fit=1200%2C848&ssl=1&resize=1050%2C600 3x"},"classes":[]},{"id":88112,"url":"https:\/\/politicosaldesnudo.com.mx\/index.php\/2026\/08\/27\/veracruz-los-numeros-que-incomodan-a-la-oposicion\/","url_meta":{"origin":81894,"position":1},"title":"Veracruz: los n\u00fameros que incomodan a la oposici\u00f3n","author":"Redacci\u00f3n Pol\u00edticos","date":"27 de agosto de 2026","format":false,"excerpt":"Astrolabio Pol\u00edtico Por: Luis Ram\u00edrez Baqueiro \u201cEl genio comienza las grandes obras, pero s\u00f3lo el trabajo las acaba\u201d. \u2013 Joseph Joubert. Hay cifras que deber\u00edan obligar a cualquier oposici\u00f3n seria a replantear su discurso. No porque los n\u00fameros oficiales sean inmunes al an\u00e1lisis o porque todo indicador positivo deba convertirse\u2026","rel":"","context":"En \u00abOPINI\u00d3N\u00bb","block_context":{"text":"OPINI\u00d3N","link":"https:\/\/politicosaldesnudo.com.mx\/index.php\/category\/columnistas\/"},"img":{"alt_text":"","src":"https:\/\/i0.wp.com\/politicosaldesnudo.com.mx\/wp-content\/uploads\/2026\/08\/BAQUE-2708.png?fit=1200%2C658&ssl=1&resize=350%2C200","width":350,"height":200,"srcset":"https:\/\/i0.wp.com\/politicosaldesnudo.com.mx\/wp-content\/uploads\/2026\/08\/BAQUE-2708.png?fit=1200%2C658&ssl=1&resize=350%2C200 1x, https:\/\/i0.wp.com\/politicosaldesnudo.com.mx\/wp-content\/uploads\/2026\/08\/BAQUE-2708.png?fit=1200%2C658&ssl=1&resize=525%2C300 1.5x, https:\/\/i0.wp.com\/politicosaldesnudo.com.mx\/wp-content\/uploads\/2026\/08\/BAQUE-2708.png?fit=1200%2C658&ssl=1&resize=700%2C400 2x, https:\/\/i0.wp.com\/politicosaldesnudo.com.mx\/wp-content\/uploads\/2026\/08\/BAQUE-2708.png?fit=1200%2C658&ssl=1&resize=1050%2C600 3x"},"classes":[]},{"id":52020,"url":"https:\/\/politicosaldesnudo.com.mx\/index.php\/2024\/12\/10\/cambios-en-el-ivea\/","url_meta":{"origin":81894,"position":2},"title":"Cambios en el IVEA","author":"Redacci\u00f3n Pol\u00edticos","date":"10 de diciembre de 2024","format":false,"excerpt":"A partir de este lunes, Bibiano Herrera ser\u00e1 el nuevo Coordinador de Zona del Instituto Veracruzano de Educaci\u00f3n para los Adultos, IVEA, en sustituci\u00f3n de Yeni Elizabeth D\u00edaz Quevedo, de acuerdo a la rotaci\u00f3n de personal y cambios propuestos por el nuevo gobierno. El nuevo coordinador, se desempe\u00f1aba como T\u00e9cnico\u2026","rel":"","context":"En \u00abTUXPAN\u00bb","block_context":{"text":"TUXPAN","link":"https:\/\/politicosaldesnudo.com.mx\/index.php\/category\/tuxpan\/"},"img":{"alt_text":"","src":"https:\/\/i0.wp.com\/politicosaldesnudo.com.mx\/wp-content\/uploads\/2024\/12\/6b-1.jpg?fit=1200%2C900&ssl=1&resize=350%2C200","width":350,"height":200,"srcset":"https:\/\/i0.wp.com\/politicosaldesnudo.com.mx\/wp-content\/uploads\/2024\/12\/6b-1.jpg?fit=1200%2C900&ssl=1&resize=350%2C200 1x, https:\/\/i0.wp.com\/politicosaldesnudo.com.mx\/wp-content\/uploads\/2024\/12\/6b-1.jpg?fit=1200%2C900&ssl=1&resize=525%2C300 1.5x, https:\/\/i0.wp.com\/politicosaldesnudo.com.mx\/wp-content\/uploads\/2024\/12\/6b-1.jpg?fit=1200%2C900&ssl=1&resize=700%2C400 2x, https:\/\/i0.wp.com\/politicosaldesnudo.com.mx\/wp-content\/uploads\/2024\/12\/6b-1.jpg?fit=1200%2C900&ssl=1&resize=1050%2C600 3x"},"classes":[]},{"id":88045,"url":"https:\/\/politicosaldesnudo.com.mx\/index.php\/2026\/08\/24\/veracruz-reduce-casi-5-mil-millones-de-pesos-de-su-deuda-bancaria\/","url_meta":{"origin":81894,"position":3},"title":"Veracruz reduce casi 5 mil millones de pesos de su deuda bancaria","author":"Redacci\u00f3n Pol\u00edticos","date":"24 de agosto de 2026","format":false,"excerpt":"Xalapa, Ver.- El saldo de los cr\u00e9ditos bancarios contratados por el Gobierno de Veracruz se ubica actualmente en alrededor de 43 mil millones de pesos, despu\u00e9s de que la administraci\u00f3n estatal destinara cerca de 5 mil millones al pago de estos compromisos, inform\u00f3 la gobernadora Roc\u00edo Nahle Garc\u00eda. Al presentar\u2026","rel":"","context":"En \u00abESTADOS\u00bb","block_context":{"text":"ESTADOS","link":"https:\/\/politicosaldesnudo.com.mx\/index.php\/category\/estados\/"},"img":{"alt_text":"","src":"https:\/\/i0.wp.com\/politicosaldesnudo.com.mx\/wp-content\/uploads\/2026\/08\/nahle-1.png?fit=985%2C533&ssl=1&resize=350%2C200","width":350,"height":200,"srcset":"https:\/\/i0.wp.com\/politicosaldesnudo.com.mx\/wp-content\/uploads\/2026\/08\/nahle-1.png?fit=985%2C533&ssl=1&resize=350%2C200 1x, https:\/\/i0.wp.com\/politicosaldesnudo.com.mx\/wp-content\/uploads\/2026\/08\/nahle-1.png?fit=985%2C533&ssl=1&resize=525%2C300 1.5x, https:\/\/i0.wp.com\/politicosaldesnudo.com.mx\/wp-content\/uploads\/2026\/08\/nahle-1.png?fit=985%2C533&ssl=1&resize=700%2C400 2x"},"classes":[]},{"id":88064,"url":"https:\/\/politicosaldesnudo.com.mx\/index.php\/2026\/08\/26\/rocio-nahle-la-ofensiva-de-la-insinuacion\/","url_meta":{"origin":81894,"position":4},"title":"Roc\u00edo Nahle: la ofensiva de la insinuaci\u00f3n","author":"Redacci\u00f3n Pol\u00edticos","date":"26 de agosto de 2026","format":false,"excerpt":"Astrolabio Pol\u00edtico Por: Luis Ram\u00edrez Baqueiro \u201cPerseverar en el cumplimiento de su deber y guardar silencio es la mejor respuesta a la calumnia\u201d. \u2013 George Washington. En pol\u00edtica, las casualidades existen, pero tambi\u00e9n las campa\u00f1as construidas mediante la repetici\u00f3n. Cuando distintas publicaciones recuperan simult\u00e1neamente acusaciones, versiones familiares, supuestas reuniones clandestinas\u2026","rel":"","context":"En \u00abOPINI\u00d3N\u00bb","block_context":{"text":"OPINI\u00d3N","link":"https:\/\/politicosaldesnudo.com.mx\/index.php\/category\/columnistas\/"},"img":{"alt_text":"","src":"https:\/\/i0.wp.com\/politicosaldesnudo.com.mx\/wp-content\/uploads\/2026\/08\/ASTRO-2608.png?fit=1200%2C659&ssl=1&resize=350%2C200","width":350,"height":200,"srcset":"https:\/\/i0.wp.com\/politicosaldesnudo.com.mx\/wp-content\/uploads\/2026\/08\/ASTRO-2608.png?fit=1200%2C659&ssl=1&resize=350%2C200 1x, https:\/\/i0.wp.com\/politicosaldesnudo.com.mx\/wp-content\/uploads\/2026\/08\/ASTRO-2608.png?fit=1200%2C659&ssl=1&resize=525%2C300 1.5x, https:\/\/i0.wp.com\/politicosaldesnudo.com.mx\/wp-content\/uploads\/2026\/08\/ASTRO-2608.png?fit=1200%2C659&ssl=1&resize=700%2C400 2x, https:\/\/i0.wp.com\/politicosaldesnudo.com.mx\/wp-content\/uploads\/2026\/08\/ASTRO-2608.png?fit=1200%2C659&ssl=1&resize=1050%2C600 3x"},"classes":[]},{"id":87704,"url":"https:\/\/politicosaldesnudo.com.mx\/index.php\/2026\/08\/12\/nahle-busca-evitar-cierre-del-ingenio-san-pedro-y-abre-la-puerta-a-nuevos-inversionistas\/","url_meta":{"origin":81894,"position":5},"title":"Nahle busca evitar cierre del ingenio San Pedro y abre la puerta a nuevos inversionistas","author":"Redacci\u00f3n Pol\u00edticos","date":"12 de agosto de 2026","format":false,"excerpt":"La gobernadora de Veracruz advirti\u00f3 que el cierre del ingenio San Pedro afectar\u00eda a m\u00e1s de cinco mil familias de la regi\u00f3n y plante\u00f3 que, si Grupo Porres no contin\u00faa con la operaci\u00f3n, otro empresario podr\u00eda hacerse cargo de la factor\u00eda. La gobernadora Roc\u00edo Nahle Garc\u00eda asegur\u00f3 que su administraci\u00f3n\u2026","rel":"","context":"En \u00abESTADOS\u00bb","block_context":{"text":"ESTADOS","link":"https:\/\/politicosaldesnudo.com.mx\/index.php\/category\/estados\/"},"img":{"alt_text":"","src":"https:\/\/i0.wp.com\/politicosaldesnudo.com.mx\/wp-content\/uploads\/2026\/08\/773671695_1639927627495572_4477977375799244898_n.jpg?fit=1200%2C800&ssl=1&resize=350%2C200","width":350,"height":200,"srcset":"https:\/\/i0.wp.com\/politicosaldesnudo.com.mx\/wp-content\/uploads\/2026\/08\/773671695_1639927627495572_4477977375799244898_n.jpg?fit=1200%2C800&ssl=1&resize=350%2C200 1x, https:\/\/i0.wp.com\/politicosaldesnudo.com.mx\/wp-content\/uploads\/2026\/08\/773671695_1639927627495572_4477977375799244898_n.jpg?fit=1200%2C800&ssl=1&resize=525%2C300 1.5x, https:\/\/i0.wp.com\/politicosaldesnudo.com.mx\/wp-content\/uploads\/2026\/08\/773671695_1639927627495572_4477977375799244898_n.jpg?fit=1200%2C800&ssl=1&resize=700%2C400 2x, https:\/\/i0.wp.com\/politicosaldesnudo.com.mx\/wp-content\/uploads\/2026\/08\/773671695_1639927627495572_4477977375799244898_n.jpg?fit=1200%2C800&ssl=1&resize=1050%2C600 3x"},"classes":[]}],"jetpack_sharing_enabled":true,"jetpack_featured_media_url":"https:\/\/i0.wp.com\/politicosaldesnudo.com.mx\/wp-content\/uploads\/2026\/01\/BANNER-BAQUEIRO.jpg?fit=666%2C371&ssl=1","_links":{"self":[{"href":"https:\/\/politicosaldesnudo.com.mx\/index.php\/wp-json\/wp\/v2\/posts\/81894","targetHints":{"allow":["GET"]}}],"collection":[{"href":"https:\/\/politicosaldesnudo.com.mx\/index.php\/wp-json\/wp\/v2\/posts"}],"about":[{"href":"https:\/\/politicosaldesnudo.com.mx\/index.php\/wp-json\/wp\/v2\/types\/post"}],"author":[{"embeddable":true,"href":"https:\/\/politicosaldesnudo.com.mx\/index.php\/wp-json\/wp\/v2\/users\/4"}],"replies":[{"embeddable":true,"href":"https:\/\/politicosaldesnudo.com.mx\/index.php\/wp-json\/wp\/v2\/comments?post=81894"}],"version-history":[{"count":0,"href":"https:\/\/politicosaldesnudo.com.mx\/index.php\/wp-json\/wp\/v2\/posts\/81894\/revisions"}],"wp:featuredmedia":[{"embeddable":true,"href":"https:\/\/politicosaldesnudo.com.mx\/index.php\/wp-json\/wp\/v2\/media\/78055"}],"wp:attachment":[{"href":"https:\/\/politicosaldesnudo.com.mx\/index.php\/wp-json\/wp\/v2\/media?parent=81894"}],"wp:term":[{"taxonomy":"category","embeddable":true,"href":"https:\/\/politicosaldesnudo.com.mx\/index.php\/wp-json\/wp\/v2\/categories?post=81894"},{"taxonomy":"post_tag","embeddable":true,"href":"https:\/\/politicosaldesnudo.com.mx\/index.php\/wp-json\/wp\/v2\/tags?post=81894"}],"curies":[{"name":"wp","href":"https:\/\/api.w.org\/{rel}","templated":true}]}}