{"id":81947,"date":"2026-03-23T00:16:50","date_gmt":"2026-03-23T06:16:50","guid":{"rendered":"https:\/\/politicosaldesnudo.com.mx\/?p=81947"},"modified":"2026-03-22T22:27:15","modified_gmt":"2026-03-23T04:27:15","slug":"texcoco-mas-de-70-mil-visitantes-y-300-mil-aves-en-el-parque-ecologico-que-nacio-del-naim-cancelado","status":"publish","type":"post","link":"https:\/\/politicosaldesnudo.com.mx\/index.php\/2026\/03\/23\/texcoco-mas-de-70-mil-visitantes-y-300-mil-aves-en-el-parque-ecologico-que-nacio-del-naim-cancelado\/","title":{"rendered":"Texcoco: m\u00e1s de 70 mil visitantes y 300 mil aves en el parque ecol\u00f3gico que naci\u00f3 del NAIM cancelado"},"content":{"rendered":"<p class=\"nota-justify\">El Parque Ecol\u00f3gico Lago de Texcoco (PELT) en los \u00faltimos meses se ha comenzado a consolidar como una verdadera alternativa de un sitio de recreaci\u00f3n, deportiva y medio ambiental para miles de personas, registrando m\u00e1s de 70 mil visitantes cautivos, y que es el hogar de una vasta biodiversidad dando h\u00e1bitat a m\u00e1s de 250 mil aves migratorias y 100 mil que viven de forma permanente; adem\u00e1s de 250 especies de flora, 370 de fauna y 10 especies de hongos y musgos.<\/p>\n<p class=\"nota-justify\">De las 14 mil hect\u00e1reas que conforman el \u00c1rea Natural Protegida (ANP), que incluye el PELT, en la \u00faltima temporada de lluvia alcanz\u00f3 un r\u00e9cord al alcanzar m\u00e1s de 4 mil 500 hect\u00e1reas inundadas, y actualmente, en el inicio de la presente temporada de sequ\u00eda, se ha logrado consolidar m\u00e1s de 2 mil 200 con espejos de agua.<\/p>\n<p class=\"nota-justify\">Vannesa Boh\u00f3rquez, coordinadora del PELT, se\u00f1al\u00f3 que a partir de enero del presente a\u00f1o se tiene la apertura de las puertas del parque de forma permanente lo que ha permitido que el flujo se constante de personas a las actividades como las deportivas y que hacen uso de la infraestructura que hay en 267 hect\u00e1reas como gimnasio, skate park, pista de patinaje, \u00e1rea para parkour y brincolines; canchas de f\u00fatbol, futbol americano, b\u00e1squetbol, b\u00e9isbol, front\u00f3n y hockey, as\u00ed como \u00e1reas para ciclismo y juegos de mesa, puentes colgantes, laberintos y 18 miradores.<\/p>\n<p class=\"nota-justify\">Se\u00f1al\u00f3 que el PELT representa un oasis para quienes realizan deporte pues se ha dado cabida a miles de personas en actividades como la Olimpiada de Telebachillerato, los paseos de bicicleta, trote y carreras de atletismo, preparaci\u00f3n de atletas de alto rendimiento en ciclismo, actividades recreativas para ni\u00f1os como concursos de papalote, cl\u00ednica de b\u00e1squetbol con grandes figuras como Eduardo N\u00e1jera, Nataly Guti\u00e9rrez y Horacio Llamas con la asistencia de m\u00e1s de 300 ni\u00f1os y la preparaci\u00f3n del selectivo nacional de paraciclismo y duatl\u00f3n.<\/p>\n<p class=\"nota-justify\">Adem\u00e1s, pr\u00f3ximamente se albergar\u00e1 la final de Futsal femenil, el Street futbol de calle, una carrera de ciclismo, la carrera atl\u00e9tica de 5 y 10 kil\u00f3metros y caminatas de 3; y otras actividades de futbol que tienen que ver con el Mundial de Futbol 2026.<\/p>\n<p class=\"nota-justify\">Este domingo, la directora del PELT ofreci\u00f3 un recorrido a los medios; primero en el Lago Nabor Carrillo, que representa la mayor zona con concentraci\u00f3n de agua con 18 millones de metros c\u00fabicos; despu\u00e9s mostr\u00f3 el \u00e1rea donde iba ser la torre de control del cancelado Nuevo Aeropuerto Internacional de M\u00e9xico (NAIM) y donde al inicio de esta sequ\u00eda luce su entorno sin agua debido a la evaporaci\u00f3n y absorci\u00f3n de los mantos acu\u00edferos.<\/p>\n<p class=\"nota-justify\">\u201cLa cancelaci\u00f3n del NAIM es al decisi\u00f3n m\u00e1s inteligente pol\u00edtica que pudo hacer en la historia porque es la garant\u00eda de nuestro futuro porque iba cambiar el rumbo de m\u00e1s de 300 mil especies de aves y flora y las afectaciones y modificaciones a las comunidades aleda\u00f1as, adem\u00e1s que desaparec\u00edan los vasos reguladores y concentraciones h\u00eddricas\u201d.<\/p>\n<p class=\"nota-justify\">\u201cEl haber parado el proyecto es vital para comprender que no hay dinero que alcance cuando tu tienes que estar inyectando cemento siempre en un espacio para que puedas tener condiciones a\u00e9reas, es importante\u201d, dijo.<\/p>\n","protected":false},"excerpt":{"rendered":"<p>El Parque Ecol\u00f3gico Lago de Texcoco (PELT) en los \u00faltimos meses se ha comenzado a consolidar como una verdadera alternativa [&hellip;]<\/p>\n","protected":false},"author":4,"featured_media":81948,"comment_status":"closed","ping_status":"closed","sticky":false,"template":"","format":"standard","meta":{"site-sidebar-layout":"default","site-content-layout":"","ast-site-content-layout":"default","site-content-style":"default","site-sidebar-style":"default","ast-global-header-display":"","ast-banner-title-visibility":"","ast-main-header-display":"","ast-hfb-above-header-display":"","ast-hfb-below-header-display":"","ast-hfb-mobile-header-display":"","site-post-title":"","ast-breadcrumbs-content":"","ast-featured-img":"","footer-sml-layout":"","ast-disable-related-posts":"","theme-transparent-header-meta":"","adv-header-id-meta":"","stick-header-meta":"","header-above-stick-meta":"","header-main-stick-meta":"","header-below-stick-meta":"","astra-migrate-meta-layouts":"default","ast-page-background-enabled":"default","ast-page-background-meta":{"desktop":{"background-color":"var(--ast-global-color-5)","background-image":"","background-repeat":"repeat","background-position":"center center","background-size":"auto","background-attachment":"scroll","background-type":"","background-media":"","overlay-type":"","overlay-color":"","overlay-opacity":"","overlay-gradient":""},"tablet":{"background-color":"","background-image":"","background-repeat":"repeat","background-position":"center center","background-size":"auto","background-attachment":"scroll","background-type":"","background-media":"","overlay-type":"","overlay-color":"","overlay-opacity":"","overlay-gradient":""},"mobile":{"background-color":"","background-image":"","background-repeat":"repeat","background-position":"center center","background-size":"auto","background-attachment":"scroll","background-type":"","background-media":"","overlay-type":"","overlay-color":"","overlay-opacity":"","overlay-gradient":""}},"ast-content-background-meta":{"desktop":{"background-color":"var(--ast-global-color-4)","background-image":"","background-repeat":"repeat","background-position":"center center","background-size":"auto","background-attachment":"scroll","background-type":"","background-media":"","overlay-type":"","overlay-color":"","overlay-opacity":"","overlay-gradient":""},"tablet":{"background-color":"var(--ast-global-color-4)","background-image":"","background-repeat":"repeat","background-position":"center center","background-size":"auto","background-attachment":"scroll","background-type":"","background-media":"","overlay-type":"","overlay-color":"","overlay-opacity":"","overlay-gradient":""},"mobile":{"background-color":"var(--ast-global-color-4)","background-image":"","background-repeat":"repeat","background-position":"center center","background-size":"auto","background-attachment":"scroll","background-type":"","background-media":"","overlay-type":"","overlay-color":"","overlay-opacity":"","overlay-gradient":""}},"_jetpack_newsletter_access":"","_jetpack_dont_email_post_to_subs":false,"_jetpack_newsletter_tier_id":0,"_jetpack_memberships_contains_paywalled_content":false,"_jetpack_feature_clip_id":0,"_jetpack_memberships_contains_paid_content":false,"footnotes":"","jetpack_publicize_message":"","jetpack_publicize_feature_enabled":true,"jetpack_social_post_already_shared":true,"jetpack_social_options":{"image_generator_settings":{"template":"highway","default_image_id":0,"font":"","enabled":false},"version":2},"jetpack_post_was_ever_published":false},"categories":[30],"tags":[],"class_list":["post-81947","post","type-post","status-publish","format-standard","has-post-thumbnail","hentry","category-estados"],"yoast_head":"<!-- This site is optimized with the Yoast SEO plugin v28.3 - https:\/\/yoast.com\/product\/yoast-seo-wordpress\/ -->\n<title>Texcoco: m\u00e1s de 70 mil visitantes y 300 mil aves en el parque ecol\u00f3gico que naci\u00f3 del NAIM cancelado - Pol\u00edticos al Desnudo<\/title>\n<meta name=\"robots\" content=\"index, follow, max-snippet:-1, max-image-preview:large, max-video-preview:-1\" \/>\n<link rel=\"canonical\" href=\"https:\/\/politicosaldesnudo.com.mx\/index.php\/2026\/03\/23\/texcoco-mas-de-70-mil-visitantes-y-300-mil-aves-en-el-parque-ecologico-que-nacio-del-naim-cancelado\/\" \/>\n<meta property=\"og:locale\" content=\"es_ES\" \/>\n<meta property=\"og:type\" content=\"article\" \/>\n<meta property=\"og:title\" content=\"Texcoco: m\u00e1s de 70 mil visitantes y 300 mil aves en el parque ecol\u00f3gico que naci\u00f3 del NAIM cancelado - Pol\u00edticos al Desnudo\" \/>\n<meta property=\"og:description\" content=\"El Parque Ecol\u00f3gico Lago de Texcoco (PELT) en los \u00faltimos meses se ha comenzado a consolidar como una verdadera alternativa [&hellip;]\" \/>\n<meta property=\"og:url\" content=\"https:\/\/politicosaldesnudo.com.mx\/index.php\/2026\/03\/23\/texcoco-mas-de-70-mil-visitantes-y-300-mil-aves-en-el-parque-ecologico-que-nacio-del-naim-cancelado\/\" \/>\n<meta property=\"og:site_name\" content=\"Pol\u00edticos al Desnudo\" \/>\n<meta property=\"article:publisher\" content=\"https:\/\/www.facebook.com\/PoliticosAD\" \/>\n<meta property=\"article:published_time\" content=\"2026-03-23T06:16:50+00:00\" \/>\n<meta property=\"og:image\" content=\"https:\/\/i0.wp.com\/politicosaldesnudo.com.mx\/wp-content\/uploads\/2026\/03\/TEX.jpg?fit=1200%2C741&ssl=1\" \/>\n\t<meta property=\"og:image:width\" content=\"1200\" \/>\n\t<meta property=\"og:image:height\" content=\"741\" \/>\n\t<meta property=\"og:image:type\" content=\"image\/jpeg\" \/>\n<meta name=\"author\" content=\"Redacci\u00f3n Pol\u00edticos\" \/>\n<meta name=\"twitter:card\" content=\"summary_large_image\" \/>\n<meta name=\"twitter:label1\" content=\"Escrito por\" \/>\n\t<meta name=\"twitter:data1\" content=\"Redacci\u00f3n Pol\u00edticos\" \/>\n\t<meta name=\"twitter:label2\" content=\"Tiempo de lectura\" \/>\n\t<meta name=\"twitter:data2\" content=\"3 minutos\" \/>\n<script type=\"application\/ld+json\" class=\"yoast-schema-graph\">{\"@context\":\"https:\\\/\\\/schema.org\",\"@graph\":[{\"@type\":\"Article\",\"@id\":\"https:\\\/\\\/politicosaldesnudo.com.mx\\\/index.php\\\/2026\\\/03\\\/23\\\/texcoco-mas-de-70-mil-visitantes-y-300-mil-aves-en-el-parque-ecologico-que-nacio-del-naim-cancelado\\\/#article\",\"isPartOf\":{\"@id\":\"https:\\\/\\\/politicosaldesnudo.com.mx\\\/index.php\\\/2026\\\/03\\\/23\\\/texcoco-mas-de-70-mil-visitantes-y-300-mil-aves-en-el-parque-ecologico-que-nacio-del-naim-cancelado\\\/\"},\"author\":{\"name\":\"Redacci\u00f3n Pol\u00edticos\",\"@id\":\"https:\\\/\\\/politicosaldesnudo.com.mx\\\/#\\\/schema\\\/person\\\/ef3a64e561cc3f3f5dc52fab81adde7e\"},\"headline\":\"Texcoco: m\u00e1s de 70 mil visitantes y 300 mil aves en el parque ecol\u00f3gico que naci\u00f3 del NAIM cancelado\",\"datePublished\":\"2026-03-23T06:16:50+00:00\",\"mainEntityOfPage\":{\"@id\":\"https:\\\/\\\/politicosaldesnudo.com.mx\\\/index.php\\\/2026\\\/03\\\/23\\\/texcoco-mas-de-70-mil-visitantes-y-300-mil-aves-en-el-parque-ecologico-que-nacio-del-naim-cancelado\\\/\"},\"wordCount\":579,\"publisher\":{\"@id\":\"https:\\\/\\\/politicosaldesnudo.com.mx\\\/#organization\"},\"image\":{\"@id\":\"https:\\\/\\\/politicosaldesnudo.com.mx\\\/index.php\\\/2026\\\/03\\\/23\\\/texcoco-mas-de-70-mil-visitantes-y-300-mil-aves-en-el-parque-ecologico-que-nacio-del-naim-cancelado\\\/#primaryimage\"},\"thumbnailUrl\":\"https:\\\/\\\/i0.wp.com\\\/politicosaldesnudo.com.mx\\\/wp-content\\\/uploads\\\/2026\\\/03\\\/TEX.jpg?fit=1200%2C741&ssl=1\",\"articleSection\":[\"ESTADOS\"],\"inLanguage\":\"es\"},{\"@type\":\"WebPage\",\"@id\":\"https:\\\/\\\/politicosaldesnudo.com.mx\\\/index.php\\\/2026\\\/03\\\/23\\\/texcoco-mas-de-70-mil-visitantes-y-300-mil-aves-en-el-parque-ecologico-que-nacio-del-naim-cancelado\\\/\",\"url\":\"https:\\\/\\\/politicosaldesnudo.com.mx\\\/index.php\\\/2026\\\/03\\\/23\\\/texcoco-mas-de-70-mil-visitantes-y-300-mil-aves-en-el-parque-ecologico-que-nacio-del-naim-cancelado\\\/\",\"name\":\"Texcoco: m\u00e1s de 70 mil visitantes y 300 mil aves en el parque ecol\u00f3gico que naci\u00f3 del NAIM cancelado - Pol\u00edticos al Desnudo\",\"isPartOf\":{\"@id\":\"https:\\\/\\\/politicosaldesnudo.com.mx\\\/#website\"},\"primaryImageOfPage\":{\"@id\":\"https:\\\/\\\/politicosaldesnudo.com.mx\\\/index.php\\\/2026\\\/03\\\/23\\\/texcoco-mas-de-70-mil-visitantes-y-300-mil-aves-en-el-parque-ecologico-que-nacio-del-naim-cancelado\\\/#primaryimage\"},\"image\":{\"@id\":\"https:\\\/\\\/politicosaldesnudo.com.mx\\\/index.php\\\/2026\\\/03\\\/23\\\/texcoco-mas-de-70-mil-visitantes-y-300-mil-aves-en-el-parque-ecologico-que-nacio-del-naim-cancelado\\\/#primaryimage\"},\"thumbnailUrl\":\"https:\\\/\\\/i0.wp.com\\\/politicosaldesnudo.com.mx\\\/wp-content\\\/uploads\\\/2026\\\/03\\\/TEX.jpg?fit=1200%2C741&ssl=1\",\"datePublished\":\"2026-03-23T06:16:50+00:00\",\"breadcrumb\":{\"@id\":\"https:\\\/\\\/politicosaldesnudo.com.mx\\\/index.php\\\/2026\\\/03\\\/23\\\/texcoco-mas-de-70-mil-visitantes-y-300-mil-aves-en-el-parque-ecologico-que-nacio-del-naim-cancelado\\\/#breadcrumb\"},\"inLanguage\":\"es\",\"potentialAction\":[{\"@type\":\"ReadAction\",\"target\":[\"https:\\\/\\\/politicosaldesnudo.com.mx\\\/index.php\\\/2026\\\/03\\\/23\\\/texcoco-mas-de-70-mil-visitantes-y-300-mil-aves-en-el-parque-ecologico-que-nacio-del-naim-cancelado\\\/\"]}]},{\"@type\":\"ImageObject\",\"inLanguage\":\"es\",\"@id\":\"https:\\\/\\\/politicosaldesnudo.com.mx\\\/index.php\\\/2026\\\/03\\\/23\\\/texcoco-mas-de-70-mil-visitantes-y-300-mil-aves-en-el-parque-ecologico-que-nacio-del-naim-cancelado\\\/#primaryimage\",\"url\":\"https:\\\/\\\/i0.wp.com\\\/politicosaldesnudo.com.mx\\\/wp-content\\\/uploads\\\/2026\\\/03\\\/TEX.jpg?fit=1200%2C741&ssl=1\",\"contentUrl\":\"https:\\\/\\\/i0.wp.com\\\/politicosaldesnudo.com.mx\\\/wp-content\\\/uploads\\\/2026\\\/03\\\/TEX.jpg?fit=1200%2C741&ssl=1\",\"width\":1200,\"height\":741},{\"@type\":\"BreadcrumbList\",\"@id\":\"https:\\\/\\\/politicosaldesnudo.com.mx\\\/index.php\\\/2026\\\/03\\\/23\\\/texcoco-mas-de-70-mil-visitantes-y-300-mil-aves-en-el-parque-ecologico-que-nacio-del-naim-cancelado\\\/#breadcrumb\",\"itemListElement\":[{\"@type\":\"ListItem\",\"position\":1,\"name\":\"Portada\",\"item\":\"https:\\\/\\\/politicosaldesnudo.com.mx\\\/\"},{\"@type\":\"ListItem\",\"position\":2,\"name\":\"Texcoco: m\u00e1s de 70 mil visitantes y 300 mil aves en el parque ecol\u00f3gico que naci\u00f3 del NAIM cancelado\"}]},{\"@type\":\"WebSite\",\"@id\":\"https:\\\/\\\/politicosaldesnudo.com.mx\\\/#website\",\"url\":\"https:\\\/\\\/politicosaldesnudo.com.mx\\\/\",\"name\":\"Pol\u00edticos al Desnudo\",\"description\":\"\",\"publisher\":{\"@id\":\"https:\\\/\\\/politicosaldesnudo.com.mx\\\/#organization\"},\"potentialAction\":[{\"@type\":\"SearchAction\",\"target\":{\"@type\":\"EntryPoint\",\"urlTemplate\":\"https:\\\/\\\/politicosaldesnudo.com.mx\\\/?s={search_term_string}\"},\"query-input\":{\"@type\":\"PropertyValueSpecification\",\"valueRequired\":true,\"valueName\":\"search_term_string\"}}],\"inLanguage\":\"es\"},{\"@type\":\"Organization\",\"@id\":\"https:\\\/\\\/politicosaldesnudo.com.mx\\\/#organization\",\"name\":\"Pol\u00edticos al Desnudo\",\"url\":\"https:\\\/\\\/politicosaldesnudo.com.mx\\\/\",\"logo\":{\"@type\":\"ImageObject\",\"inLanguage\":\"es\",\"@id\":\"https:\\\/\\\/politicosaldesnudo.com.mx\\\/#\\\/schema\\\/logo\\\/image\\\/\",\"url\":\"https:\\\/\\\/i0.wp.com\\\/politicosaldesnudo.com.mx\\\/wp-content\\\/uploads\\\/2026\\\/08\\\/cropped-logo.webp?fit=400%2C126&ssl=1\",\"contentUrl\":\"https:\\\/\\\/i0.wp.com\\\/politicosaldesnudo.com.mx\\\/wp-content\\\/uploads\\\/2026\\\/08\\\/cropped-logo.webp?fit=400%2C126&ssl=1\",\"width\":400,\"height\":126,\"caption\":\"Pol\u00edticos al Desnudo\"},\"image\":{\"@id\":\"https:\\\/\\\/politicosaldesnudo.com.mx\\\/#\\\/schema\\\/logo\\\/image\\\/\"},\"sameAs\":[\"https:\\\/\\\/www.facebook.com\\\/PoliticosAD\"]},{\"@type\":\"Person\",\"@id\":\"https:\\\/\\\/politicosaldesnudo.com.mx\\\/#\\\/schema\\\/person\\\/ef3a64e561cc3f3f5dc52fab81adde7e\",\"name\":\"Redacci\u00f3n Pol\u00edticos\",\"url\":\"https:\\\/\\\/politicosaldesnudo.com.mx\\\/index.php\\\/author\\\/redaccion-politicos\\\/\"}]}<\/script>\n<!-- \/ Yoast SEO plugin. -->","yoast_head_json":{"title":"Texcoco: m\u00e1s de 70 mil visitantes y 300 mil aves en el parque ecol\u00f3gico que naci\u00f3 del NAIM cancelado - Pol\u00edticos al Desnudo","robots":{"index":"index","follow":"follow","max-snippet":"max-snippet:-1","max-image-preview":"max-image-preview:large","max-video-preview":"max-video-preview:-1"},"canonical":"https:\/\/politicosaldesnudo.com.mx\/index.php\/2026\/03\/23\/texcoco-mas-de-70-mil-visitantes-y-300-mil-aves-en-el-parque-ecologico-que-nacio-del-naim-cancelado\/","og_locale":"es_ES","og_type":"article","og_title":"Texcoco: m\u00e1s de 70 mil visitantes y 300 mil aves en el parque ecol\u00f3gico que naci\u00f3 del NAIM cancelado - Pol\u00edticos al Desnudo","og_description":"El Parque Ecol\u00f3gico Lago de Texcoco (PELT) en los \u00faltimos meses se ha comenzado a consolidar como una verdadera alternativa [&hellip;]","og_url":"https:\/\/politicosaldesnudo.com.mx\/index.php\/2026\/03\/23\/texcoco-mas-de-70-mil-visitantes-y-300-mil-aves-en-el-parque-ecologico-que-nacio-del-naim-cancelado\/","og_site_name":"Pol\u00edticos al Desnudo","article_publisher":"https:\/\/www.facebook.com\/PoliticosAD","article_published_time":"2026-03-23T06:16:50+00:00","og_image":[{"width":1200,"height":741,"url":"https:\/\/i0.wp.com\/politicosaldesnudo.com.mx\/wp-content\/uploads\/2026\/03\/TEX.jpg?fit=1200%2C741&ssl=1","type":"image\/jpeg"}],"author":"Redacci\u00f3n Pol\u00edticos","twitter_card":"summary_large_image","twitter_misc":{"Escrito por":"Redacci\u00f3n Pol\u00edticos","Tiempo de lectura":"3 minutos"},"schema":{"@context":"https:\/\/schema.org","@graph":[{"@type":"Article","@id":"https:\/\/politicosaldesnudo.com.mx\/index.php\/2026\/03\/23\/texcoco-mas-de-70-mil-visitantes-y-300-mil-aves-en-el-parque-ecologico-que-nacio-del-naim-cancelado\/#article","isPartOf":{"@id":"https:\/\/politicosaldesnudo.com.mx\/index.php\/2026\/03\/23\/texcoco-mas-de-70-mil-visitantes-y-300-mil-aves-en-el-parque-ecologico-que-nacio-del-naim-cancelado\/"},"author":{"name":"Redacci\u00f3n Pol\u00edticos","@id":"https:\/\/politicosaldesnudo.com.mx\/#\/schema\/person\/ef3a64e561cc3f3f5dc52fab81adde7e"},"headline":"Texcoco: m\u00e1s de 70 mil visitantes y 300 mil aves en el parque ecol\u00f3gico que naci\u00f3 del NAIM cancelado","datePublished":"2026-03-23T06:16:50+00:00","mainEntityOfPage":{"@id":"https:\/\/politicosaldesnudo.com.mx\/index.php\/2026\/03\/23\/texcoco-mas-de-70-mil-visitantes-y-300-mil-aves-en-el-parque-ecologico-que-nacio-del-naim-cancelado\/"},"wordCount":579,"publisher":{"@id":"https:\/\/politicosaldesnudo.com.mx\/#organization"},"image":{"@id":"https:\/\/politicosaldesnudo.com.mx\/index.php\/2026\/03\/23\/texcoco-mas-de-70-mil-visitantes-y-300-mil-aves-en-el-parque-ecologico-que-nacio-del-naim-cancelado\/#primaryimage"},"thumbnailUrl":"https:\/\/i0.wp.com\/politicosaldesnudo.com.mx\/wp-content\/uploads\/2026\/03\/TEX.jpg?fit=1200%2C741&ssl=1","articleSection":["ESTADOS"],"inLanguage":"es"},{"@type":"WebPage","@id":"https:\/\/politicosaldesnudo.com.mx\/index.php\/2026\/03\/23\/texcoco-mas-de-70-mil-visitantes-y-300-mil-aves-en-el-parque-ecologico-que-nacio-del-naim-cancelado\/","url":"https:\/\/politicosaldesnudo.com.mx\/index.php\/2026\/03\/23\/texcoco-mas-de-70-mil-visitantes-y-300-mil-aves-en-el-parque-ecologico-que-nacio-del-naim-cancelado\/","name":"Texcoco: m\u00e1s de 70 mil visitantes y 300 mil aves en el parque ecol\u00f3gico que naci\u00f3 del NAIM cancelado - Pol\u00edticos al Desnudo","isPartOf":{"@id":"https:\/\/politicosaldesnudo.com.mx\/#website"},"primaryImageOfPage":{"@id":"https:\/\/politicosaldesnudo.com.mx\/index.php\/2026\/03\/23\/texcoco-mas-de-70-mil-visitantes-y-300-mil-aves-en-el-parque-ecologico-que-nacio-del-naim-cancelado\/#primaryimage"},"image":{"@id":"https:\/\/politicosaldesnudo.com.mx\/index.php\/2026\/03\/23\/texcoco-mas-de-70-mil-visitantes-y-300-mil-aves-en-el-parque-ecologico-que-nacio-del-naim-cancelado\/#primaryimage"},"thumbnailUrl":"https:\/\/i0.wp.com\/politicosaldesnudo.com.mx\/wp-content\/uploads\/2026\/03\/TEX.jpg?fit=1200%2C741&ssl=1","datePublished":"2026-03-23T06:16:50+00:00","breadcrumb":{"@id":"https:\/\/politicosaldesnudo.com.mx\/index.php\/2026\/03\/23\/texcoco-mas-de-70-mil-visitantes-y-300-mil-aves-en-el-parque-ecologico-que-nacio-del-naim-cancelado\/#breadcrumb"},"inLanguage":"es","potentialAction":[{"@type":"ReadAction","target":["https:\/\/politicosaldesnudo.com.mx\/index.php\/2026\/03\/23\/texcoco-mas-de-70-mil-visitantes-y-300-mil-aves-en-el-parque-ecologico-que-nacio-del-naim-cancelado\/"]}]},{"@type":"ImageObject","inLanguage":"es","@id":"https:\/\/politicosaldesnudo.com.mx\/index.php\/2026\/03\/23\/texcoco-mas-de-70-mil-visitantes-y-300-mil-aves-en-el-parque-ecologico-que-nacio-del-naim-cancelado\/#primaryimage","url":"https:\/\/i0.wp.com\/politicosaldesnudo.com.mx\/wp-content\/uploads\/2026\/03\/TEX.jpg?fit=1200%2C741&ssl=1","contentUrl":"https:\/\/i0.wp.com\/politicosaldesnudo.com.mx\/wp-content\/uploads\/2026\/03\/TEX.jpg?fit=1200%2C741&ssl=1","width":1200,"height":741},{"@type":"BreadcrumbList","@id":"https:\/\/politicosaldesnudo.com.mx\/index.php\/2026\/03\/23\/texcoco-mas-de-70-mil-visitantes-y-300-mil-aves-en-el-parque-ecologico-que-nacio-del-naim-cancelado\/#breadcrumb","itemListElement":[{"@type":"ListItem","position":1,"name":"Portada","item":"https:\/\/politicosaldesnudo.com.mx\/"},{"@type":"ListItem","position":2,"name":"Texcoco: m\u00e1s de 70 mil visitantes y 300 mil aves en el parque ecol\u00f3gico que naci\u00f3 del NAIM cancelado"}]},{"@type":"WebSite","@id":"https:\/\/politicosaldesnudo.com.mx\/#website","url":"https:\/\/politicosaldesnudo.com.mx\/","name":"Pol\u00edticos al Desnudo","description":"","publisher":{"@id":"https:\/\/politicosaldesnudo.com.mx\/#organization"},"potentialAction":[{"@type":"SearchAction","target":{"@type":"EntryPoint","urlTemplate":"https:\/\/politicosaldesnudo.com.mx\/?s={search_term_string}"},"query-input":{"@type":"PropertyValueSpecification","valueRequired":true,"valueName":"search_term_string"}}],"inLanguage":"es"},{"@type":"Organization","@id":"https:\/\/politicosaldesnudo.com.mx\/#organization","name":"Pol\u00edticos al Desnudo","url":"https:\/\/politicosaldesnudo.com.mx\/","logo":{"@type":"ImageObject","inLanguage":"es","@id":"https:\/\/politicosaldesnudo.com.mx\/#\/schema\/logo\/image\/","url":"https:\/\/i0.wp.com\/politicosaldesnudo.com.mx\/wp-content\/uploads\/2026\/08\/cropped-logo.webp?fit=400%2C126&ssl=1","contentUrl":"https:\/\/i0.wp.com\/politicosaldesnudo.com.mx\/wp-content\/uploads\/2026\/08\/cropped-logo.webp?fit=400%2C126&ssl=1","width":400,"height":126,"caption":"Pol\u00edticos al Desnudo"},"image":{"@id":"https:\/\/politicosaldesnudo.com.mx\/#\/schema\/logo\/image\/"},"sameAs":["https:\/\/www.facebook.com\/PoliticosAD"]},{"@type":"Person","@id":"https:\/\/politicosaldesnudo.com.mx\/#\/schema\/person\/ef3a64e561cc3f3f5dc52fab81adde7e","name":"Redacci\u00f3n Pol\u00edticos","url":"https:\/\/politicosaldesnudo.com.mx\/index.php\/author\/redaccion-politicos\/"}]}},"jetpack_publicize_connections":[],"jetpack-related-posts":[{"id":87138,"url":"https:\/\/politicosaldesnudo.com.mx\/index.php\/2026\/07\/23\/walmart-mexico-reporta-caida-del-0-7-en-ganancias-durante-segundo-trimestre-del-2026\/","url_meta":{"origin":81947,"position":0},"title":"Walmart-M\u00e9xico reporta ca\u00edda del 0.7% en ganancias durante segundo trimestre del 2026","author":"Redacci\u00f3n Pol\u00edticos","date":"23 de julio de 2026","format":false,"excerpt":"Walmart de M\u00e9xico (Walmex) report\u00f3 una ca\u00edda del 0.7 por ciento en su ganancia neta durante el segundo trimestre del a\u00f1o, donde alcanz\u00f3 los 11 mil 152 millones de pesos en comparaci\u00f3n de los 11 mil 227 millones de pesos del mismo periodo en 2025. Las ventas en M\u00e9xico aumentaron\u2026","rel":"","context":"En \u00abECONOM\u00cdA\u00bb","block_context":{"text":"ECONOM\u00cdA","link":"https:\/\/politicosaldesnudo.com.mx\/index.php\/category\/economia\/"},"img":{"alt_text":"","src":"https:\/\/i0.wp.com\/politicosaldesnudo.com.mx\/wp-content\/uploads\/2026\/07\/WALA.webp?fit=1200%2C804&ssl=1&resize=350%2C200","width":350,"height":200,"srcset":"https:\/\/i0.wp.com\/politicosaldesnudo.com.mx\/wp-content\/uploads\/2026\/07\/WALA.webp?fit=1200%2C804&ssl=1&resize=350%2C200 1x, https:\/\/i0.wp.com\/politicosaldesnudo.com.mx\/wp-content\/uploads\/2026\/07\/WALA.webp?fit=1200%2C804&ssl=1&resize=525%2C300 1.5x, https:\/\/i0.wp.com\/politicosaldesnudo.com.mx\/wp-content\/uploads\/2026\/07\/WALA.webp?fit=1200%2C804&ssl=1&resize=700%2C400 2x, https:\/\/i0.wp.com\/politicosaldesnudo.com.mx\/wp-content\/uploads\/2026\/07\/WALA.webp?fit=1200%2C804&ssl=1&resize=1050%2C600 3x"},"classes":[]},{"id":87947,"url":"https:\/\/politicosaldesnudo.com.mx\/index.php\/2026\/08\/21\/colombia-enfrenta-una-emergencia-humanitaria-terremoto-deja-329-muertos\/","url_meta":{"origin":81947,"position":1},"title":"Colombia enfrenta una emergencia humanitaria: terremoto deja 329 muertos","author":"Redacci\u00f3n Pol\u00edticos","date":"21 de agosto de 2026","format":false,"excerpt":"El balance del terremoto que sacudi\u00f3 Colombia el pasado 10 de agosto contin\u00faa aumentando. Las autoridades reportan hasta el momento 329 personas fallecidas, 4 mil 600 heridas y 247 cuyo paradero todav\u00eda se desconoce. La Unidad Nacional para la Gesti\u00f3n del Riesgo de Desastres (UNGRD) inform\u00f3 que los equipos de\u2026","rel":"","context":"En \u00abINTERNACIONAL\u00bb","block_context":{"text":"INTERNACIONAL","link":"https:\/\/politicosaldesnudo.com.mx\/index.php\/category\/internacional\/"},"img":{"alt_text":"","src":"https:\/\/politicosaldesnudo.com.mx\/wp-content\/uploads\/2026\/08\/1786387782658-snapshot-1920x1080-1.avif","width":350,"height":200,"srcset":"https:\/\/politicosaldesnudo.com.mx\/wp-content\/uploads\/2026\/08\/1786387782658-snapshot-1920x1080-1.avif 1x, https:\/\/politicosaldesnudo.com.mx\/wp-content\/uploads\/2026\/08\/1786387782658-snapshot-1920x1080-1.avif 1.5x, https:\/\/politicosaldesnudo.com.mx\/wp-content\/uploads\/2026\/08\/1786387782658-snapshot-1920x1080-1.avif 2x, https:\/\/politicosaldesnudo.com.mx\/wp-content\/uploads\/2026\/08\/1786387782658-snapshot-1920x1080-1.avif 3x"},"classes":[]},{"id":87005,"url":"https:\/\/politicosaldesnudo.com.mx\/index.php\/2026\/07\/20\/vacaciones-de-verano-dejaran-una-derrama-economica-a-mexico-por-883-mil-mdp\/","url_meta":{"origin":81947,"position":2},"title":"Vacaciones de verano dejar\u00e1n una derrama econ\u00f3mica a M\u00e9xico por 883 mil mdp","author":"Redacci\u00f3n Pol\u00edticos","date":"20 de julio de 2026","format":false,"excerpt":"M\u00e9xico recibir\u00e1 a m\u00e1s de 22 millones 400 mil turistas este verano, mismos que impulsar\u00e1n una derrama econ\u00f3mica de 883 mil millones de pesos. Este monto representa un crecimiento de 6.5 por ciento en comparaci\u00f3n con el mismo lapso de 2025, seg\u00fan datos oficiales y del sector privado. La Sectur\u2026","rel":"","context":"En \u00abECONOM\u00cdA\u00bb","block_context":{"text":"ECONOM\u00cdA","link":"https:\/\/politicosaldesnudo.com.mx\/index.php\/category\/economia\/"},"img":{"alt_text":"","src":"https:\/\/i0.wp.com\/politicosaldesnudo.com.mx\/wp-content\/uploads\/2026\/07\/GNDJWVNHRKDHOYFJ3PET7PYJTI.jpg?fit=1181%2C788&ssl=1&resize=350%2C200","width":350,"height":200,"srcset":"https:\/\/i0.wp.com\/politicosaldesnudo.com.mx\/wp-content\/uploads\/2026\/07\/GNDJWVNHRKDHOYFJ3PET7PYJTI.jpg?fit=1181%2C788&ssl=1&resize=350%2C200 1x, https:\/\/i0.wp.com\/politicosaldesnudo.com.mx\/wp-content\/uploads\/2026\/07\/GNDJWVNHRKDHOYFJ3PET7PYJTI.jpg?fit=1181%2C788&ssl=1&resize=525%2C300 1.5x, https:\/\/i0.wp.com\/politicosaldesnudo.com.mx\/wp-content\/uploads\/2026\/07\/GNDJWVNHRKDHOYFJ3PET7PYJTI.jpg?fit=1181%2C788&ssl=1&resize=700%2C400 2x, https:\/\/i0.wp.com\/politicosaldesnudo.com.mx\/wp-content\/uploads\/2026\/07\/GNDJWVNHRKDHOYFJ3PET7PYJTI.jpg?fit=1181%2C788&ssl=1&resize=1050%2C600 3x"},"classes":[]},{"id":72843,"url":"https:\/\/politicosaldesnudo.com.mx\/index.php\/2025\/10\/15\/senado-extingue-fideicomiso-y-devuelve-mil-50-millones-de-pesos-a-la-federacion\/","url_meta":{"origin":81947,"position":3},"title":"Senado extingue fideicomiso y devuelve mil 50 millones de pesos a la Federaci\u00f3n","author":"Redacci\u00f3n Pol\u00edticos","date":"15 de octubre de 2025","format":false,"excerpt":"El Senado de la Rep\u00fablica acord\u00f3 extinguir el fideicomiso creado hace 31 a\u00f1os para la construcci\u00f3n y equipamiento de su sede de Reforma e Insurgentes y devolver\u00e1 los m\u00e1s de mil millones de pesos que contiene a la Tesorer\u00eda de la Federaci\u00f3n. La presidenta del Senado, Laura Itzel Castillo, ratific\u00f3\u2026","rel":"","context":"En \u00abNACIONAL\u00bb","block_context":{"text":"NACIONAL","link":"https:\/\/politicosaldesnudo.com.mx\/index.php\/category\/nacional\/"},"img":{"alt_text":"","src":"https:\/\/i0.wp.com\/politicosaldesnudo.com.mx\/wp-content\/uploads\/2025\/10\/RATY.jpg?fit=770%2C514&ssl=1&resize=350%2C200","width":350,"height":200,"srcset":"https:\/\/i0.wp.com\/politicosaldesnudo.com.mx\/wp-content\/uploads\/2025\/10\/RATY.jpg?fit=770%2C514&ssl=1&resize=350%2C200 1x, https:\/\/i0.wp.com\/politicosaldesnudo.com.mx\/wp-content\/uploads\/2025\/10\/RATY.jpg?fit=770%2C514&ssl=1&resize=525%2C300 1.5x, https:\/\/i0.wp.com\/politicosaldesnudo.com.mx\/wp-content\/uploads\/2025\/10\/RATY.jpg?fit=770%2C514&ssl=1&resize=700%2C400 2x"},"classes":[]},{"id":88137,"url":"https:\/\/politicosaldesnudo.com.mx\/index.php\/2026\/08\/28\/trump-sella-megacuerdo-con-venezuela-estados-unidos-controlara-65-mil-millones-de-barriles-de-petroleo\/","url_meta":{"origin":81947,"position":4},"title":"Trump sella megacuerdo con Venezuela: Estados Unidos controlar\u00e1 65 mil millones de barriles de petr\u00f3leo","author":"Redacci\u00f3n Pol\u00edticos","date":"28 de agosto de 2026","format":false,"excerpt":"Estados Unidos tendr\u00e1 participaci\u00f3n mayoritaria sobre una parte estrat\u00e9gica de las reservas petroleras de Venezuela, luego de que el presidente Donald Trump anunciara un acuerdo que calific\u00f3 como el m\u00e1s grande alcanzado en la historia de la industria energ\u00e9tica. El convenio contempla que Washington obtenga el control operativo de m\u00e1s\u2026","rel":"","context":"En \u00abINTERNACIONAL\u00bb","block_context":{"text":"INTERNACIONAL","link":"https:\/\/politicosaldesnudo.com.mx\/index.php\/category\/internacional\/"},"img":{"alt_text":"","src":"https:\/\/i0.wp.com\/politicosaldesnudo.com.mx\/wp-content\/uploads\/2026\/08\/TRUNP.jpg?fit=640%2C427&ssl=1&resize=350%2C200","width":350,"height":200,"srcset":"https:\/\/i0.wp.com\/politicosaldesnudo.com.mx\/wp-content\/uploads\/2026\/08\/TRUNP.jpg?fit=640%2C427&ssl=1&resize=350%2C200 1x, https:\/\/i0.wp.com\/politicosaldesnudo.com.mx\/wp-content\/uploads\/2026\/08\/TRUNP.jpg?fit=640%2C427&ssl=1&resize=525%2C300 1.5x"},"classes":[]},{"id":11896,"url":"https:\/\/politicosaldesnudo.com.mx\/index.php\/2022\/10\/27\/formula-1-gran-premio-de-mexico-garantizado-hasta-2025-derrama-economica-para-la-cdmx-de-15-mmdp\/","url_meta":{"origin":81947,"position":5},"title":"F\u00f3rmula 1: Gran Premio de M\u00e9xico garantizado hasta 2025","author":"Redacci\u00f3n Pol\u00edticos","date":"27 de octubre de 2022","format":false,"excerpt":"\u00a0 CIUDAD DE M\u00c9XICO. El Gran Premio de M\u00e9xico permanecer\u00e1 en el calendario del Campeonato Mundial de F\u00f3rmula 1 hasta la temporada 2025, seg\u00fan anunci\u00f3 el promotor de la F\u00f3rmula 1 previo a la disputa de la competencia este fin de semana. La Jefa de Gobierno de la Ciudad de\u2026","rel":"","context":"En \u00abESTADOS\u00bb","block_context":{"text":"ESTADOS","link":"https:\/\/politicosaldesnudo.com.mx\/index.php\/category\/estados\/"},"img":{"alt_text":"","src":"https:\/\/i0.wp.com\/politicosaldesnudo.com.mx\/wp-content\/uploads\/2022\/10\/P-GRAN-PREMIO-DE-ME%CC%81XICO-1.png?fit=1200%2C671&ssl=1&resize=350%2C200","width":350,"height":200,"srcset":"https:\/\/i0.wp.com\/politicosaldesnudo.com.mx\/wp-content\/uploads\/2022\/10\/P-GRAN-PREMIO-DE-ME%CC%81XICO-1.png?fit=1200%2C671&ssl=1&resize=350%2C200 1x, https:\/\/i0.wp.com\/politicosaldesnudo.com.mx\/wp-content\/uploads\/2022\/10\/P-GRAN-PREMIO-DE-ME%CC%81XICO-1.png?fit=1200%2C671&ssl=1&resize=525%2C300 1.5x, https:\/\/i0.wp.com\/politicosaldesnudo.com.mx\/wp-content\/uploads\/2022\/10\/P-GRAN-PREMIO-DE-ME%CC%81XICO-1.png?fit=1200%2C671&ssl=1&resize=700%2C400 2x, https:\/\/i0.wp.com\/politicosaldesnudo.com.mx\/wp-content\/uploads\/2022\/10\/P-GRAN-PREMIO-DE-ME%CC%81XICO-1.png?fit=1200%2C671&ssl=1&resize=1050%2C600 3x"},"classes":[]}],"jetpack_sharing_enabled":true,"jetpack_featured_media_url":"https:\/\/i0.wp.com\/politicosaldesnudo.com.mx\/wp-content\/uploads\/2026\/03\/TEX.jpg?fit=1200%2C741&ssl=1","_links":{"self":[{"href":"https:\/\/politicosaldesnudo.com.mx\/index.php\/wp-json\/wp\/v2\/posts\/81947","targetHints":{"allow":["GET"]}}],"collection":[{"href":"https:\/\/politicosaldesnudo.com.mx\/index.php\/wp-json\/wp\/v2\/posts"}],"about":[{"href":"https:\/\/politicosaldesnudo.com.mx\/index.php\/wp-json\/wp\/v2\/types\/post"}],"author":[{"embeddable":true,"href":"https:\/\/politicosaldesnudo.com.mx\/index.php\/wp-json\/wp\/v2\/users\/4"}],"replies":[{"embeddable":true,"href":"https:\/\/politicosaldesnudo.com.mx\/index.php\/wp-json\/wp\/v2\/comments?post=81947"}],"version-history":[{"count":0,"href":"https:\/\/politicosaldesnudo.com.mx\/index.php\/wp-json\/wp\/v2\/posts\/81947\/revisions"}],"wp:featuredmedia":[{"embeddable":true,"href":"https:\/\/politicosaldesnudo.com.mx\/index.php\/wp-json\/wp\/v2\/media\/81948"}],"wp:attachment":[{"href":"https:\/\/politicosaldesnudo.com.mx\/index.php\/wp-json\/wp\/v2\/media?parent=81947"}],"wp:term":[{"taxonomy":"category","embeddable":true,"href":"https:\/\/politicosaldesnudo.com.mx\/index.php\/wp-json\/wp\/v2\/categories?post=81947"},{"taxonomy":"post_tag","embeddable":true,"href":"https:\/\/politicosaldesnudo.com.mx\/index.php\/wp-json\/wp\/v2\/tags?post=81947"}],"curies":[{"name":"wp","href":"https:\/\/api.w.org\/{rel}","templated":true}]}}