{"id":82000,"date":"2026-03-24T00:06:35","date_gmt":"2026-03-24T06:06:35","guid":{"rendered":"https:\/\/politicosaldesnudo.com.mx\/?p=82000"},"modified":"2026-03-23T17:43:41","modified_gmt":"2026-03-23T23:43:41","slug":"sre-suspende-a-consul-honorario-de-filipinas-en-guadalajara-por-presuntos-nexos-con-el-cjng","status":"publish","type":"post","link":"https:\/\/politicosaldesnudo.com.mx\/index.php\/2026\/03\/24\/sre-suspende-a-consul-honorario-de-filipinas-en-guadalajara-por-presuntos-nexos-con-el-cjng\/","title":{"rendered":"SRE suspende a c\u00f3nsul honorario de Filipinas en Guadalajara por presuntos nexos con el &#8216;CJNG&#8217;"},"content":{"rendered":"<p>La Secretar\u00eda de Relaciones Exteriores (SRE) cancel\u00f3 la autorizaci\u00f3n de Mart\u00edn Camarena de Obeso, como c\u00f3nsul honorario de Filipinas en Guadalajara, quien estar\u00eda ligado al c\u00e1rtel Jalisco<i>\u00a0Nueva Generaci\u00f3n (CJNG).<\/i><\/p>\n<p>Esta determinaci\u00f3n se dio a conocer en la edici\u00f3n de este lunes del Diario Oficial de la Federaci\u00f3n. La medida, se tom\u00f3 desde el pasado 2 de marzo.<\/p>\n<p>\u201cPor acuerdo del ciudadano secretario de Relaciones Exteriores (Juan Ram\u00f3n de la Fuente) se dan por terminadas las funciones que\u00a0ven\u00eda ejerciendo el se\u00f1or Mart\u00edn Camarena de Obeso, quien estuvo adscrito como c\u00f3nsul honorario de la\u00a0Rep\u00fablica de Filipinas en la ciudad de Guadalajara, con circunscripci\u00f3n consular en los estados de Baja\u00a0California, Baja California Sur, Colima, Jalisco, Nayarit, Sinaloa y Sonora, con fecha del 2 de marzo de 2026 se dispuso la cancelaci\u00f3n de la autorizaci\u00f3n definitiva n\u00famero Uno\u201d, se se\u00f1al\u00f3 en el texto del DOF.<\/p>\n<p>El ex c\u00f3nsul \u00a0es socio de la empresa Ornitorrinco Inmobiliaria, que en d\u00edas pasados fue sancionada por la Oficina de Control de Activos Extranjeros (OFAC) del Departamento del Tesoro de Estados Unidos, que acus\u00f3 que forma \u00a0parte de un esquema fraudulento vinculado al\u00a0<i>CJNG.<\/i><\/p>\n<p>Camarena de Obeso estaba en en ese encargo desde \u00a0el 27 de febrero de 2002, durante el gobierno de Vicente Fox, y fue ratificado en el cargo el a\u00f1o pasado.<\/p>\n","protected":false},"excerpt":{"rendered":"<p>La Secretar\u00eda de Relaciones Exteriores (SRE) cancel\u00f3 la autorizaci\u00f3n de Mart\u00edn Camarena de Obeso, como c\u00f3nsul honorario de Filipinas en [&hellip;]<\/p>\n","protected":false},"author":4,"featured_media":82001,"comment_status":"closed","ping_status":"closed","sticky":false,"template":"","format":"standard","meta":{"site-sidebar-layout":"default","site-content-layout":"","ast-site-content-layout":"default","site-content-style":"default","site-sidebar-style":"default","ast-global-header-display":"","ast-banner-title-visibility":"","ast-main-header-display":"","ast-hfb-above-header-display":"","ast-hfb-below-header-display":"","ast-hfb-mobile-header-display":"","site-post-title":"","ast-breadcrumbs-content":"","ast-featured-img":"","footer-sml-layout":"","ast-disable-related-posts":"","theme-transparent-header-meta":"","adv-header-id-meta":"","stick-header-meta":"","header-above-stick-meta":"","header-main-stick-meta":"","header-below-stick-meta":"","astra-migrate-meta-layouts":"default","ast-page-background-enabled":"default","ast-page-background-meta":{"desktop":{"background-color":"var(--ast-global-color-5)","background-image":"","background-repeat":"repeat","background-position":"center center","background-size":"auto","background-attachment":"scroll","background-type":"","background-media":"","overlay-type":"","overlay-color":"","overlay-opacity":"","overlay-gradient":""},"tablet":{"background-color":"","background-image":"","background-repeat":"repeat","background-position":"center center","background-size":"auto","background-attachment":"scroll","background-type":"","background-media":"","overlay-type":"","overlay-color":"","overlay-opacity":"","overlay-gradient":""},"mobile":{"background-color":"","background-image":"","background-repeat":"repeat","background-position":"center center","background-size":"auto","background-attachment":"scroll","background-type":"","background-media":"","overlay-type":"","overlay-color":"","overlay-opacity":"","overlay-gradient":""}},"ast-content-background-meta":{"desktop":{"background-color":"var(--ast-global-color-4)","background-image":"","background-repeat":"repeat","background-position":"center center","background-size":"auto","background-attachment":"scroll","background-type":"","background-media":"","overlay-type":"","overlay-color":"","overlay-opacity":"","overlay-gradient":""},"tablet":{"background-color":"var(--ast-global-color-4)","background-image":"","background-repeat":"repeat","background-position":"center center","background-size":"auto","background-attachment":"scroll","background-type":"","background-media":"","overlay-type":"","overlay-color":"","overlay-opacity":"","overlay-gradient":""},"mobile":{"background-color":"var(--ast-global-color-4)","background-image":"","background-repeat":"repeat","background-position":"center center","background-size":"auto","background-attachment":"scroll","background-type":"","background-media":"","overlay-type":"","overlay-color":"","overlay-opacity":"","overlay-gradient":""}},"_jetpack_newsletter_access":"","_jetpack_dont_email_post_to_subs":false,"_jetpack_newsletter_tier_id":0,"_jetpack_memberships_contains_paywalled_content":false,"_jetpack_feature_clip_id":0,"_jetpack_memberships_contains_paid_content":false,"footnotes":"","jetpack_publicize_message":"","jetpack_publicize_feature_enabled":true,"jetpack_social_post_already_shared":true,"jetpack_social_options":{"image_generator_settings":{"template":"highway","default_image_id":0,"font":"","enabled":false},"version":2},"jetpack_post_was_ever_published":false},"categories":[33],"tags":[],"class_list":["post-82000","post","type-post","status-publish","format-standard","has-post-thumbnail","hentry","category-nacional"],"yoast_head":"<!-- This site is optimized with the Yoast SEO plugin v28.3 - https:\/\/yoast.com\/product\/yoast-seo-wordpress\/ -->\n<title>SRE suspende a c\u00f3nsul honorario de Filipinas en Guadalajara por presuntos nexos con el &#039;CJNG&#039; - Pol\u00edticos al Desnudo<\/title>\n<meta name=\"robots\" content=\"index, follow, max-snippet:-1, max-image-preview:large, max-video-preview:-1\" \/>\n<link rel=\"canonical\" href=\"https:\/\/politicosaldesnudo.com.mx\/index.php\/2026\/03\/24\/sre-suspende-a-consul-honorario-de-filipinas-en-guadalajara-por-presuntos-nexos-con-el-cjng\/\" \/>\n<meta property=\"og:locale\" content=\"es_ES\" \/>\n<meta property=\"og:type\" content=\"article\" \/>\n<meta property=\"og:title\" content=\"SRE suspende a c\u00f3nsul honorario de Filipinas en Guadalajara por presuntos nexos con el &#039;CJNG&#039; - Pol\u00edticos al Desnudo\" \/>\n<meta property=\"og:description\" content=\"La Secretar\u00eda de Relaciones Exteriores (SRE) cancel\u00f3 la autorizaci\u00f3n de Mart\u00edn Camarena de Obeso, como c\u00f3nsul honorario de Filipinas en [&hellip;]\" \/>\n<meta property=\"og:url\" content=\"https:\/\/politicosaldesnudo.com.mx\/index.php\/2026\/03\/24\/sre-suspende-a-consul-honorario-de-filipinas-en-guadalajara-por-presuntos-nexos-con-el-cjng\/\" \/>\n<meta property=\"og:site_name\" content=\"Pol\u00edticos al Desnudo\" \/>\n<meta property=\"article:publisher\" content=\"https:\/\/www.facebook.com\/PoliticosAD\" \/>\n<meta property=\"article:published_time\" content=\"2026-03-24T06:06:35+00:00\" \/>\n<meta property=\"og:image\" content=\"https:\/\/i0.wp.com\/politicosaldesnudo.com.mx\/wp-content\/uploads\/2026\/03\/CJN.jpg?fit=1200%2C799&ssl=1\" \/>\n\t<meta property=\"og:image:width\" content=\"1200\" \/>\n\t<meta property=\"og:image:height\" content=\"799\" \/>\n\t<meta property=\"og:image:type\" content=\"image\/jpeg\" \/>\n<meta name=\"author\" content=\"Redacci\u00f3n Pol\u00edticos\" \/>\n<meta name=\"twitter:card\" content=\"summary_large_image\" \/>\n<meta name=\"twitter:label1\" content=\"Escrito por\" \/>\n\t<meta name=\"twitter:data1\" content=\"Redacci\u00f3n Pol\u00edticos\" \/>\n\t<meta name=\"twitter:label2\" content=\"Tiempo de lectura\" \/>\n\t<meta name=\"twitter:data2\" content=\"1 minuto\" \/>\n<script type=\"application\/ld+json\" class=\"yoast-schema-graph\">{\"@context\":\"https:\\\/\\\/schema.org\",\"@graph\":[{\"@type\":\"Article\",\"@id\":\"https:\\\/\\\/politicosaldesnudo.com.mx\\\/index.php\\\/2026\\\/03\\\/24\\\/sre-suspende-a-consul-honorario-de-filipinas-en-guadalajara-por-presuntos-nexos-con-el-cjng\\\/#article\",\"isPartOf\":{\"@id\":\"https:\\\/\\\/politicosaldesnudo.com.mx\\\/index.php\\\/2026\\\/03\\\/24\\\/sre-suspende-a-consul-honorario-de-filipinas-en-guadalajara-por-presuntos-nexos-con-el-cjng\\\/\"},\"author\":{\"name\":\"Redacci\u00f3n Pol\u00edticos\",\"@id\":\"https:\\\/\\\/politicosaldesnudo.com.mx\\\/#\\\/schema\\\/person\\\/ef3a64e561cc3f3f5dc52fab81adde7e\"},\"headline\":\"SRE suspende a c\u00f3nsul honorario de Filipinas en Guadalajara por presuntos nexos con el &#8216;CJNG&#8217;\",\"datePublished\":\"2026-03-24T06:06:35+00:00\",\"mainEntityOfPage\":{\"@id\":\"https:\\\/\\\/politicosaldesnudo.com.mx\\\/index.php\\\/2026\\\/03\\\/24\\\/sre-suspende-a-consul-honorario-de-filipinas-en-guadalajara-por-presuntos-nexos-con-el-cjng\\\/\"},\"wordCount\":254,\"publisher\":{\"@id\":\"https:\\\/\\\/politicosaldesnudo.com.mx\\\/#organization\"},\"image\":{\"@id\":\"https:\\\/\\\/politicosaldesnudo.com.mx\\\/index.php\\\/2026\\\/03\\\/24\\\/sre-suspende-a-consul-honorario-de-filipinas-en-guadalajara-por-presuntos-nexos-con-el-cjng\\\/#primaryimage\"},\"thumbnailUrl\":\"https:\\\/\\\/i0.wp.com\\\/politicosaldesnudo.com.mx\\\/wp-content\\\/uploads\\\/2026\\\/03\\\/CJN.jpg?fit=1200%2C799&ssl=1\",\"articleSection\":[\"NACIONAL\"],\"inLanguage\":\"es\"},{\"@type\":\"WebPage\",\"@id\":\"https:\\\/\\\/politicosaldesnudo.com.mx\\\/index.php\\\/2026\\\/03\\\/24\\\/sre-suspende-a-consul-honorario-de-filipinas-en-guadalajara-por-presuntos-nexos-con-el-cjng\\\/\",\"url\":\"https:\\\/\\\/politicosaldesnudo.com.mx\\\/index.php\\\/2026\\\/03\\\/24\\\/sre-suspende-a-consul-honorario-de-filipinas-en-guadalajara-por-presuntos-nexos-con-el-cjng\\\/\",\"name\":\"SRE suspende a c\u00f3nsul honorario de Filipinas en Guadalajara por presuntos nexos con el 'CJNG' - Pol\u00edticos al Desnudo\",\"isPartOf\":{\"@id\":\"https:\\\/\\\/politicosaldesnudo.com.mx\\\/#website\"},\"primaryImageOfPage\":{\"@id\":\"https:\\\/\\\/politicosaldesnudo.com.mx\\\/index.php\\\/2026\\\/03\\\/24\\\/sre-suspende-a-consul-honorario-de-filipinas-en-guadalajara-por-presuntos-nexos-con-el-cjng\\\/#primaryimage\"},\"image\":{\"@id\":\"https:\\\/\\\/politicosaldesnudo.com.mx\\\/index.php\\\/2026\\\/03\\\/24\\\/sre-suspende-a-consul-honorario-de-filipinas-en-guadalajara-por-presuntos-nexos-con-el-cjng\\\/#primaryimage\"},\"thumbnailUrl\":\"https:\\\/\\\/i0.wp.com\\\/politicosaldesnudo.com.mx\\\/wp-content\\\/uploads\\\/2026\\\/03\\\/CJN.jpg?fit=1200%2C799&ssl=1\",\"datePublished\":\"2026-03-24T06:06:35+00:00\",\"breadcrumb\":{\"@id\":\"https:\\\/\\\/politicosaldesnudo.com.mx\\\/index.php\\\/2026\\\/03\\\/24\\\/sre-suspende-a-consul-honorario-de-filipinas-en-guadalajara-por-presuntos-nexos-con-el-cjng\\\/#breadcrumb\"},\"inLanguage\":\"es\",\"potentialAction\":[{\"@type\":\"ReadAction\",\"target\":[\"https:\\\/\\\/politicosaldesnudo.com.mx\\\/index.php\\\/2026\\\/03\\\/24\\\/sre-suspende-a-consul-honorario-de-filipinas-en-guadalajara-por-presuntos-nexos-con-el-cjng\\\/\"]}]},{\"@type\":\"ImageObject\",\"inLanguage\":\"es\",\"@id\":\"https:\\\/\\\/politicosaldesnudo.com.mx\\\/index.php\\\/2026\\\/03\\\/24\\\/sre-suspende-a-consul-honorario-de-filipinas-en-guadalajara-por-presuntos-nexos-con-el-cjng\\\/#primaryimage\",\"url\":\"https:\\\/\\\/i0.wp.com\\\/politicosaldesnudo.com.mx\\\/wp-content\\\/uploads\\\/2026\\\/03\\\/CJN.jpg?fit=1200%2C799&ssl=1\",\"contentUrl\":\"https:\\\/\\\/i0.wp.com\\\/politicosaldesnudo.com.mx\\\/wp-content\\\/uploads\\\/2026\\\/03\\\/CJN.jpg?fit=1200%2C799&ssl=1\",\"width\":1200,\"height\":799},{\"@type\":\"BreadcrumbList\",\"@id\":\"https:\\\/\\\/politicosaldesnudo.com.mx\\\/index.php\\\/2026\\\/03\\\/24\\\/sre-suspende-a-consul-honorario-de-filipinas-en-guadalajara-por-presuntos-nexos-con-el-cjng\\\/#breadcrumb\",\"itemListElement\":[{\"@type\":\"ListItem\",\"position\":1,\"name\":\"Portada\",\"item\":\"https:\\\/\\\/politicosaldesnudo.com.mx\\\/\"},{\"@type\":\"ListItem\",\"position\":2,\"name\":\"SRE suspende a c\u00f3nsul honorario de Filipinas en Guadalajara por presuntos nexos con el &#8216;CJNG&#8217;\"}]},{\"@type\":\"WebSite\",\"@id\":\"https:\\\/\\\/politicosaldesnudo.com.mx\\\/#website\",\"url\":\"https:\\\/\\\/politicosaldesnudo.com.mx\\\/\",\"name\":\"Pol\u00edticos al Desnudo\",\"description\":\"\",\"publisher\":{\"@id\":\"https:\\\/\\\/politicosaldesnudo.com.mx\\\/#organization\"},\"potentialAction\":[{\"@type\":\"SearchAction\",\"target\":{\"@type\":\"EntryPoint\",\"urlTemplate\":\"https:\\\/\\\/politicosaldesnudo.com.mx\\\/?s={search_term_string}\"},\"query-input\":{\"@type\":\"PropertyValueSpecification\",\"valueRequired\":true,\"valueName\":\"search_term_string\"}}],\"inLanguage\":\"es\"},{\"@type\":\"Organization\",\"@id\":\"https:\\\/\\\/politicosaldesnudo.com.mx\\\/#organization\",\"name\":\"Pol\u00edticos al Desnudo\",\"url\":\"https:\\\/\\\/politicosaldesnudo.com.mx\\\/\",\"logo\":{\"@type\":\"ImageObject\",\"inLanguage\":\"es\",\"@id\":\"https:\\\/\\\/politicosaldesnudo.com.mx\\\/#\\\/schema\\\/logo\\\/image\\\/\",\"url\":\"https:\\\/\\\/i0.wp.com\\\/politicosaldesnudo.com.mx\\\/wp-content\\\/uploads\\\/2026\\\/08\\\/cropped-logo.webp?fit=400%2C126&ssl=1\",\"contentUrl\":\"https:\\\/\\\/i0.wp.com\\\/politicosaldesnudo.com.mx\\\/wp-content\\\/uploads\\\/2026\\\/08\\\/cropped-logo.webp?fit=400%2C126&ssl=1\",\"width\":400,\"height\":126,\"caption\":\"Pol\u00edticos al Desnudo\"},\"image\":{\"@id\":\"https:\\\/\\\/politicosaldesnudo.com.mx\\\/#\\\/schema\\\/logo\\\/image\\\/\"},\"sameAs\":[\"https:\\\/\\\/www.facebook.com\\\/PoliticosAD\"]},{\"@type\":\"Person\",\"@id\":\"https:\\\/\\\/politicosaldesnudo.com.mx\\\/#\\\/schema\\\/person\\\/ef3a64e561cc3f3f5dc52fab81adde7e\",\"name\":\"Redacci\u00f3n Pol\u00edticos\",\"url\":\"https:\\\/\\\/politicosaldesnudo.com.mx\\\/index.php\\\/author\\\/redaccion-politicos\\\/\"}]}<\/script>\n<!-- \/ Yoast SEO plugin. -->","yoast_head_json":{"title":"SRE suspende a c\u00f3nsul honorario de Filipinas en Guadalajara por presuntos nexos con el 'CJNG' - Pol\u00edticos al Desnudo","robots":{"index":"index","follow":"follow","max-snippet":"max-snippet:-1","max-image-preview":"max-image-preview:large","max-video-preview":"max-video-preview:-1"},"canonical":"https:\/\/politicosaldesnudo.com.mx\/index.php\/2026\/03\/24\/sre-suspende-a-consul-honorario-de-filipinas-en-guadalajara-por-presuntos-nexos-con-el-cjng\/","og_locale":"es_ES","og_type":"article","og_title":"SRE suspende a c\u00f3nsul honorario de Filipinas en Guadalajara por presuntos nexos con el 'CJNG' - Pol\u00edticos al Desnudo","og_description":"La Secretar\u00eda de Relaciones Exteriores (SRE) cancel\u00f3 la autorizaci\u00f3n de Mart\u00edn Camarena de Obeso, como c\u00f3nsul honorario de Filipinas en [&hellip;]","og_url":"https:\/\/politicosaldesnudo.com.mx\/index.php\/2026\/03\/24\/sre-suspende-a-consul-honorario-de-filipinas-en-guadalajara-por-presuntos-nexos-con-el-cjng\/","og_site_name":"Pol\u00edticos al Desnudo","article_publisher":"https:\/\/www.facebook.com\/PoliticosAD","article_published_time":"2026-03-24T06:06:35+00:00","og_image":[{"width":1200,"height":799,"url":"https:\/\/i0.wp.com\/politicosaldesnudo.com.mx\/wp-content\/uploads\/2026\/03\/CJN.jpg?fit=1200%2C799&ssl=1","type":"image\/jpeg"}],"author":"Redacci\u00f3n Pol\u00edticos","twitter_card":"summary_large_image","twitter_misc":{"Escrito por":"Redacci\u00f3n Pol\u00edticos","Tiempo de lectura":"1 minuto"},"schema":{"@context":"https:\/\/schema.org","@graph":[{"@type":"Article","@id":"https:\/\/politicosaldesnudo.com.mx\/index.php\/2026\/03\/24\/sre-suspende-a-consul-honorario-de-filipinas-en-guadalajara-por-presuntos-nexos-con-el-cjng\/#article","isPartOf":{"@id":"https:\/\/politicosaldesnudo.com.mx\/index.php\/2026\/03\/24\/sre-suspende-a-consul-honorario-de-filipinas-en-guadalajara-por-presuntos-nexos-con-el-cjng\/"},"author":{"name":"Redacci\u00f3n Pol\u00edticos","@id":"https:\/\/politicosaldesnudo.com.mx\/#\/schema\/person\/ef3a64e561cc3f3f5dc52fab81adde7e"},"headline":"SRE suspende a c\u00f3nsul honorario de Filipinas en Guadalajara por presuntos nexos con el &#8216;CJNG&#8217;","datePublished":"2026-03-24T06:06:35+00:00","mainEntityOfPage":{"@id":"https:\/\/politicosaldesnudo.com.mx\/index.php\/2026\/03\/24\/sre-suspende-a-consul-honorario-de-filipinas-en-guadalajara-por-presuntos-nexos-con-el-cjng\/"},"wordCount":254,"publisher":{"@id":"https:\/\/politicosaldesnudo.com.mx\/#organization"},"image":{"@id":"https:\/\/politicosaldesnudo.com.mx\/index.php\/2026\/03\/24\/sre-suspende-a-consul-honorario-de-filipinas-en-guadalajara-por-presuntos-nexos-con-el-cjng\/#primaryimage"},"thumbnailUrl":"https:\/\/i0.wp.com\/politicosaldesnudo.com.mx\/wp-content\/uploads\/2026\/03\/CJN.jpg?fit=1200%2C799&ssl=1","articleSection":["NACIONAL"],"inLanguage":"es"},{"@type":"WebPage","@id":"https:\/\/politicosaldesnudo.com.mx\/index.php\/2026\/03\/24\/sre-suspende-a-consul-honorario-de-filipinas-en-guadalajara-por-presuntos-nexos-con-el-cjng\/","url":"https:\/\/politicosaldesnudo.com.mx\/index.php\/2026\/03\/24\/sre-suspende-a-consul-honorario-de-filipinas-en-guadalajara-por-presuntos-nexos-con-el-cjng\/","name":"SRE suspende a c\u00f3nsul honorario de Filipinas en Guadalajara por presuntos nexos con el 'CJNG' - Pol\u00edticos al Desnudo","isPartOf":{"@id":"https:\/\/politicosaldesnudo.com.mx\/#website"},"primaryImageOfPage":{"@id":"https:\/\/politicosaldesnudo.com.mx\/index.php\/2026\/03\/24\/sre-suspende-a-consul-honorario-de-filipinas-en-guadalajara-por-presuntos-nexos-con-el-cjng\/#primaryimage"},"image":{"@id":"https:\/\/politicosaldesnudo.com.mx\/index.php\/2026\/03\/24\/sre-suspende-a-consul-honorario-de-filipinas-en-guadalajara-por-presuntos-nexos-con-el-cjng\/#primaryimage"},"thumbnailUrl":"https:\/\/i0.wp.com\/politicosaldesnudo.com.mx\/wp-content\/uploads\/2026\/03\/CJN.jpg?fit=1200%2C799&ssl=1","datePublished":"2026-03-24T06:06:35+00:00","breadcrumb":{"@id":"https:\/\/politicosaldesnudo.com.mx\/index.php\/2026\/03\/24\/sre-suspende-a-consul-honorario-de-filipinas-en-guadalajara-por-presuntos-nexos-con-el-cjng\/#breadcrumb"},"inLanguage":"es","potentialAction":[{"@type":"ReadAction","target":["https:\/\/politicosaldesnudo.com.mx\/index.php\/2026\/03\/24\/sre-suspende-a-consul-honorario-de-filipinas-en-guadalajara-por-presuntos-nexos-con-el-cjng\/"]}]},{"@type":"ImageObject","inLanguage":"es","@id":"https:\/\/politicosaldesnudo.com.mx\/index.php\/2026\/03\/24\/sre-suspende-a-consul-honorario-de-filipinas-en-guadalajara-por-presuntos-nexos-con-el-cjng\/#primaryimage","url":"https:\/\/i0.wp.com\/politicosaldesnudo.com.mx\/wp-content\/uploads\/2026\/03\/CJN.jpg?fit=1200%2C799&ssl=1","contentUrl":"https:\/\/i0.wp.com\/politicosaldesnudo.com.mx\/wp-content\/uploads\/2026\/03\/CJN.jpg?fit=1200%2C799&ssl=1","width":1200,"height":799},{"@type":"BreadcrumbList","@id":"https:\/\/politicosaldesnudo.com.mx\/index.php\/2026\/03\/24\/sre-suspende-a-consul-honorario-de-filipinas-en-guadalajara-por-presuntos-nexos-con-el-cjng\/#breadcrumb","itemListElement":[{"@type":"ListItem","position":1,"name":"Portada","item":"https:\/\/politicosaldesnudo.com.mx\/"},{"@type":"ListItem","position":2,"name":"SRE suspende a c\u00f3nsul honorario de Filipinas en Guadalajara por presuntos nexos con el &#8216;CJNG&#8217;"}]},{"@type":"WebSite","@id":"https:\/\/politicosaldesnudo.com.mx\/#website","url":"https:\/\/politicosaldesnudo.com.mx\/","name":"Pol\u00edticos al Desnudo","description":"","publisher":{"@id":"https:\/\/politicosaldesnudo.com.mx\/#organization"},"potentialAction":[{"@type":"SearchAction","target":{"@type":"EntryPoint","urlTemplate":"https:\/\/politicosaldesnudo.com.mx\/?s={search_term_string}"},"query-input":{"@type":"PropertyValueSpecification","valueRequired":true,"valueName":"search_term_string"}}],"inLanguage":"es"},{"@type":"Organization","@id":"https:\/\/politicosaldesnudo.com.mx\/#organization","name":"Pol\u00edticos al Desnudo","url":"https:\/\/politicosaldesnudo.com.mx\/","logo":{"@type":"ImageObject","inLanguage":"es","@id":"https:\/\/politicosaldesnudo.com.mx\/#\/schema\/logo\/image\/","url":"https:\/\/i0.wp.com\/politicosaldesnudo.com.mx\/wp-content\/uploads\/2026\/08\/cropped-logo.webp?fit=400%2C126&ssl=1","contentUrl":"https:\/\/i0.wp.com\/politicosaldesnudo.com.mx\/wp-content\/uploads\/2026\/08\/cropped-logo.webp?fit=400%2C126&ssl=1","width":400,"height":126,"caption":"Pol\u00edticos al Desnudo"},"image":{"@id":"https:\/\/politicosaldesnudo.com.mx\/#\/schema\/logo\/image\/"},"sameAs":["https:\/\/www.facebook.com\/PoliticosAD"]},{"@type":"Person","@id":"https:\/\/politicosaldesnudo.com.mx\/#\/schema\/person\/ef3a64e561cc3f3f5dc52fab81adde7e","name":"Redacci\u00f3n Pol\u00edticos","url":"https:\/\/politicosaldesnudo.com.mx\/index.php\/author\/redaccion-politicos\/"}]}},"jetpack_publicize_connections":[],"jetpack-related-posts":[{"id":87509,"url":"https:\/\/politicosaldesnudo.com.mx\/index.php\/2026\/08\/05\/vamos-por-ellos-incluyendo-a-narcopoliticos-dijo-el-director-de-la-dea-sobre-acciones-contra-el-cjng\/","url_meta":{"origin":82000,"position":0},"title":"\u201cVamos por ellos, incluyendo a narcopol\u00edticos\u201d: dijo el director de la DEA sobre acciones contra el CJNG","author":"Redacci\u00f3n Pol\u00edticos","date":"5 de agosto de 2026","format":false,"excerpt":"En conferencia de prensa este mi\u00e9rcoles, Todd Blanche, fiscal interino de Estados Unidos, dio a conocer medidas de aplicaci\u00f3n de la ley para\u00a0desmantelar al\u00a0C\u00e1rtel Jalisco Nueva Generaci\u00f3n (CJNG). Asegur\u00f3 que esta medida es una continuaci\u00f3n en contra de los c\u00e1rteles \u201cque nos han da\u00f1ado por demasiado tiempo\u201d. Expuso que las\u2026","rel":"","context":"En \u00abNACIONAL\u00bb","block_context":{"text":"NACIONAL","link":"https:\/\/politicosaldesnudo.com.mx\/index.php\/category\/nacional\/"},"img":{"alt_text":"","src":"https:\/\/i0.wp.com\/politicosaldesnudo.com.mx\/wp-content\/uploads\/2026\/08\/deaa.png?fit=1201%2C807&ssl=1&resize=350%2C200","width":350,"height":200,"srcset":"https:\/\/i0.wp.com\/politicosaldesnudo.com.mx\/wp-content\/uploads\/2026\/08\/deaa.png?fit=1201%2C807&ssl=1&resize=350%2C200 1x, https:\/\/i0.wp.com\/politicosaldesnudo.com.mx\/wp-content\/uploads\/2026\/08\/deaa.png?fit=1201%2C807&ssl=1&resize=525%2C300 1.5x, https:\/\/i0.wp.com\/politicosaldesnudo.com.mx\/wp-content\/uploads\/2026\/08\/deaa.png?fit=1201%2C807&ssl=1&resize=700%2C400 2x, https:\/\/i0.wp.com\/politicosaldesnudo.com.mx\/wp-content\/uploads\/2026\/08\/deaa.png?fit=1201%2C807&ssl=1&resize=1050%2C600 3x"},"classes":[]},{"id":88007,"url":"https:\/\/politicosaldesnudo.com.mx\/index.php\/2026\/08\/23\/dea-lanza-grave-acusacion-funcionarios-mexicanos-de-alto-nivel-trabajan-con-los-carteles\/","url_meta":{"origin":82000,"position":1},"title":"DEA lanza grave acusaci\u00f3n: funcionarios mexicanos de alto nivel trabajan con los c\u00e1rteles","author":"Redacci\u00f3n Pol\u00edticos","date":"23 de agosto de 2026","format":false,"excerpt":"El director de la Administraci\u00f3n para el Control de Drogas de Estados Unidos (DEA), Terry Cole, afirm\u00f3 que servidores p\u00fablicos mexicanos de alto nivel presuntamente mantienen v\u00ednculos directos con organizaciones del narcotr\u00e1fico. Durante una entrevista con N+, el funcionario estadounidense asegur\u00f3 que investigaciones recientes han permitido identificar casos de corrupci\u00f3n\u2026","rel":"","context":"En \u00abINTERNACIONAL\u00bb","block_context":{"text":"INTERNACIONAL","link":"https:\/\/politicosaldesnudo.com.mx\/index.php\/category\/internacional\/"},"img":{"alt_text":"","src":"https:\/\/i0.wp.com\/politicosaldesnudo.com.mx\/wp-content\/uploads\/2026\/08\/terry.jpg?fit=600%2C400&ssl=1&resize=350%2C200","width":350,"height":200,"srcset":"https:\/\/i0.wp.com\/politicosaldesnudo.com.mx\/wp-content\/uploads\/2026\/08\/terry.jpg?fit=600%2C400&ssl=1&resize=350%2C200 1x, https:\/\/i0.wp.com\/politicosaldesnudo.com.mx\/wp-content\/uploads\/2026\/08\/terry.jpg?fit=600%2C400&ssl=1&resize=525%2C300 1.5x"},"classes":[]},{"id":6158,"url":"https:\/\/politicosaldesnudo.com.mx\/index.php\/2022\/06\/04\/recupera-inah-objetos-rituales-del-pueblo-yaqui-ubicados-en-suecia\/","url_meta":{"origin":82000,"position":2},"title":"Recupera INAH objetos rituales del pueblo Yaqui ubicados en Suecia","author":"Redacci\u00f3n Pol\u00edticos","date":"4 de junio de 2022","format":false,"excerpt":"\u00a0 Suecia. 24 objetos rituales \u201cMaaso Koba\u201d del pueblo yaqui de Sonora que se encontraban en el Museo de la Cultura del Mundo de Gotemburgo, Suecia fueron entregadas a M\u00e9xico, inform\u00f3 el Instituto Nacional de Antropolog\u00eda e Historia (INAH). En Estocolmo, Suecia, se realiz\u00f3 la entrega de la colecci\u00f3n, misma\u2026","rel":"","context":"En \u00abCULTURA\u00bb","block_context":{"text":"CULTURA","link":"https:\/\/politicosaldesnudo.com.mx\/index.php\/category\/cultura\/"},"img":{"alt_text":"","src":"https:\/\/i0.wp.com\/politicosaldesnudo.com.mx\/wp-content\/uploads\/2022\/06\/P-INAH.png?fit=1200%2C671&ssl=1&resize=350%2C200","width":350,"height":200,"srcset":"https:\/\/i0.wp.com\/politicosaldesnudo.com.mx\/wp-content\/uploads\/2022\/06\/P-INAH.png?fit=1200%2C671&ssl=1&resize=350%2C200 1x, https:\/\/i0.wp.com\/politicosaldesnudo.com.mx\/wp-content\/uploads\/2022\/06\/P-INAH.png?fit=1200%2C671&ssl=1&resize=525%2C300 1.5x, https:\/\/i0.wp.com\/politicosaldesnudo.com.mx\/wp-content\/uploads\/2022\/06\/P-INAH.png?fit=1200%2C671&ssl=1&resize=700%2C400 2x, https:\/\/i0.wp.com\/politicosaldesnudo.com.mx\/wp-content\/uploads\/2022\/06\/P-INAH.png?fit=1200%2C671&ssl=1&resize=1050%2C600 3x"},"classes":[]},{"id":87701,"url":"https:\/\/politicosaldesnudo.com.mx\/index.php\/2026\/08\/12\/colombia-cierra-la-puerta-a-los-topos-tlatelolco-tras-el-terremoto-mexico-enviara-ayuda\/","url_meta":{"origin":82000,"position":3},"title":"Colombia cierra la puerta a Los Topos Tlatelolco tras el terremoto; M\u00e9xico enviar\u00e1 ayuda","author":"Redacci\u00f3n Pol\u00edticos","date":"12 de agosto de 2026","format":false,"excerpt":"La brigada mexicana inform\u00f3 que no desplegar\u00e1 rescatistas en las zonas afectadas por el terremoto de magnitud 7.4, luego de que las autoridades colombianas determinaran que no era necesario solicitar su intervenci\u00f3n. La Brigada de Rescate Topos Tlatelolco anunci\u00f3 este mi\u00e9rcoles que no enviar\u00e1 personal a Colombia para participar en\u2026","rel":"","context":"En \u00abNACIONAL\u00bb","block_context":{"text":"NACIONAL","link":"https:\/\/politicosaldesnudo.com.mx\/index.php\/category\/nacional\/"},"img":{"alt_text":"","src":"https:\/\/i0.wp.com\/politicosaldesnudo.com.mx\/wp-content\/uploads\/2026\/08\/topo.jpg?fit=1024%2C682&ssl=1&resize=350%2C200","width":350,"height":200,"srcset":"https:\/\/i0.wp.com\/politicosaldesnudo.com.mx\/wp-content\/uploads\/2026\/08\/topo.jpg?fit=1024%2C682&ssl=1&resize=350%2C200 1x, https:\/\/i0.wp.com\/politicosaldesnudo.com.mx\/wp-content\/uploads\/2026\/08\/topo.jpg?fit=1024%2C682&ssl=1&resize=525%2C300 1.5x, https:\/\/i0.wp.com\/politicosaldesnudo.com.mx\/wp-content\/uploads\/2026\/08\/topo.jpg?fit=1024%2C682&ssl=1&resize=700%2C400 2x"},"classes":[]},{"id":88081,"url":"https:\/\/politicosaldesnudo.com.mx\/index.php\/2026\/08\/26\/estados-unidos-aprieta-a-mexico-exige-frenar-el-fentanilo-y-desmantelar-a-los-carteles\/","url_meta":{"origin":82000,"position":4},"title":"Estados Unidos aprieta a M\u00e9xico: exige frenar el fentanilo y desmantelar a los c\u00e1rteles","author":"Redacci\u00f3n Pol\u00edticos","date":"26 de agosto de 2026","format":false,"excerpt":"El combate al narcotr\u00e1fico y la migraci\u00f3n irregular volvieron al centro de la relaci\u00f3n entre M\u00e9xico y Estados Unidos. Durante una reuni\u00f3n celebrada en Washington, el secretario de Estado estadounidense, Marco Rubio, plante\u00f3 al canciller Roberto Velasco la necesidad de acelerar las acciones contra los c\u00e1rteles y el tr\u00e1fico de\u2026","rel":"","context":"En \u00abINTERNACIONAL\u00bb","block_context":{"text":"INTERNACIONAL","link":"https:\/\/politicosaldesnudo.com.mx\/index.php\/category\/internacional\/"},"img":{"alt_text":"","src":"https:\/\/i0.wp.com\/politicosaldesnudo.com.mx\/wp-content\/uploads\/2026\/08\/782144596_1492096299330079_1426179680717466472_n.jpg?fit=1200%2C948&ssl=1&resize=350%2C200","width":350,"height":200,"srcset":"https:\/\/i0.wp.com\/politicosaldesnudo.com.mx\/wp-content\/uploads\/2026\/08\/782144596_1492096299330079_1426179680717466472_n.jpg?fit=1200%2C948&ssl=1&resize=350%2C200 1x, https:\/\/i0.wp.com\/politicosaldesnudo.com.mx\/wp-content\/uploads\/2026\/08\/782144596_1492096299330079_1426179680717466472_n.jpg?fit=1200%2C948&ssl=1&resize=525%2C300 1.5x, https:\/\/i0.wp.com\/politicosaldesnudo.com.mx\/wp-content\/uploads\/2026\/08\/782144596_1492096299330079_1426179680717466472_n.jpg?fit=1200%2C948&ssl=1&resize=700%2C400 2x, https:\/\/i0.wp.com\/politicosaldesnudo.com.mx\/wp-content\/uploads\/2026\/08\/782144596_1492096299330079_1426179680717466472_n.jpg?fit=1200%2C948&ssl=1&resize=1050%2C600 3x"},"classes":[]},{"id":87249,"url":"https:\/\/politicosaldesnudo.com.mx\/index.php\/2026\/07\/27\/roberto-velasco-se-reune-con-vicesecretaria-de-la-onu\/","url_meta":{"origin":82000,"position":5},"title":"Roberto Velasco se re\u00fane con vicesecretaria de la ONU","author":"Redacci\u00f3n Pol\u00edticos","date":"27 de julio de 2026","format":false,"excerpt":"El canciller, Roberto Velasco, sostuvo una reuni\u00f3n con Amina J. Mohammed, vicesecretaria general de la Organizaci\u00f3n de las Naciones Unidas (ONU), en la que conversaron sobre el futuro del multilateralismo y el papel que M\u00e9xico desempe\u00f1a en su fortalecimiento. Igualmente, sobre las reformas que requiere la ONU para hacer frente\u2026","rel":"","context":"En \u00abNACIONAL\u00bb","block_context":{"text":"NACIONAL","link":"https:\/\/politicosaldesnudo.com.mx\/index.php\/category\/nacional\/"},"img":{"alt_text":"","src":"https:\/\/i0.wp.com\/politicosaldesnudo.com.mx\/wp-content\/uploads\/2026\/07\/ALALO.jpg?fit=1200%2C800&ssl=1&resize=350%2C200","width":350,"height":200,"srcset":"https:\/\/i0.wp.com\/politicosaldesnudo.com.mx\/wp-content\/uploads\/2026\/07\/ALALO.jpg?fit=1200%2C800&ssl=1&resize=350%2C200 1x, https:\/\/i0.wp.com\/politicosaldesnudo.com.mx\/wp-content\/uploads\/2026\/07\/ALALO.jpg?fit=1200%2C800&ssl=1&resize=525%2C300 1.5x, https:\/\/i0.wp.com\/politicosaldesnudo.com.mx\/wp-content\/uploads\/2026\/07\/ALALO.jpg?fit=1200%2C800&ssl=1&resize=700%2C400 2x, https:\/\/i0.wp.com\/politicosaldesnudo.com.mx\/wp-content\/uploads\/2026\/07\/ALALO.jpg?fit=1200%2C800&ssl=1&resize=1050%2C600 3x"},"classes":[]}],"jetpack_sharing_enabled":true,"jetpack_featured_media_url":"https:\/\/i0.wp.com\/politicosaldesnudo.com.mx\/wp-content\/uploads\/2026\/03\/CJN.jpg?fit=1200%2C799&ssl=1","_links":{"self":[{"href":"https:\/\/politicosaldesnudo.com.mx\/index.php\/wp-json\/wp\/v2\/posts\/82000","targetHints":{"allow":["GET"]}}],"collection":[{"href":"https:\/\/politicosaldesnudo.com.mx\/index.php\/wp-json\/wp\/v2\/posts"}],"about":[{"href":"https:\/\/politicosaldesnudo.com.mx\/index.php\/wp-json\/wp\/v2\/types\/post"}],"author":[{"embeddable":true,"href":"https:\/\/politicosaldesnudo.com.mx\/index.php\/wp-json\/wp\/v2\/users\/4"}],"replies":[{"embeddable":true,"href":"https:\/\/politicosaldesnudo.com.mx\/index.php\/wp-json\/wp\/v2\/comments?post=82000"}],"version-history":[{"count":0,"href":"https:\/\/politicosaldesnudo.com.mx\/index.php\/wp-json\/wp\/v2\/posts\/82000\/revisions"}],"wp:featuredmedia":[{"embeddable":true,"href":"https:\/\/politicosaldesnudo.com.mx\/index.php\/wp-json\/wp\/v2\/media\/82001"}],"wp:attachment":[{"href":"https:\/\/politicosaldesnudo.com.mx\/index.php\/wp-json\/wp\/v2\/media?parent=82000"}],"wp:term":[{"taxonomy":"category","embeddable":true,"href":"https:\/\/politicosaldesnudo.com.mx\/index.php\/wp-json\/wp\/v2\/categories?post=82000"},{"taxonomy":"post_tag","embeddable":true,"href":"https:\/\/politicosaldesnudo.com.mx\/index.php\/wp-json\/wp\/v2\/tags?post=82000"}],"curies":[{"name":"wp","href":"https:\/\/api.w.org\/{rel}","templated":true}]}}