{"id":82308,"date":"2026-03-24T09:52:04","date_gmt":"2026-03-24T15:52:04","guid":{"rendered":"https:\/\/politicosaldesnudo.com.mx\/?p=82308"},"modified":"2026-03-29T14:53:22","modified_gmt":"2026-03-29T20:53:22","slug":"isla-de-sacrificios-el-silencio-oficial-huele-a-petroleo","status":"publish","type":"post","link":"https:\/\/politicosaldesnudo.com.mx\/index.php\/2026\/03\/24\/isla-de-sacrificios-el-silencio-oficial-huele-a-petroleo\/","title":{"rendered":"Isla de Sacrificios: el silencio oficial huele a petr\u00f3leo"},"content":{"rendered":"<p>A pocos d\u00edas de que comiencen las vacaciones de Semana Santa, los hechos desmienten las versiones oficiales de que la contaminaci\u00f3n del mar y playas por el derrame de petr\u00f3leo, est\u00e1n controladas.<\/p>\n<p>\u00bfDesde cu\u00e1ndo el mar miente y la autoridad dice la verdad? La pregunta no es ret\u00f3rica, es urgente. Porque a escasos kil\u00f3metros de Playa La Bamba en Boca del R\u00edo y Villa del Mar en Veracruz, en la zona de Isla de Sacrificios, el agua ya no refleja el azul del Golfo, sino la opacidad de un discurso oficial que pretende tapar con palabras lo que el petr\u00f3leo delata con crudeza.<\/p>\n<p>Los hechos son claros, visibles, verificables. No se trata de rumores ni de especulaci\u00f3n: manchas de crudo flotando en la superficie, fauna marina muerta en la orilla y una creciente alarma entre ciudadanos, pescadores y ambientalistas. Tortugas, delfines, peces e incluso un manat\u00ed han aparecido sin vida. No es normal. No es casual. No es aislado.<\/p>\n<p>Y, sin embargo, la respuesta institucional ha sido la de siempre: negar, minimizar, diluir responsabilidades. \u201cNo pas\u00f3 nada\u201d, dicen. \u201cTodo est\u00e1 bajo control\u201d, repiten. Una narrativa que no solo insulta la inteligencia colectiva, sino que exhibe una peligrosa desconexi\u00f3n entre la realidad y quienes est\u00e1n obligados a administrarla.<\/p>\n<p>En M\u00e9xico, los desastres ambientales rara vez comienzan con el derrame; comienzan con la omisi\u00f3n. Y terminan con la impunidad.<\/p>\n<p>No es la primera vez que el Golfo de M\u00e9xico sufre los estragos de la actividad petrolera. La historia reciente est\u00e1 marcada por incidentes que, aunque distintos en magnitud, comparten un patr\u00f3n preocupante: falta de transparencia, respuestas tard\u00edas y una alarmante debilidad en los mecanismos de supervisi\u00f3n. Basta recordar episodios anteriores en instalaciones petroleras, donde las explicaciones oficiales llegaron tarde y, en ocasiones, incompletas.<\/p>\n<p>Aqu\u00ed hay un punto que no se puede soslayar: la responsabilidad no es abstracta. Existen autoridades ambientales, instancias reguladoras y empresas obligadas por ley a prevenir, contener y remediar cualquier afectaci\u00f3n al ecosistema. La legislaci\u00f3n mexicana es clara en materia de protecci\u00f3n ambiental, desde la Ley General del Equilibrio Ecol\u00f3gico y la Protecci\u00f3n al Ambiente hasta los compromisos internacionales suscritos por el pa\u00eds. El problema no es la ausencia de normas, sino su incumplimiento sistem\u00e1tico.<\/p>\n<p>Lo que ocurre en Isla de Sacrificios no solo es un posible desastre ecol\u00f3gico; es tambi\u00e9n un s\u00edntoma de un modelo que privilegia la opacidad sobre la rendici\u00f3n de cuentas.<\/p>\n<p>La muerte de especies marinas no es un dato anecd\u00f3tico: es un indicador biol\u00f3gico de contaminaci\u00f3n. En condiciones normales, la fauna no aparece varada en n\u00fameros crecientes ni en lapsos tan cortos. Cuando eso ocurre, la ciencia apunta a factores externos: cambios abruptos en el h\u00e1bitat, toxinas en el agua, alteraciones en la cadena alimenticia. En este caso, la presencia de hidrocarburos es una hip\u00f3tesis que no puede ni debe descartarse sin una investigaci\u00f3n seria, independiente y transparente.<\/p>\n<p>Pero el da\u00f1o no es solo ambiental. Es econ\u00f3mico y social. Veracruz vive, en buena medida, de su litoral. El turismo, la pesca y las actividades vinculadas al mar representan ingresos para miles de familias. Un derrame, por peque\u00f1o que se quiera presentar, impacta de manera directa en la percepci\u00f3n de seguridad y calidad del destino. Y eso, en temporada alta, no es un detalle menor: es un golpe al sustento de comunidades enteras.<\/p>\n<p>Lo m\u00e1s grave, sin embargo, es la normalizaci\u00f3n del encubrimiento. Porque cuando la autoridad decide no ver, est\u00e1 decidiendo no actuar. Y cuando no act\u00faa, se convierte en parte del problema.<\/p>\n<p>La ciudadan\u00eda no est\u00e1 pidiendo milagros, est\u00e1 exigiendo lo m\u00ednimo: informaci\u00f3n veraz, acciones inmediatas y responsabilidades claras. No se puede gobernar a partir de boletines que contradicen la evidencia. No se puede administrar una crisis neg\u00e1ndola. Y no se puede proteger el medio ambiente simulando que no est\u00e1 en riesgo.<\/p>\n<p>Aqu\u00ed hay preguntas que deben responderse con precisi\u00f3n, no con evasivas: se dice que una empresa privada es la responsable, pero no se dice cual empresa. \u00bfhubo o no un derrame? \u00bfCu\u00e1l es su origen? \u00bfQu\u00e9 dependencias est\u00e1n interviniendo? \u00bfQu\u00e9 medidas de contenci\u00f3n se han implementado? \u00bfQu\u00e9 an\u00e1lisis de agua y fauna se han realizado? \u00bfQui\u00e9n va a asumir las consecuencias?<\/p>\n<p>Porque el silencio tambi\u00e9n contamina. Y en este caso, contamina tanto como el petr\u00f3leo.<\/p>\n<p>La Isla de Sacrificios, cuyo nombre evoca episodios hist\u00f3ricos de violencia y simbolismo, hoy vuelve a ser escenario de una tragedia, esta vez ambiental. No por designio divino ni por fatalidad natural, sino por la suma de negligencias humanas.<\/p>\n<p>M\u00e9xico no puede seguir reaccionando tarde ante sus crisis ecol\u00f3gicas. Se requiere una pol\u00edtica ambiental que no est\u00e9 subordinada a intereses econ\u00f3micos o pol\u00edticos de corto plazo. Se necesita fortalecer a las instituciones, dotarlas de autonom\u00eda real y garantizar que las sanciones no sean excepcionales, sino la regla cuando se viola la ley.<\/p>\n<p>Pero, sobre todo, se necesita voluntad. Voluntad para decir la verdad, aunque incomode. Voluntad para actuar, aunque cueste. Voluntad para entender que el medio ambiente no es un recurso infinito, sino una responsabilidad compartida.<\/p>\n<p>Porque cada tortuga muerta, y cada mancha de crudo en el mar no son solo da\u00f1os colaterales: son advertencias.<\/p>\n<p>Y las advertencias, cuando se ignoran, se convierten en tragedias.<\/p>\n<p>Negar el desastre no limpia el petr\u00f3leo: solo hunde m\u00e1s profundo la responsabilidad de quienes prefieren callar antes que actuar.<\/p>\n<p><img data-recalc-dims=\"1\" loading=\"lazy\" decoding=\"async\" class=\"aligncenter size-full wp-image-82304\" src=\"https:\/\/i0.wp.com\/politicosaldesnudo.com.mx\/wp-content\/uploads\/2026\/03\/FIRMA-EDITORIAL-PD-7.jpg?resize=1024%2C125&#038;ssl=1\" alt=\"\" width=\"1024\" height=\"125\" srcset=\"https:\/\/i0.wp.com\/politicosaldesnudo.com.mx\/wp-content\/uploads\/2026\/03\/FIRMA-EDITORIAL-PD-7.jpg?w=1024&amp;ssl=1 1024w, https:\/\/i0.wp.com\/politicosaldesnudo.com.mx\/wp-content\/uploads\/2026\/03\/FIRMA-EDITORIAL-PD-7.jpg?resize=300%2C37&amp;ssl=1 300w, https:\/\/i0.wp.com\/politicosaldesnudo.com.mx\/wp-content\/uploads\/2026\/03\/FIRMA-EDITORIAL-PD-7.jpg?resize=768%2C94&amp;ssl=1 768w\" sizes=\"auto, (max-width: 1000px) 100vw, 1000px\" \/><\/p>\n","protected":false},"excerpt":{"rendered":"<p>A pocos d\u00edas de que comiencen las vacaciones de Semana Santa, los hechos desmienten las versiones oficiales de que la [&hellip;]<\/p>\n","protected":false},"author":4,"featured_media":80293,"comment_status":"closed","ping_status":"closed","sticky":false,"template":"","format":"standard","meta":{"site-sidebar-layout":"default","site-content-layout":"","ast-site-content-layout":"default","site-content-style":"default","site-sidebar-style":"default","ast-global-header-display":"","ast-banner-title-visibility":"","ast-main-header-display":"","ast-hfb-above-header-display":"","ast-hfb-below-header-display":"","ast-hfb-mobile-header-display":"","site-post-title":"","ast-breadcrumbs-content":"","ast-featured-img":"","footer-sml-layout":"","ast-disable-related-posts":"","theme-transparent-header-meta":"","adv-header-id-meta":"","stick-header-meta":"","header-above-stick-meta":"","header-main-stick-meta":"","header-below-stick-meta":"","astra-migrate-meta-layouts":"default","ast-page-background-enabled":"default","ast-page-background-meta":{"desktop":{"background-color":"var(--ast-global-color-5)","background-image":"","background-repeat":"repeat","background-position":"center center","background-size":"auto","background-attachment":"scroll","background-type":"","background-media":"","overlay-type":"","overlay-color":"","overlay-opacity":"","overlay-gradient":""},"tablet":{"background-color":"","background-image":"","background-repeat":"repeat","background-position":"center center","background-size":"auto","background-attachment":"scroll","background-type":"","background-media":"","overlay-type":"","overlay-color":"","overlay-opacity":"","overlay-gradient":""},"mobile":{"background-color":"","background-image":"","background-repeat":"repeat","background-position":"center center","background-size":"auto","background-attachment":"scroll","background-type":"","background-media":"","overlay-type":"","overlay-color":"","overlay-opacity":"","overlay-gradient":""}},"ast-content-background-meta":{"desktop":{"background-color":"var(--ast-global-color-4)","background-image":"","background-repeat":"repeat","background-position":"center center","background-size":"auto","background-attachment":"scroll","background-type":"","background-media":"","overlay-type":"","overlay-color":"","overlay-opacity":"","overlay-gradient":""},"tablet":{"background-color":"var(--ast-global-color-4)","background-image":"","background-repeat":"repeat","background-position":"center center","background-size":"auto","background-attachment":"scroll","background-type":"","background-media":"","overlay-type":"","overlay-color":"","overlay-opacity":"","overlay-gradient":""},"mobile":{"background-color":"var(--ast-global-color-4)","background-image":"","background-repeat":"repeat","background-position":"center center","background-size":"auto","background-attachment":"scroll","background-type":"","background-media":"","overlay-type":"","overlay-color":"","overlay-opacity":"","overlay-gradient":""}},"_jetpack_newsletter_access":"","_jetpack_dont_email_post_to_subs":false,"_jetpack_newsletter_tier_id":0,"_jetpack_memberships_contains_paywalled_content":false,"_jetpack_feature_clip_id":0,"_jetpack_memberships_contains_paid_content":false,"footnotes":"","jetpack_publicize_message":"","jetpack_publicize_feature_enabled":true,"jetpack_social_post_already_shared":true,"jetpack_social_options":{"image_generator_settings":{"template":"highway","default_image_id":0,"font":"","enabled":false},"version":2},"jetpack_post_was_ever_published":false},"categories":[26],"tags":[],"class_list":["post-82308","post","type-post","status-publish","format-standard","has-post-thumbnail","hentry","category-columnistas"],"yoast_head":"<!-- This site is optimized with the Yoast SEO plugin v28.3 - https:\/\/yoast.com\/product\/yoast-seo-wordpress\/ -->\n<title>Isla de Sacrificios: el silencio oficial huele a petr\u00f3leo - Pol\u00edticos al Desnudo<\/title>\n<meta name=\"robots\" content=\"index, follow, max-snippet:-1, max-image-preview:large, max-video-preview:-1\" \/>\n<link rel=\"canonical\" href=\"https:\/\/politicosaldesnudo.com.mx\/index.php\/2026\/03\/24\/isla-de-sacrificios-el-silencio-oficial-huele-a-petroleo\/\" \/>\n<meta property=\"og:locale\" content=\"es_ES\" \/>\n<meta property=\"og:type\" content=\"article\" \/>\n<meta property=\"og:title\" content=\"Isla de Sacrificios: el silencio oficial huele a petr\u00f3leo - Pol\u00edticos al Desnudo\" \/>\n<meta property=\"og:description\" content=\"A pocos d\u00edas de que comiencen las vacaciones de Semana Santa, los hechos desmienten las versiones oficiales de que la [&hellip;]\" \/>\n<meta property=\"og:url\" content=\"https:\/\/politicosaldesnudo.com.mx\/index.php\/2026\/03\/24\/isla-de-sacrificios-el-silencio-oficial-huele-a-petroleo\/\" \/>\n<meta property=\"og:site_name\" content=\"Pol\u00edticos al Desnudo\" \/>\n<meta property=\"article:publisher\" content=\"https:\/\/www.facebook.com\/PoliticosAD\" \/>\n<meta property=\"article:published_time\" content=\"2026-03-24T15:52:04+00:00\" \/>\n<meta property=\"article:modified_time\" content=\"2026-03-29T20:53:22+00:00\" \/>\n<meta property=\"og:image\" content=\"https:\/\/i0.wp.com\/politicosaldesnudo.com.mx\/wp-content\/uploads\/2026\/02\/CRISTIANI-2-1.jpg?fit=800%2C445&ssl=1\" \/>\n\t<meta property=\"og:image:width\" content=\"800\" \/>\n\t<meta property=\"og:image:height\" content=\"445\" \/>\n\t<meta property=\"og:image:type\" content=\"image\/jpeg\" \/>\n<meta name=\"author\" content=\"Redacci\u00f3n Pol\u00edticos\" \/>\n<meta name=\"twitter:card\" content=\"summary_large_image\" \/>\n<meta name=\"twitter:label1\" content=\"Escrito por\" \/>\n\t<meta name=\"twitter:data1\" content=\"Redacci\u00f3n Pol\u00edticos\" \/>\n\t<meta name=\"twitter:label2\" content=\"Tiempo de lectura\" \/>\n\t<meta name=\"twitter:data2\" content=\"5 minutos\" \/>\n<script type=\"application\/ld+json\" class=\"yoast-schema-graph\">{\"@context\":\"https:\\\/\\\/schema.org\",\"@graph\":[{\"@type\":\"Article\",\"@id\":\"https:\\\/\\\/politicosaldesnudo.com.mx\\\/index.php\\\/2026\\\/03\\\/24\\\/isla-de-sacrificios-el-silencio-oficial-huele-a-petroleo\\\/#article\",\"isPartOf\":{\"@id\":\"https:\\\/\\\/politicosaldesnudo.com.mx\\\/index.php\\\/2026\\\/03\\\/24\\\/isla-de-sacrificios-el-silencio-oficial-huele-a-petroleo\\\/\"},\"author\":{\"name\":\"Redacci\u00f3n Pol\u00edticos\",\"@id\":\"https:\\\/\\\/politicosaldesnudo.com.mx\\\/#\\\/schema\\\/person\\\/ef3a64e561cc3f3f5dc52fab81adde7e\"},\"headline\":\"Isla de Sacrificios: el silencio oficial huele a petr\u00f3leo\",\"datePublished\":\"2026-03-24T15:52:04+00:00\",\"dateModified\":\"2026-03-29T20:53:22+00:00\",\"mainEntityOfPage\":{\"@id\":\"https:\\\/\\\/politicosaldesnudo.com.mx\\\/index.php\\\/2026\\\/03\\\/24\\\/isla-de-sacrificios-el-silencio-oficial-huele-a-petroleo\\\/\"},\"wordCount\":954,\"publisher\":{\"@id\":\"https:\\\/\\\/politicosaldesnudo.com.mx\\\/#organization\"},\"image\":{\"@id\":\"https:\\\/\\\/politicosaldesnudo.com.mx\\\/index.php\\\/2026\\\/03\\\/24\\\/isla-de-sacrificios-el-silencio-oficial-huele-a-petroleo\\\/#primaryimage\"},\"thumbnailUrl\":\"https:\\\/\\\/i0.wp.com\\\/politicosaldesnudo.com.mx\\\/wp-content\\\/uploads\\\/2026\\\/02\\\/CRISTIANI-2-1.jpg?fit=800%2C445&ssl=1\",\"articleSection\":[\"OPINI\u00d3N\"],\"inLanguage\":\"es\"},{\"@type\":\"WebPage\",\"@id\":\"https:\\\/\\\/politicosaldesnudo.com.mx\\\/index.php\\\/2026\\\/03\\\/24\\\/isla-de-sacrificios-el-silencio-oficial-huele-a-petroleo\\\/\",\"url\":\"https:\\\/\\\/politicosaldesnudo.com.mx\\\/index.php\\\/2026\\\/03\\\/24\\\/isla-de-sacrificios-el-silencio-oficial-huele-a-petroleo\\\/\",\"name\":\"Isla de Sacrificios: el silencio oficial huele a petr\u00f3leo - Pol\u00edticos al Desnudo\",\"isPartOf\":{\"@id\":\"https:\\\/\\\/politicosaldesnudo.com.mx\\\/#website\"},\"primaryImageOfPage\":{\"@id\":\"https:\\\/\\\/politicosaldesnudo.com.mx\\\/index.php\\\/2026\\\/03\\\/24\\\/isla-de-sacrificios-el-silencio-oficial-huele-a-petroleo\\\/#primaryimage\"},\"image\":{\"@id\":\"https:\\\/\\\/politicosaldesnudo.com.mx\\\/index.php\\\/2026\\\/03\\\/24\\\/isla-de-sacrificios-el-silencio-oficial-huele-a-petroleo\\\/#primaryimage\"},\"thumbnailUrl\":\"https:\\\/\\\/i0.wp.com\\\/politicosaldesnudo.com.mx\\\/wp-content\\\/uploads\\\/2026\\\/02\\\/CRISTIANI-2-1.jpg?fit=800%2C445&ssl=1\",\"datePublished\":\"2026-03-24T15:52:04+00:00\",\"dateModified\":\"2026-03-29T20:53:22+00:00\",\"breadcrumb\":{\"@id\":\"https:\\\/\\\/politicosaldesnudo.com.mx\\\/index.php\\\/2026\\\/03\\\/24\\\/isla-de-sacrificios-el-silencio-oficial-huele-a-petroleo\\\/#breadcrumb\"},\"inLanguage\":\"es\",\"potentialAction\":[{\"@type\":\"ReadAction\",\"target\":[\"https:\\\/\\\/politicosaldesnudo.com.mx\\\/index.php\\\/2026\\\/03\\\/24\\\/isla-de-sacrificios-el-silencio-oficial-huele-a-petroleo\\\/\"]}]},{\"@type\":\"ImageObject\",\"inLanguage\":\"es\",\"@id\":\"https:\\\/\\\/politicosaldesnudo.com.mx\\\/index.php\\\/2026\\\/03\\\/24\\\/isla-de-sacrificios-el-silencio-oficial-huele-a-petroleo\\\/#primaryimage\",\"url\":\"https:\\\/\\\/i0.wp.com\\\/politicosaldesnudo.com.mx\\\/wp-content\\\/uploads\\\/2026\\\/02\\\/CRISTIANI-2-1.jpg?fit=800%2C445&ssl=1\",\"contentUrl\":\"https:\\\/\\\/i0.wp.com\\\/politicosaldesnudo.com.mx\\\/wp-content\\\/uploads\\\/2026\\\/02\\\/CRISTIANI-2-1.jpg?fit=800%2C445&ssl=1\",\"width\":800,\"height\":445},{\"@type\":\"BreadcrumbList\",\"@id\":\"https:\\\/\\\/politicosaldesnudo.com.mx\\\/index.php\\\/2026\\\/03\\\/24\\\/isla-de-sacrificios-el-silencio-oficial-huele-a-petroleo\\\/#breadcrumb\",\"itemListElement\":[{\"@type\":\"ListItem\",\"position\":1,\"name\":\"Portada\",\"item\":\"https:\\\/\\\/politicosaldesnudo.com.mx\\\/\"},{\"@type\":\"ListItem\",\"position\":2,\"name\":\"Isla de Sacrificios: el silencio oficial huele a petr\u00f3leo\"}]},{\"@type\":\"WebSite\",\"@id\":\"https:\\\/\\\/politicosaldesnudo.com.mx\\\/#website\",\"url\":\"https:\\\/\\\/politicosaldesnudo.com.mx\\\/\",\"name\":\"Pol\u00edticos al Desnudo\",\"description\":\"\",\"publisher\":{\"@id\":\"https:\\\/\\\/politicosaldesnudo.com.mx\\\/#organization\"},\"potentialAction\":[{\"@type\":\"SearchAction\",\"target\":{\"@type\":\"EntryPoint\",\"urlTemplate\":\"https:\\\/\\\/politicosaldesnudo.com.mx\\\/?s={search_term_string}\"},\"query-input\":{\"@type\":\"PropertyValueSpecification\",\"valueRequired\":true,\"valueName\":\"search_term_string\"}}],\"inLanguage\":\"es\"},{\"@type\":\"Organization\",\"@id\":\"https:\\\/\\\/politicosaldesnudo.com.mx\\\/#organization\",\"name\":\"Pol\u00edticos al Desnudo\",\"url\":\"https:\\\/\\\/politicosaldesnudo.com.mx\\\/\",\"logo\":{\"@type\":\"ImageObject\",\"inLanguage\":\"es\",\"@id\":\"https:\\\/\\\/politicosaldesnudo.com.mx\\\/#\\\/schema\\\/logo\\\/image\\\/\",\"url\":\"https:\\\/\\\/i0.wp.com\\\/politicosaldesnudo.com.mx\\\/wp-content\\\/uploads\\\/2026\\\/08\\\/cropped-logo.webp?fit=400%2C126&ssl=1\",\"contentUrl\":\"https:\\\/\\\/i0.wp.com\\\/politicosaldesnudo.com.mx\\\/wp-content\\\/uploads\\\/2026\\\/08\\\/cropped-logo.webp?fit=400%2C126&ssl=1\",\"width\":400,\"height\":126,\"caption\":\"Pol\u00edticos al Desnudo\"},\"image\":{\"@id\":\"https:\\\/\\\/politicosaldesnudo.com.mx\\\/#\\\/schema\\\/logo\\\/image\\\/\"},\"sameAs\":[\"https:\\\/\\\/www.facebook.com\\\/PoliticosAD\"]},{\"@type\":\"Person\",\"@id\":\"https:\\\/\\\/politicosaldesnudo.com.mx\\\/#\\\/schema\\\/person\\\/ef3a64e561cc3f3f5dc52fab81adde7e\",\"name\":\"Redacci\u00f3n Pol\u00edticos\",\"url\":\"https:\\\/\\\/politicosaldesnudo.com.mx\\\/index.php\\\/author\\\/redaccion-politicos\\\/\"}]}<\/script>\n<!-- \/ Yoast SEO plugin. -->","yoast_head_json":{"title":"Isla de Sacrificios: el silencio oficial huele a petr\u00f3leo - Pol\u00edticos al Desnudo","robots":{"index":"index","follow":"follow","max-snippet":"max-snippet:-1","max-image-preview":"max-image-preview:large","max-video-preview":"max-video-preview:-1"},"canonical":"https:\/\/politicosaldesnudo.com.mx\/index.php\/2026\/03\/24\/isla-de-sacrificios-el-silencio-oficial-huele-a-petroleo\/","og_locale":"es_ES","og_type":"article","og_title":"Isla de Sacrificios: el silencio oficial huele a petr\u00f3leo - Pol\u00edticos al Desnudo","og_description":"A pocos d\u00edas de que comiencen las vacaciones de Semana Santa, los hechos desmienten las versiones oficiales de que la [&hellip;]","og_url":"https:\/\/politicosaldesnudo.com.mx\/index.php\/2026\/03\/24\/isla-de-sacrificios-el-silencio-oficial-huele-a-petroleo\/","og_site_name":"Pol\u00edticos al Desnudo","article_publisher":"https:\/\/www.facebook.com\/PoliticosAD","article_published_time":"2026-03-24T15:52:04+00:00","article_modified_time":"2026-03-29T20:53:22+00:00","og_image":[{"width":800,"height":445,"url":"https:\/\/i0.wp.com\/politicosaldesnudo.com.mx\/wp-content\/uploads\/2026\/02\/CRISTIANI-2-1.jpg?fit=800%2C445&ssl=1","type":"image\/jpeg"}],"author":"Redacci\u00f3n Pol\u00edticos","twitter_card":"summary_large_image","twitter_misc":{"Escrito por":"Redacci\u00f3n Pol\u00edticos","Tiempo de lectura":"5 minutos"},"schema":{"@context":"https:\/\/schema.org","@graph":[{"@type":"Article","@id":"https:\/\/politicosaldesnudo.com.mx\/index.php\/2026\/03\/24\/isla-de-sacrificios-el-silencio-oficial-huele-a-petroleo\/#article","isPartOf":{"@id":"https:\/\/politicosaldesnudo.com.mx\/index.php\/2026\/03\/24\/isla-de-sacrificios-el-silencio-oficial-huele-a-petroleo\/"},"author":{"name":"Redacci\u00f3n Pol\u00edticos","@id":"https:\/\/politicosaldesnudo.com.mx\/#\/schema\/person\/ef3a64e561cc3f3f5dc52fab81adde7e"},"headline":"Isla de Sacrificios: el silencio oficial huele a petr\u00f3leo","datePublished":"2026-03-24T15:52:04+00:00","dateModified":"2026-03-29T20:53:22+00:00","mainEntityOfPage":{"@id":"https:\/\/politicosaldesnudo.com.mx\/index.php\/2026\/03\/24\/isla-de-sacrificios-el-silencio-oficial-huele-a-petroleo\/"},"wordCount":954,"publisher":{"@id":"https:\/\/politicosaldesnudo.com.mx\/#organization"},"image":{"@id":"https:\/\/politicosaldesnudo.com.mx\/index.php\/2026\/03\/24\/isla-de-sacrificios-el-silencio-oficial-huele-a-petroleo\/#primaryimage"},"thumbnailUrl":"https:\/\/i0.wp.com\/politicosaldesnudo.com.mx\/wp-content\/uploads\/2026\/02\/CRISTIANI-2-1.jpg?fit=800%2C445&ssl=1","articleSection":["OPINI\u00d3N"],"inLanguage":"es"},{"@type":"WebPage","@id":"https:\/\/politicosaldesnudo.com.mx\/index.php\/2026\/03\/24\/isla-de-sacrificios-el-silencio-oficial-huele-a-petroleo\/","url":"https:\/\/politicosaldesnudo.com.mx\/index.php\/2026\/03\/24\/isla-de-sacrificios-el-silencio-oficial-huele-a-petroleo\/","name":"Isla de Sacrificios: el silencio oficial huele a petr\u00f3leo - Pol\u00edticos al Desnudo","isPartOf":{"@id":"https:\/\/politicosaldesnudo.com.mx\/#website"},"primaryImageOfPage":{"@id":"https:\/\/politicosaldesnudo.com.mx\/index.php\/2026\/03\/24\/isla-de-sacrificios-el-silencio-oficial-huele-a-petroleo\/#primaryimage"},"image":{"@id":"https:\/\/politicosaldesnudo.com.mx\/index.php\/2026\/03\/24\/isla-de-sacrificios-el-silencio-oficial-huele-a-petroleo\/#primaryimage"},"thumbnailUrl":"https:\/\/i0.wp.com\/politicosaldesnudo.com.mx\/wp-content\/uploads\/2026\/02\/CRISTIANI-2-1.jpg?fit=800%2C445&ssl=1","datePublished":"2026-03-24T15:52:04+00:00","dateModified":"2026-03-29T20:53:22+00:00","breadcrumb":{"@id":"https:\/\/politicosaldesnudo.com.mx\/index.php\/2026\/03\/24\/isla-de-sacrificios-el-silencio-oficial-huele-a-petroleo\/#breadcrumb"},"inLanguage":"es","potentialAction":[{"@type":"ReadAction","target":["https:\/\/politicosaldesnudo.com.mx\/index.php\/2026\/03\/24\/isla-de-sacrificios-el-silencio-oficial-huele-a-petroleo\/"]}]},{"@type":"ImageObject","inLanguage":"es","@id":"https:\/\/politicosaldesnudo.com.mx\/index.php\/2026\/03\/24\/isla-de-sacrificios-el-silencio-oficial-huele-a-petroleo\/#primaryimage","url":"https:\/\/i0.wp.com\/politicosaldesnudo.com.mx\/wp-content\/uploads\/2026\/02\/CRISTIANI-2-1.jpg?fit=800%2C445&ssl=1","contentUrl":"https:\/\/i0.wp.com\/politicosaldesnudo.com.mx\/wp-content\/uploads\/2026\/02\/CRISTIANI-2-1.jpg?fit=800%2C445&ssl=1","width":800,"height":445},{"@type":"BreadcrumbList","@id":"https:\/\/politicosaldesnudo.com.mx\/index.php\/2026\/03\/24\/isla-de-sacrificios-el-silencio-oficial-huele-a-petroleo\/#breadcrumb","itemListElement":[{"@type":"ListItem","position":1,"name":"Portada","item":"https:\/\/politicosaldesnudo.com.mx\/"},{"@type":"ListItem","position":2,"name":"Isla de Sacrificios: el silencio oficial huele a petr\u00f3leo"}]},{"@type":"WebSite","@id":"https:\/\/politicosaldesnudo.com.mx\/#website","url":"https:\/\/politicosaldesnudo.com.mx\/","name":"Pol\u00edticos al Desnudo","description":"","publisher":{"@id":"https:\/\/politicosaldesnudo.com.mx\/#organization"},"potentialAction":[{"@type":"SearchAction","target":{"@type":"EntryPoint","urlTemplate":"https:\/\/politicosaldesnudo.com.mx\/?s={search_term_string}"},"query-input":{"@type":"PropertyValueSpecification","valueRequired":true,"valueName":"search_term_string"}}],"inLanguage":"es"},{"@type":"Organization","@id":"https:\/\/politicosaldesnudo.com.mx\/#organization","name":"Pol\u00edticos al Desnudo","url":"https:\/\/politicosaldesnudo.com.mx\/","logo":{"@type":"ImageObject","inLanguage":"es","@id":"https:\/\/politicosaldesnudo.com.mx\/#\/schema\/logo\/image\/","url":"https:\/\/i0.wp.com\/politicosaldesnudo.com.mx\/wp-content\/uploads\/2026\/08\/cropped-logo.webp?fit=400%2C126&ssl=1","contentUrl":"https:\/\/i0.wp.com\/politicosaldesnudo.com.mx\/wp-content\/uploads\/2026\/08\/cropped-logo.webp?fit=400%2C126&ssl=1","width":400,"height":126,"caption":"Pol\u00edticos al Desnudo"},"image":{"@id":"https:\/\/politicosaldesnudo.com.mx\/#\/schema\/logo\/image\/"},"sameAs":["https:\/\/www.facebook.com\/PoliticosAD"]},{"@type":"Person","@id":"https:\/\/politicosaldesnudo.com.mx\/#\/schema\/person\/ef3a64e561cc3f3f5dc52fab81adde7e","name":"Redacci\u00f3n Pol\u00edticos","url":"https:\/\/politicosaldesnudo.com.mx\/index.php\/author\/redaccion-politicos\/"}]}},"jetpack_publicize_connections":[],"jetpack-related-posts":[{"id":49429,"url":"https:\/\/politicosaldesnudo.com.mx\/index.php\/2024\/10\/30\/petroleo-de-veracruz-a-cuba\/","url_meta":{"origin":82308,"position":0},"title":"Petr\u00f3leo de Veracruz a Cuba","author":"Redacci\u00f3n Pol\u00edticos","date":"30 de octubre de 2024","format":false,"excerpt":"\u00b7\u00a0\u00a0\u00a0\u00a0\u00a0 \u00a0400 mil barriles de crudo a Cuba para mitigar crisis energ\u00e9tica \u00b7\u00a0\u00a0\u00a0\u00a0\u00a0 \u00a0El env\u00edo es una \u201cdonaci\u00f3n\u201d del Estado mexicano \u00b7\u00a0\u00a0\u00a0\u00a0\u00a0 \u00a0El tanquero petrolero cubano Vilma parti\u00f3 del puerto de Pajaritos Por Miguel \u00c1ngel Cristiani G. El tanquero Vilma zarp\u00f3 del puerto de Pajaritos, Veracruz, con 400 mil barriles\u2026","rel":"","context":"En \u00abOPINI\u00d3N\u00bb","block_context":{"text":"OPINI\u00d3N","link":"https:\/\/politicosaldesnudo.com.mx\/index.php\/category\/columnistas\/"},"img":{"alt_text":"","src":"https:\/\/i0.wp.com\/politicosaldesnudo.com.mx\/wp-content\/uploads\/2024\/09\/CRISTIANI-2.jpg?fit=800%2C445&ssl=1&resize=350%2C200","width":350,"height":200,"srcset":"https:\/\/i0.wp.com\/politicosaldesnudo.com.mx\/wp-content\/uploads\/2024\/09\/CRISTIANI-2.jpg?fit=800%2C445&ssl=1&resize=350%2C200 1x, https:\/\/i0.wp.com\/politicosaldesnudo.com.mx\/wp-content\/uploads\/2024\/09\/CRISTIANI-2.jpg?fit=800%2C445&ssl=1&resize=525%2C300 1.5x, https:\/\/i0.wp.com\/politicosaldesnudo.com.mx\/wp-content\/uploads\/2024\/09\/CRISTIANI-2.jpg?fit=800%2C445&ssl=1&resize=700%2C400 2x"},"classes":[]},{"id":88137,"url":"https:\/\/politicosaldesnudo.com.mx\/index.php\/2026\/08\/28\/trump-sella-megacuerdo-con-venezuela-estados-unidos-controlara-65-mil-millones-de-barriles-de-petroleo\/","url_meta":{"origin":82308,"position":1},"title":"Trump sella megacuerdo con Venezuela: Estados Unidos controlar\u00e1 65 mil millones de barriles de petr\u00f3leo","author":"Redacci\u00f3n Pol\u00edticos","date":"28 de agosto de 2026","format":false,"excerpt":"Estados Unidos tendr\u00e1 participaci\u00f3n mayoritaria sobre una parte estrat\u00e9gica de las reservas petroleras de Venezuela, luego de que el presidente Donald Trump anunciara un acuerdo que calific\u00f3 como el m\u00e1s grande alcanzado en la historia de la industria energ\u00e9tica. El convenio contempla que Washington obtenga el control operativo de m\u00e1s\u2026","rel":"","context":"En \u00abINTERNACIONAL\u00bb","block_context":{"text":"INTERNACIONAL","link":"https:\/\/politicosaldesnudo.com.mx\/index.php\/category\/internacional\/"},"img":{"alt_text":"","src":"https:\/\/i0.wp.com\/politicosaldesnudo.com.mx\/wp-content\/uploads\/2026\/08\/TRUNP.jpg?fit=640%2C427&ssl=1&resize=350%2C200","width":350,"height":200,"srcset":"https:\/\/i0.wp.com\/politicosaldesnudo.com.mx\/wp-content\/uploads\/2026\/08\/TRUNP.jpg?fit=640%2C427&ssl=1&resize=350%2C200 1x, https:\/\/i0.wp.com\/politicosaldesnudo.com.mx\/wp-content\/uploads\/2026\/08\/TRUNP.jpg?fit=640%2C427&ssl=1&resize=525%2C300 1.5x"},"classes":[]},{"id":47257,"url":"https:\/\/politicosaldesnudo.com.mx\/index.php\/2024\/09\/28\/presentan-nuevos-directores-de-pemex\/","url_meta":{"origin":82308,"position":2},"title":"Presentan nuevos directores de Pemex","author":"Redacci\u00f3n Pol\u00edticos","date":"28 de septiembre de 2024","format":false,"excerpt":"El aun director de Petr\u00f3leos mexicanos Octavio Romero Oropeza, present\u00f3 al nuevo equipo que estar\u00e1 al frente de la petrolera en la siguiente administraci\u00f3n a partir del 2 de octubre. Cargo y Nombre Direcci\u00f3n General de Pemex Exploraci\u00f3n y Producci\u00f3n - N\u00e9stor Martinez Romero Subdirecci\u00f3n de Exploraci\u00f3n\u00a0- Julio P\u00e9rez Aldana\u2026","rel":"","context":"En \u00abNACIONAL\u00bb","block_context":{"text":"NACIONAL","link":"https:\/\/politicosaldesnudo.com.mx\/index.php\/category\/nacional\/"},"img":{"alt_text":"","src":"https:\/\/i0.wp.com\/politicosaldesnudo.com.mx\/wp-content\/uploads\/2024\/09\/Pemex.jpg?fit=768%2C479&ssl=1&resize=350%2C200","width":350,"height":200,"srcset":"https:\/\/i0.wp.com\/politicosaldesnudo.com.mx\/wp-content\/uploads\/2024\/09\/Pemex.jpg?fit=768%2C479&ssl=1&resize=350%2C200 1x, https:\/\/i0.wp.com\/politicosaldesnudo.com.mx\/wp-content\/uploads\/2024\/09\/Pemex.jpg?fit=768%2C479&ssl=1&resize=525%2C300 1.5x, https:\/\/i0.wp.com\/politicosaldesnudo.com.mx\/wp-content\/uploads\/2024\/09\/Pemex.jpg?fit=768%2C479&ssl=1&resize=700%2C400 2x"},"classes":[]},{"id":28388,"url":"https:\/\/politicosaldesnudo.com.mx\/index.php\/2024\/01\/02\/favorece-a-turismo-el-buen-clima\/","url_meta":{"origin":82308,"position":3},"title":"Favorece a turismo  el buen clima","author":"Redacci\u00f3n Pol\u00edticos","date":"2 de enero de 2024","format":false,"excerpt":"Tuxpan.- Este primero de enero, cientos de tuxpe\u00f1os y turistas antes de volver a sus lugares de procedencia, aprovecharon el buen clima que se registr\u00f3 en la ciudad para disfrutar de la playa y posteriormente de la zona restaurantera de La Mata, por lo que existi\u00f3 gran afluencia en este\u2026","rel":"","context":"En \u00abTUXPAN\u00bb","block_context":{"text":"TUXPAN","link":"https:\/\/politicosaldesnudo.com.mx\/index.php\/category\/tuxpan\/"},"img":{"alt_text":"","src":"https:\/\/i0.wp.com\/politicosaldesnudo.com.mx\/wp-content\/uploads\/2024\/01\/4b.jpg?fit=1080%2C687&ssl=1&resize=350%2C200","width":350,"height":200,"srcset":"https:\/\/i0.wp.com\/politicosaldesnudo.com.mx\/wp-content\/uploads\/2024\/01\/4b.jpg?fit=1080%2C687&ssl=1&resize=350%2C200 1x, https:\/\/i0.wp.com\/politicosaldesnudo.com.mx\/wp-content\/uploads\/2024\/01\/4b.jpg?fit=1080%2C687&ssl=1&resize=525%2C300 1.5x, https:\/\/i0.wp.com\/politicosaldesnudo.com.mx\/wp-content\/uploads\/2024\/01\/4b.jpg?fit=1080%2C687&ssl=1&resize=700%2C400 2x, https:\/\/i0.wp.com\/politicosaldesnudo.com.mx\/wp-content\/uploads\/2024\/01\/4b.jpg?fit=1080%2C687&ssl=1&resize=1050%2C600 3x"},"classes":[]},{"id":28811,"url":"https:\/\/politicosaldesnudo.com.mx\/index.php\/2024\/01\/08\/va-lozoya-por-nuevo-amparo-contra-negativa-a-seguir-juicio-en-libertad\/","url_meta":{"origin":82308,"position":4},"title":"Va Lozoya por nuevo amparo contra negativa a seguir juicio en libertad","author":"Redacci\u00f3n Pol\u00edticos","date":"8 de enero de 2024","format":false,"excerpt":"Emilio Lozoya Austin, ex director de Petr\u00f3leos Mexicanos (Pemex), promovi\u00f3 un nuevo juicio de amparo contra la resoluci\u00f3n de un juez federal que le neg\u00f3 el cambio de medida cautelar para seguir su juicio en libertad por el caso Odebrecht. El ex funcionario inicio el juicio de amparo el pasado\u2026","rel":"","context":"En \u00abNACIONAL\u00bb","block_context":{"text":"NACIONAL","link":"https:\/\/politicosaldesnudo.com.mx\/index.php\/category\/nacional\/"},"img":{"alt_text":"","src":"https:\/\/i0.wp.com\/politicosaldesnudo.com.mx\/wp-content\/uploads\/2024\/01\/emilio-lozoya-2.jpeg?fit=1131%2C645&ssl=1&resize=350%2C200","width":350,"height":200,"srcset":"https:\/\/i0.wp.com\/politicosaldesnudo.com.mx\/wp-content\/uploads\/2024\/01\/emilio-lozoya-2.jpeg?fit=1131%2C645&ssl=1&resize=350%2C200 1x, https:\/\/i0.wp.com\/politicosaldesnudo.com.mx\/wp-content\/uploads\/2024\/01\/emilio-lozoya-2.jpeg?fit=1131%2C645&ssl=1&resize=525%2C300 1.5x, https:\/\/i0.wp.com\/politicosaldesnudo.com.mx\/wp-content\/uploads\/2024\/01\/emilio-lozoya-2.jpeg?fit=1131%2C645&ssl=1&resize=700%2C400 2x, https:\/\/i0.wp.com\/politicosaldesnudo.com.mx\/wp-content\/uploads\/2024\/01\/emilio-lozoya-2.jpeg?fit=1131%2C645&ssl=1&resize=1050%2C600 3x"},"classes":[]},{"id":33280,"url":"https:\/\/politicosaldesnudo.com.mx\/index.php\/2024\/03\/12\/buscaremos-el-desarrollo-de-tuxpan-y-la-region-jv\/","url_meta":{"origin":82308,"position":5},"title":"Buscaremos el desarrollo de Tuxpan y la regi\u00f3n: JV","author":"Redacci\u00f3n Pol\u00edticos","date":"12 de marzo de 2024","format":false,"excerpt":"TUXPAN.- De acuerdo con lo mencionado en entrevista por el candidato del Movimiento de Regeneraci\u00f3n Nacional Javier Vel\u00e1zquez Vallejo, la zona norte del estado ha estado olvidada por muchos a\u00f1os, y aunque sus municipios tienen un gran potencial en diversos rubros, \u00e9stos han sido debidamente apoyados y respaldados, por lo\u2026","rel":"","context":"En \u00abTUXPAN\u00bb","block_context":{"text":"TUXPAN","link":"https:\/\/politicosaldesnudo.com.mx\/index.php\/category\/tuxpan\/"},"img":{"alt_text":"","src":"https:\/\/i0.wp.com\/politicosaldesnudo.com.mx\/wp-content\/uploads\/2024\/03\/4a-4.jpg?fit=1080%2C720&ssl=1&resize=350%2C200","width":350,"height":200,"srcset":"https:\/\/i0.wp.com\/politicosaldesnudo.com.mx\/wp-content\/uploads\/2024\/03\/4a-4.jpg?fit=1080%2C720&ssl=1&resize=350%2C200 1x, https:\/\/i0.wp.com\/politicosaldesnudo.com.mx\/wp-content\/uploads\/2024\/03\/4a-4.jpg?fit=1080%2C720&ssl=1&resize=525%2C300 1.5x, https:\/\/i0.wp.com\/politicosaldesnudo.com.mx\/wp-content\/uploads\/2024\/03\/4a-4.jpg?fit=1080%2C720&ssl=1&resize=700%2C400 2x, https:\/\/i0.wp.com\/politicosaldesnudo.com.mx\/wp-content\/uploads\/2024\/03\/4a-4.jpg?fit=1080%2C720&ssl=1&resize=1050%2C600 3x"},"classes":[]}],"jetpack_sharing_enabled":true,"jetpack_featured_media_url":"https:\/\/i0.wp.com\/politicosaldesnudo.com.mx\/wp-content\/uploads\/2026\/02\/CRISTIANI-2-1.jpg?fit=800%2C445&ssl=1","_links":{"self":[{"href":"https:\/\/politicosaldesnudo.com.mx\/index.php\/wp-json\/wp\/v2\/posts\/82308","targetHints":{"allow":["GET"]}}],"collection":[{"href":"https:\/\/politicosaldesnudo.com.mx\/index.php\/wp-json\/wp\/v2\/posts"}],"about":[{"href":"https:\/\/politicosaldesnudo.com.mx\/index.php\/wp-json\/wp\/v2\/types\/post"}],"author":[{"embeddable":true,"href":"https:\/\/politicosaldesnudo.com.mx\/index.php\/wp-json\/wp\/v2\/users\/4"}],"replies":[{"embeddable":true,"href":"https:\/\/politicosaldesnudo.com.mx\/index.php\/wp-json\/wp\/v2\/comments?post=82308"}],"version-history":[{"count":0,"href":"https:\/\/politicosaldesnudo.com.mx\/index.php\/wp-json\/wp\/v2\/posts\/82308\/revisions"}],"wp:featuredmedia":[{"embeddable":true,"href":"https:\/\/politicosaldesnudo.com.mx\/index.php\/wp-json\/wp\/v2\/media\/80293"}],"wp:attachment":[{"href":"https:\/\/politicosaldesnudo.com.mx\/index.php\/wp-json\/wp\/v2\/media?parent=82308"}],"wp:term":[{"taxonomy":"category","embeddable":true,"href":"https:\/\/politicosaldesnudo.com.mx\/index.php\/wp-json\/wp\/v2\/categories?post=82308"},{"taxonomy":"post_tag","embeddable":true,"href":"https:\/\/politicosaldesnudo.com.mx\/index.php\/wp-json\/wp\/v2\/tags?post=82308"}],"curies":[{"name":"wp","href":"https:\/\/api.w.org\/{rel}","templated":true}]}}