{"id":82662,"date":"2026-04-04T21:05:40","date_gmt":"2026-04-05T03:05:40","guid":{"rendered":"https:\/\/politicosaldesnudo.com.mx\/?p=82662"},"modified":"2026-04-05T21:07:09","modified_gmt":"2026-04-06T03:07:09","slug":"el-banquete-de-da-rectoria-y-el-ocaso-de-la-autonomia-las-pensiones-doradas-en-veracruz","status":"publish","type":"post","link":"https:\/\/politicosaldesnudo.com.mx\/index.php\/2026\/04\/04\/el-banquete-de-da-rectoria-y-el-ocaso-de-la-autonomia-las-pensiones-doradas-en-veracruz\/","title":{"rendered":"El Banquete de da Rector\u00eda y el Ocaso de la Autonom\u00eda: Las Pensiones Doradas en Veracruz"},"content":{"rendered":"<p>\u00b7\u00a0\u00a0\u00a0\u00a0 \u00a0<b>La paradoja de la austeridad y el refugio de los privilegios<\/b><\/p>\n<p>En la pol\u00edtica veracruzana, las palabras suelen ser c\u00e1scaras vac\u00edas que el viento de la realidad se encarga de dispersar. El t\u00e9rmino \u00abregeneraci\u00f3n\u00bb, tan pregonado en los \u00faltimos a\u00f1os, se ha convertido en una amarga iron\u00eda para el ciudadano que observa c\u00f3mo los vicios del pasado no solo persisten, sino que se perfeccionan bajo nuevos membretes. Mientras el discurso oficial satura el ambiente con promesas de limpieza moral y ruptura con la opacidad, en los pasillos de la Rector\u00eda de la Universidad Veracruzana (UV) se cocina un banquete de privilegios que ofende la inteligencia colectiva y la precaria econom\u00eda del estado.<\/p>\n<p>La reciente controversia sobre las llamadas \u00abpensiones doradas\u00bb no es un hecho aislado ni un simple ajuste administrativo. Es el s\u00edntoma de una enfermedad institucional donde el poder se utiliza para blindar el futuro personal a costa del erario p\u00fablico. La insistencia de Mart\u00edn Aguilar S\u00e1nchez por permanecer al frente de la m\u00e1xima casa de estudios, mediante una pr\u00f3rroga que muchos consideran ilegal, tiene un trasfondo financiero que hoy sale a la luz con la fuerza de un esc\u00e1ndalo: asegurar una jubilaci\u00f3n superior a los 120,000 pesos mensuales, una cifra que ni siquiera la actual gobernadora, Roc\u00edo Nahle, percibe en el ejercicio de sus funciones.<\/p>\n<p>Contradicciones en el blindaje de jubilaciones<\/p>\n<p>Existe una paradoja central: mientras el Congreso de Veracruz aprob\u00f3 reformas en marzo de 2026 para topar las pensiones al 50% del salario presidencial (aproximadamente 70,000 pesos), surgen versiones s\u00f3lidas en c\u00edrculos acad\u00e9micos sobre la pretensi\u00f3n del Rector de la UV de asegurar un retiro de 120,000 pesos. Esta cifra no solo desaf\u00eda el nuevo marco legal, sino que superar\u00eda las percepciones netas de la gobernadora Roc\u00edo Nahle, estimadas en poco m\u00e1s de 84,000 pesos, lo que plantea un escenario de privilegios que contradice la narrativa de justicia social vigente.<\/p>\n<p>Este escenario plantea una contradicci\u00f3n \u00e9tica fundamental. \u00bfC\u00f3mo puede una instituci\u00f3n que debe ser el faro del pensamiento cr\u00edtico y la \u00e9tica social permitir que su dirigente m\u00e1ximo maniobre legalmente para obtener beneficios que desaf\u00edan los topes salariales de la austeridad republicana? La brecha entre el \u00abVeracruz de banqueta\u00bb, el de los jubilados que hacen filas eternas para pasar revista de supervivencia en el Instituto de Pensiones del Estado (IPE), y el \u00abVeracruz de la burocracia dorada\u00bb, es hoy m\u00e1s profunda que nunca.<\/p>\n<table border=\"0\" cellspacing=\"3\" cellpadding=\"0\">\n<tbody>\n<tr>\n<td><b>Cargo \/ Funcionario<\/b><\/td>\n<td><b>Percepci\u00f3n Mensual Neta (Proyectada 2026)<\/b><\/td>\n<td><b>Estatus del Ingreso<\/b><\/td>\n<\/tr>\n<tr>\n<td>Rector Mart\u00edn Aguilar S\u00e1nchez<\/td>\n<td>$147,027.84 (Bruto)<\/td>\n<td>Vigente en funciones<\/td>\n<\/tr>\n<tr>\n<td>Gobernadora Roc\u00edo Nahle Garc\u00eda<\/td>\n<td>$84,750.53<\/td>\n<td>L\u00edmite establecido por presupuesto<\/td>\n<\/tr>\n<tr>\n<td>Pensi\u00f3n Pretendida (Rector)<\/td>\n<td>&gt;$120,000.00<\/td>\n<td>Estimaci\u00f3n en c\u00edrculos acad\u00e9micos<\/td>\n<\/tr>\n<tr>\n<td>Tope de Pensi\u00f3n Reforma Art. 127<\/td>\n<td>~$67,145.00<\/td>\n<td>L\u00edmite constitucional federal<\/td>\n<\/tr>\n<\/tbody>\n<\/table>\n<p>El an\u00e1lisis de esta disparidad no busca el linchamiento, sino el diagn\u00f3stico de una pr\u00e1ctica que erosiona la confianza en las instituciones. La autonom\u00eda universitaria, un logro hist\u00f3rico que cost\u00f3 sangre y lucha, est\u00e1 siendo utilizada como un escudo de impunidad para justificar decisiones que contravienen el estado de derecho y la justicia social.<\/p>\n<p><img data-recalc-dims=\"1\" loading=\"lazy\" decoding=\"async\" class=\"aligncenter size-full wp-image-82658\" src=\"https:\/\/i0.wp.com\/politicosaldesnudo.com.mx\/wp-content\/uploads\/2026\/04\/FIRMA-EDITORIAL-PD-1.jpg?resize=800%2C98&#038;ssl=1\" alt=\"\" width=\"800\" height=\"98\" srcset=\"https:\/\/i0.wp.com\/politicosaldesnudo.com.mx\/wp-content\/uploads\/2026\/04\/FIRMA-EDITORIAL-PD-1.jpg?w=1024&amp;ssl=1 1024w, https:\/\/i0.wp.com\/politicosaldesnudo.com.mx\/wp-content\/uploads\/2026\/04\/FIRMA-EDITORIAL-PD-1.jpg?resize=300%2C37&amp;ssl=1 300w, https:\/\/i0.wp.com\/politicosaldesnudo.com.mx\/wp-content\/uploads\/2026\/04\/FIRMA-EDITORIAL-PD-1.jpg?resize=768%2C94&amp;ssl=1 768w\" sizes=\"auto, (max-width: 800px) 100vw, 800px\" \/><\/p>\n","protected":false},"excerpt":{"rendered":"<p>\u00b7\u00a0\u00a0\u00a0\u00a0 \u00a0La paradoja de la austeridad y el refugio de los privilegios En la pol\u00edtica veracruzana, las palabras suelen ser<\/p>\n","protected":false},"author":4,"featured_media":80293,"comment_status":"closed","ping_status":"closed","sticky":false,"template":"","format":"standard","meta":{"colormag_page_container_layout":"default_layout","colormag_page_sidebar_layout":"default_layout","_jetpack_memberships_contains_paid_content":false,"footnotes":"","jetpack_publicize_message":"","jetpack_publicize_feature_enabled":true,"jetpack_social_post_already_shared":true,"jetpack_social_options":{"image_generator_settings":{"template":"highway","default_image_id":0,"font":"","enabled":false},"version":2}},"categories":[26],"tags":[],"class_list":["post-82662","post","type-post","status-publish","format-standard","has-post-thumbnail","hentry","category-columnistas"],"jetpack_publicize_connections":[],"jetpack_featured_media_url":"https:\/\/i0.wp.com\/politicosaldesnudo.com.mx\/wp-content\/uploads\/2026\/02\/CRISTIANI-2-1.jpg?fit=800%2C445&ssl=1","jetpack-related-posts":[],"jetpack_sharing_enabled":true,"_links":{"self":[{"href":"https:\/\/politicosaldesnudo.com.mx\/index.php\/wp-json\/wp\/v2\/posts\/82662","targetHints":{"allow":["GET"]}}],"collection":[{"href":"https:\/\/politicosaldesnudo.com.mx\/index.php\/wp-json\/wp\/v2\/posts"}],"about":[{"href":"https:\/\/politicosaldesnudo.com.mx\/index.php\/wp-json\/wp\/v2\/types\/post"}],"author":[{"embeddable":true,"href":"https:\/\/politicosaldesnudo.com.mx\/index.php\/wp-json\/wp\/v2\/users\/4"}],"replies":[{"embeddable":true,"href":"https:\/\/politicosaldesnudo.com.mx\/index.php\/wp-json\/wp\/v2\/comments?post=82662"}],"version-history":[{"count":0,"href":"https:\/\/politicosaldesnudo.com.mx\/index.php\/wp-json\/wp\/v2\/posts\/82662\/revisions"}],"wp:featuredmedia":[{"embeddable":true,"href":"https:\/\/politicosaldesnudo.com.mx\/index.php\/wp-json\/wp\/v2\/media\/80293"}],"wp:attachment":[{"href":"https:\/\/politicosaldesnudo.com.mx\/index.php\/wp-json\/wp\/v2\/media?parent=82662"}],"wp:term":[{"taxonomy":"category","embeddable":true,"href":"https:\/\/politicosaldesnudo.com.mx\/index.php\/wp-json\/wp\/v2\/categories?post=82662"},{"taxonomy":"post_tag","embeddable":true,"href":"https:\/\/politicosaldesnudo.com.mx\/index.php\/wp-json\/wp\/v2\/tags?post=82662"}],"curies":[{"name":"wp","href":"https:\/\/api.w.org\/{rel}","templated":true}]}}