{"id":8277,"date":"2022-07-27T05:48:31","date_gmt":"2022-07-27T10:48:31","guid":{"rendered":"https:\/\/politicosaldesnudo.com.mx\/?p=8277"},"modified":"2022-07-27T06:18:30","modified_gmt":"2022-07-27T11:18:30","slug":"checo-va","status":"publish","type":"post","link":"https:\/\/politicosaldesnudo.com.mx\/index.php\/2022\/07\/27\/checo-va\/","title":{"rendered":"\u00a1Checo va!"},"content":{"rendered":"<p>&nbsp;<\/p>\n<p style=\"font-weight: 400;\"><span style=\"font-size: 18pt;\"><strong>Por Luis Ram\u00edrez Baqueiro<\/strong><\/span><\/p>\n<p>&nbsp;<\/p>\n<p style=\"font-weight: 400; text-align: center;\"><strong><span style=\"font-size: 18pt;\"><em>\u201cLa victoria pertenece a quien persevera m\u00e1s<\/em><em>\u201d <\/em><\/span><\/strong><\/p>\n<p style=\"font-weight: 400; text-align: center;\"><span style=\"font-size: 18pt;\">\u2013\u00a0Napole\u00f3n Bonaparte \u2013\u00a0<\/span><\/p>\n<p style=\"font-weight: 400;\"><strong>\u00a0<\/strong><\/p>\n<p style=\"font-weight: 400;\"><span style=\"font-size: 14pt;\"><strong>Sergio Carlos Guti\u00e9rrez Luna<\/strong>, sali\u00f3 de Minatitl\u00e1n para alcanzar sus sue\u00f1os, estudiar, convertirse en abogado especializado en temas electorales, y simplemente se trep\u00f3 en su barca y como dice la canci\u00f3n le llam\u00f3 \u201cLibertad\u201d y se march\u00f3.<\/span><\/p>\n<p style=\"font-weight: 400;\"><span style=\"font-size: 14pt;\">Al paso de los a\u00f1os, su capacidad intelectual lo llev\u00f3 hasta lejanos terru\u00f1os para poner en pr\u00e1ctica sus conocimientos.<\/span><\/p>\n<p style=\"font-weight: 400;\"><span style=\"font-size: 14pt;\">Con el paso del tiempo, inmerso en el proceso de cambio que el pa\u00eds ha tenido se uni\u00f3 al Movimiento de Regeneraci\u00f3n Nacional (Morena), en donde de la mano de Horacio Duarte \u2013hoy Director General de Aduanas-, gan\u00f3 espacios y se convirti\u00f3 en diputado federal.<\/span><\/p>\n<p style=\"font-weight: 400;\"><span style=\"font-size: 18pt;\"><strong>Su nombramiento como presidente de la Mesa Directiva de la C\u00e1mara de Diputados Federal lo puso en el radar y referente estatal para alcanzar la candidatura a la gubernatura en el 2024, lo que evidenci\u00f3 el nerviosismo de varios actores pol\u00edticos en la entidad.<\/strong><\/span><\/p>\n<p><img data-recalc-dims=\"1\" loading=\"lazy\" decoding=\"async\" class=\"aligncenter wp-image-8283 size-large\" src=\"https:\/\/i0.wp.com\/politicosaldesnudo.com.mx\/wp-content\/uploads\/2022\/07\/P-CHECO-GUTIERREZ-1024x573.png?resize=800%2C448&#038;ssl=1\" alt=\"\" width=\"800\" height=\"448\" srcset=\"https:\/\/i0.wp.com\/politicosaldesnudo.com.mx\/wp-content\/uploads\/2022\/07\/P-CHECO-GUTIERREZ.png?resize=1024%2C573&amp;ssl=1 1024w, https:\/\/i0.wp.com\/politicosaldesnudo.com.mx\/wp-content\/uploads\/2022\/07\/P-CHECO-GUTIERREZ.png?resize=300%2C168&amp;ssl=1 300w, https:\/\/i0.wp.com\/politicosaldesnudo.com.mx\/wp-content\/uploads\/2022\/07\/P-CHECO-GUTIERREZ.png?resize=768%2C430&amp;ssl=1 768w, https:\/\/i0.wp.com\/politicosaldesnudo.com.mx\/wp-content\/uploads\/2022\/07\/P-CHECO-GUTIERREZ.png?resize=1536%2C859&amp;ssl=1 1536w, https:\/\/i0.wp.com\/politicosaldesnudo.com.mx\/wp-content\/uploads\/2022\/07\/P-CHECO-GUTIERREZ.png?w=1816&amp;ssl=1 1816w, https:\/\/i0.wp.com\/politicosaldesnudo.com.mx\/wp-content\/uploads\/2022\/07\/P-CHECO-GUTIERREZ.png?w=1600&amp;ssl=1 1600w\" sizes=\"auto, (max-width: 800px) 100vw, 800px\" \/><\/p>\n<p>&nbsp;<\/p>\n<p style=\"font-weight: 400;\"><span style=\"font-size: 14pt;\">En consecuencia, ha tenido que soportar una verdadera campa\u00f1a en su contra por parte de sus mismos compa\u00f1eros de partido, a los que ha sabido responder con trabajo, pero que en la percepci\u00f3n de la ciudadan\u00eda genera la idea de ser el plan B del presidente Andr\u00e9s Manuel L\u00f3pez Obrador para dar continuidad a su proyecto en Veracruz.<\/span><\/p>\n<p style=\"font-weight: 400;\"><span style=\"font-size: 18pt;\"><strong>El nerviosismo pol\u00edtico al menos en <span style=\"color: #139eca;\">Morena<\/span> ha sido tal, que ya muchos de los suspirantes a suceder a Cuitl\u00e1huac Garc\u00eda como gobernador, han mandado a medirse frente al electorado, y por mucho a pesar de los pesares, el minatitleco ha salido muy superior de lo que esperar\u00edan sus contrincantes.<\/strong><\/span><\/p>\n<p style=\"font-weight: 400;\"><span style=\"font-size: 14pt;\">Con todo y aquello de filtrar encuestas en donde lo pretenden ubicar como colero, la realidad es que el diputado federal, ha sabido caminar la milla, y hoy por hoy, se ha convertido en un referente de la militancia.<\/span><\/p>\n<p style=\"font-weight: 400;\"><span style=\"font-size: 18pt;\"><strong>Sobre todo, de cara a la presentaci\u00f3n de Roc\u00edo Nahle en algo parecido a su destape cantado el pasado fin de semana en el World Trade Center(WTC) de Boca del R\u00edo.<\/strong><\/span><\/p>\n<p style=\"font-weight: 400;\"><span style=\"font-size: 14pt;\">Ahora viene la operaci\u00f3n pol\u00edtica de cara al proceso de elecci\u00f3n de coordinadores distritales en el marco de la renovaci\u00f3n de la dirigencia estatal, en donde habr\u00e1n de ser electos los 200 coordinadores que representar\u00e1n a Veracruz en todos los procesos que se avecinan.<\/span><\/p>\n<p style=\"font-weight: 400;\"><span style=\"font-size: 14pt;\">Lo que est\u00e1 en disputa este fin de semana, ser\u00e1 vital para las aspiraciones de \u201cCheco\u201d y dem\u00e1s contrincantes, quienes a toda costa buscan colocar a sus simpatizantes con la finalidad de obtener la mayor representatividad y as\u00ed garantizar su futuro pol\u00edtico.<\/span><\/p>\n<p style=\"font-weight: 400;\"><span style=\"font-size: 14pt;\">Seguramente tras someterse a la prueba del \u00e1cido de este fin de semana, podremos tener un panorama m\u00e1s amplio de las posibilidades reales de los aspirantes, pues ah\u00ed se ver\u00e1 quien s\u00ed hizo la tarea y el trabajo de tierra vital para lograr treparse en el tren democr\u00e1tico de Morena.<\/span><\/p>\n<p style=\"font-weight: 400;\"><span style=\"font-size: 18pt;\"><strong>Por lo pronto ya ha trascendido que <span style=\"color: #139eca;\">Sergio \u201cCheco\u201d Guti\u00e9rrez Luna<\/span> posiblemente sea colocado en una posici\u00f3n estrat\u00e9gica garantiz\u00e1ndole al menos una cartera en la funci\u00f3n p\u00fablica o como coordinador nacional y as\u00ed respaldar la carrera sucesoria de Ad\u00e1n Augusto L\u00f3pez Hern\u00e1ndez, actual secretario de Gobernaci\u00f3n.<\/strong><\/span><\/p>\n<p style=\"font-weight: 400;\"><span style=\"font-size: 18pt;\"><strong>\u00bfLe alcanzar\u00e1 para levantarse como el sucesor de Cuitl\u00e1huac Garc\u00eda al frente de la gubernatura?<\/strong><\/span><\/p>\n<p>&nbsp;<\/p>\n<p>&nbsp;<\/p>\n<p class=\"p1\"><span style=\"font-size: 18pt;\"><strong>Al tiempo.<\/strong><\/span><\/p>\n<p>&nbsp;<\/p>\n<p class=\"p1\"><span style=\"font-size: 18pt;\"><strong>Correo: <a href=\"mailto:astrolabiopoliticomx@gmail.com\">astrolabiopoliticomx@gmail.com<\/a><\/strong><\/span><\/p>\n<p class=\"p1\"><span style=\"font-size: 18pt;\"><strong>Twitter: <a href=\"http:\/\/www.twitter.com\/LuisBaqueiro_mx\">@LuisBaqueiro_mx<\/a><\/strong><\/span><\/p>\n<p>&nbsp;<\/p>\n<p><span style=\"font-size: 18pt; color: #319eca;\"><em><strong>**Las columnas firmadas en este medio son responsabilidad de quienes las firman**<\/strong><\/em><\/span><\/p>\n<p>&nbsp;<\/p>\n<p>&nbsp;<\/p>\n<p>&nbsp;<\/p>\n<p>&nbsp;<\/p>\n<p>&nbsp;<\/p>\n<p>&nbsp;<\/p>\n<p>&nbsp;<\/p>\n<p>&nbsp;<\/p>\n","protected":false},"excerpt":{"rendered":"<p>&nbsp; Por Luis Ram\u00edrez Baqueiro &nbsp; \u201cLa victoria pertenece a quien persevera m\u00e1s\u201d \u2013\u00a0Napole\u00f3n Bonaparte \u2013\u00a0 \u00a0 Sergio Carlos Guti\u00e9rrez<\/p>\n","protected":false},"author":4,"featured_media":4390,"comment_status":"closed","ping_status":"closed","sticky":false,"template":"","format":"standard","meta":{"colormag_page_container_layout":"default_layout","colormag_page_sidebar_layout":"default_layout","_jetpack_memberships_contains_paid_content":false,"footnotes":"","jetpack_publicize_message":"","jetpack_publicize_feature_enabled":true,"jetpack_social_post_already_shared":false,"jetpack_social_options":{"image_generator_settings":{"template":"highway","default_image_id":0,"font":"","enabled":false},"version":2}},"categories":[26],"tags":[63,194,112,100],"class_list":["post-8277","post","type-post","status-publish","format-standard","has-post-thumbnail","hentry","category-columnistas","tag-morena","tag-rocio-nahle","tag-sergio-gutierrez-luna","tag-veracruz"],"jetpack_publicize_connections":[],"jetpack_featured_media_url":"https:\/\/i0.wp.com\/politicosaldesnudo.com.mx\/wp-content\/uploads\/2022\/04\/LUIS-RAMI%CC%81REZ-BAQUEIRO.png?fit=1816%2C1016&ssl=1","jetpack-related-posts":[],"jetpack_sharing_enabled":true,"_links":{"self":[{"href":"https:\/\/politicosaldesnudo.com.mx\/index.php\/wp-json\/wp\/v2\/posts\/8277","targetHints":{"allow":["GET"]}}],"collection":[{"href":"https:\/\/politicosaldesnudo.com.mx\/index.php\/wp-json\/wp\/v2\/posts"}],"about":[{"href":"https:\/\/politicosaldesnudo.com.mx\/index.php\/wp-json\/wp\/v2\/types\/post"}],"author":[{"embeddable":true,"href":"https:\/\/politicosaldesnudo.com.mx\/index.php\/wp-json\/wp\/v2\/users\/4"}],"replies":[{"embeddable":true,"href":"https:\/\/politicosaldesnudo.com.mx\/index.php\/wp-json\/wp\/v2\/comments?post=8277"}],"version-history":[{"count":0,"href":"https:\/\/politicosaldesnudo.com.mx\/index.php\/wp-json\/wp\/v2\/posts\/8277\/revisions"}],"wp:featuredmedia":[{"embeddable":true,"href":"https:\/\/politicosaldesnudo.com.mx\/index.php\/wp-json\/wp\/v2\/media\/4390"}],"wp:attachment":[{"href":"https:\/\/politicosaldesnudo.com.mx\/index.php\/wp-json\/wp\/v2\/media?parent=8277"}],"wp:term":[{"taxonomy":"category","embeddable":true,"href":"https:\/\/politicosaldesnudo.com.mx\/index.php\/wp-json\/wp\/v2\/categories?post=8277"},{"taxonomy":"post_tag","embeddable":true,"href":"https:\/\/politicosaldesnudo.com.mx\/index.php\/wp-json\/wp\/v2\/tags?post=8277"}],"curies":[{"name":"wp","href":"https:\/\/api.w.org\/{rel}","templated":true}]}}