{"id":8287,"date":"2022-07-27T06:27:44","date_gmt":"2022-07-27T11:27:44","guid":{"rendered":"https:\/\/politicosaldesnudo.com.mx\/?p=8287"},"modified":"2022-07-27T06:28:01","modified_gmt":"2022-07-27T11:28:01","slug":"morena-elecciones-fantasma","status":"publish","type":"post","link":"https:\/\/politicosaldesnudo.com.mx\/index.php\/2022\/07\/27\/morena-elecciones-fantasma\/","title":{"rendered":"Morena, elecciones fantasma"},"content":{"rendered":"<p>&nbsp;<\/p>\n<p class=\"p1\"><span style=\"font-size: 18pt;\"><b>Por \u00c1ngel \u00c1lvaro Pe\u00f1a<\/b><\/span><\/p>\n<p class=\"p1\"><span style=\"font-size: 14pt;\">Sin duda el mayor enemigo de los partidos pol\u00edticos en M\u00e9xico es su democracia interna. As\u00ed ha sucedido en todos los partidos del pa\u00eds, desde 1929 a\u00f1o en que naci\u00f3 el primer partido.<\/span><\/p>\n<p class=\"p1\"><span style=\"font-size: 18pt;\"><strong>Mientras m\u00e1s cerca est\u00e1 del poder hay mayores conflictos internos y posibilidades de divisi\u00f3n. Esto lo hemos visto a lo largo de la historia y en el caso de Morena, ante la proximidad de sus elecciones internas cada quien hace su versi\u00f3n de la situaci\u00f3n como mejor le conviene y lo que sucede es que quieren un pedacito del pastel como siempre ha sucedido en la historia de la pol\u00edtica mexicana.<\/strong><\/span><\/p>\n<p class=\"p1\"><span style=\"font-size: 14pt;\">Las interpretaciones sobre la realidad interna del pa\u00eds son variadas y dependen de la consigna que cada l\u00edder imponga a sus seguidores.<\/span><\/p>\n<p class=\"p1\"><span style=\"font-size: 18pt;\"><strong>El primero en desconfiar y cuestionar las encuestas fue Ricardo Monreal, porque ni siquiera se presentaron las facturas de las empresas encuestadoras y nadie cree que las hayan elaborado gratuitamente. Es decir, no hab\u00eda constancia de que se hubieran realizado, esta falta de democracia convierte a la c\u00fapula de Morena en centro del dedazo donde se eligen las candidaturas a cargos de elecci\u00f3n popular.<\/strong><\/span><\/p>\n<p class=\"p1\"><span style=\"font-size: 14pt;\">Todos dicen tener una raz\u00f3n de peso para ser candidatos. Ya sea porque fueron fundadores, porque marcharon en la lucha, porque pegaron propaganda, porque acompa\u00f1aron a L\u00f3pez Orador en su lucha contra el desafuero, por mil razones m\u00e1s. El hecho es que no se trata de un escalaf\u00f3n sino de una selecci\u00f3n de aptitudes m\u00e1s que de actitudes. No puede encargarse alguien que apenas y sabe leer, de la cultura. Hay perfiles que hay que llenar y no huecos que ocupar.<\/span><\/p>\n<p class=\"p1\"><span style=\"font-size: 18pt;\"><strong>Lo cierto es que el art\u00edculo 6 A, de los estatutos del partido en el poder, protegiendo de intromisiones de otros partidos las candidaturas, delegaciones y consejer\u00edas de Morena. Porque desde la fundaci\u00f3n de Morena, llegaron de otros partidos, principalmente del PRI, a ocupar no s\u00f3lo puestos clave sino candidaturas que corresponden a los morenistas, y, lo que es peor, a mitad del camino se cambian de partido enga\u00f1ando a quienes votaron por ellos y traicionando al partido.<\/strong><\/span><\/p>\n<p class=\"p1\"><span style=\"font-size: 18pt;\"><strong>Pero Morena carga con m\u00e1s lastres que, de hecho, le impedir\u00edan realizas estas elecciones internas, como es el hecho de que carece de un padr\u00f3n actualizado. Se calcula que tiene m\u00e1s de 4 millones de militantes, pero su padr\u00f3n ante el INE no rebasa los 300 mil. Lo cual, si bien no pone en peligro su registro s\u00ed, realiza elecciones con fantasmas, y c\u00e1lculos sin base.<\/strong><\/span><\/p>\n<p><img data-recalc-dims=\"1\" loading=\"lazy\" decoding=\"async\" class=\"wp-image-8288 size-large aligncenter\" src=\"https:\/\/i0.wp.com\/politicosaldesnudo.com.mx\/wp-content\/uploads\/2022\/07\/P-MORENA-1-1024x573.png?resize=800%2C448&#038;ssl=1\" alt=\"\" width=\"800\" height=\"448\" srcset=\"https:\/\/i0.wp.com\/politicosaldesnudo.com.mx\/wp-content\/uploads\/2022\/07\/P-MORENA-1.png?resize=1024%2C573&amp;ssl=1 1024w, https:\/\/i0.wp.com\/politicosaldesnudo.com.mx\/wp-content\/uploads\/2022\/07\/P-MORENA-1.png?resize=300%2C168&amp;ssl=1 300w, https:\/\/i0.wp.com\/politicosaldesnudo.com.mx\/wp-content\/uploads\/2022\/07\/P-MORENA-1.png?resize=768%2C430&amp;ssl=1 768w, https:\/\/i0.wp.com\/politicosaldesnudo.com.mx\/wp-content\/uploads\/2022\/07\/P-MORENA-1.png?resize=1536%2C859&amp;ssl=1 1536w, https:\/\/i0.wp.com\/politicosaldesnudo.com.mx\/wp-content\/uploads\/2022\/07\/P-MORENA-1.png?w=1816&amp;ssl=1 1816w, https:\/\/i0.wp.com\/politicosaldesnudo.com.mx\/wp-content\/uploads\/2022\/07\/P-MORENA-1.png?w=1600&amp;ssl=1 1600w\" sizes=\"auto, (max-width: 800px) 100vw, 800px\" \/><\/p>\n<p>&nbsp;<\/p>\n<p class=\"p1\"><span style=\"font-size: 14pt;\">Es decir, se corre el peligro de que el INE, as\u00ed como se las gasta, es capaz de invalidad todo lo que ahora hacen los militantes de Morena con tanta pasi\u00f3n y denuedo.<\/span><\/p>\n<p class=\"p1\"><span style=\"font-size: 18pt;\"><strong>Morena cerr\u00f3 su afiliaci\u00f3n, precisamente por la carencia de un padr\u00f3n real desde hace m\u00e1s de dos a\u00f1os y no se sabe con qui\u00e9nes cuenta, sobre esta base nadie puede certificar si se trata de militantes o no, quienes compitan por ser consejeros.<\/strong><\/span><\/p>\n<p class=\"p1\"><span style=\"font-size: 14pt;\">Marcelo Ebrard, secretario de Relaciones Exteriores fue el segundo en levantar la voz en palabras de la senadora Mal\u00fa Micher, quien se pronuncia abiertamente por su candidatura\u00a0y cuestion\u00f3 el proceso interno de Morena y denuncia la opacidad de las encuestas y la\u00a0falta de piso parejo para elegir al abanderado, o abanderada, en la\u00a0elecci\u00f3n del 2024.<\/span><\/p>\n<p class=\"p1\"><span style=\"font-size: 18pt;\"><strong>Ante esta situaci\u00f3n se crean expectativas y tendencias pol\u00edticas y partidistas que empiezan a definirse el pr\u00f3ximo s\u00e1bado 30 de julio, cuando habr\u00e1 elecciones para consejeros en Morena, y cada distrito, secci\u00f3n, regi\u00f3n, estado, municipio tratar\u00e1 de allanar el camino a sus favoritos.<\/strong><\/span><\/p>\n<p class=\"p1\"><span style=\"font-size: 14pt;\">El escenario pol\u00edtico coloca a\u00a0Claudia Sheinbaum, jefa de gobierno de la CDMX, como la aparente favorita del titular del gobierno federal, seguida del secretario de Relaciones Exteriores y luego del encargado de la pol\u00edtica interna del pa\u00eds,\u00a0Ad\u00e1n Augusto L\u00f3pez, donde algunas corrientes internas del partido guinda han se\u00f1alado que existen <span class=\"s1\">\u201c<\/span>dados cargados\u201d.<\/span><\/p>\n<p class=\"p1\"><span style=\"font-size: 14pt;\">El pasado fin de semana, el grupo Progresistas por la Unidad y piso parejo de Morena, af\u00edn a\u00a0Marcelo Ebrard, solicit\u00f3 a los dirigentes nacionales,\u00a0Mario Delgado y Citlalli Hern\u00e1ndez, garantizar las condiciones de igualdad para todos los aspirantes a la Presidencia de la Rep\u00fablica en 2024.<\/span><\/p>\n<p class=\"p1\"><span style=\"font-size: 18pt;\"><strong>Este martes, el presidente de la Rep\u00fablica y fundador de Morena,\u00a0Andr\u00e9s Manuel\u00a0L\u00f3pez Obrador, asegur\u00f3 que el partido tendr\u00e1 un proceso con <span class=\"s1\">\u201c<\/span>piso parejo\u201d entre los aspirantes y sin <span class=\"s1\">\u201c<\/span>dedazo\u201d a trav\u00e9s de las encuestas, m\u00e9todo que el senador Monreal, no s\u00f3lo rechaza, sino que podr\u00eda tener como pretexto para salirse de Morena y con \u00e9l sus seguidores, a pesar de que la intenci\u00f3n del voto, dentro y fuera de Morena, no supera un d\u00edgito de porcentaje.<\/strong><\/span><\/p>\n<p class=\"p1\"><span style=\"font-size: 14pt;\">Si quiere la unidad Mario Delgado deber\u00e1 idear su forma de elecci\u00f3n, o bien combinarlo con otros que ya han sido utilizados sin crear tanto descontento como es el caso de la t\u00f3mbola; sin embargo, la ausencia de una oposici\u00f3n real anuncia una victoria para el partido en el poder. Es decir, en este momento Morena est\u00e1 en la cancha, tiene el bal\u00f3n, pero no tiene rival a la vista, el deber\u00eda ya estar haciendo ejercicio de calentamiento, pero ni eso se perciben el lado contrario.<\/span><\/p>\n<p class=\"p1\"><span style=\"font-size: 14pt;\">En primer lugar, las encuestas no tienen testimonio de haber existido para seleccionar a los candidatos este a\u00f1o y el anterior. Adem\u00e1s, m\u00e1s de un morenista afirma que son manipulables o\u00a0susceptibles de manipulaci\u00f3n porque, aseguran, <span class=\"s1\">\u201c<\/span>ellos las hacen\u201d.<\/span><\/p>\n<p class=\"p1\"><span style=\"font-size: 14pt;\">A tiempo los morenistas colocaron en la conciencia de la poblaci\u00f3n la palabra <span class=\"s1\">\u201c<\/span>traidor\u201d, primero para acusar a quienes no votaron a favor dela reforma el\u00e9ctrica y luego para denominar a quienes se salgan del partido. Con este adjetivo deber\u00e1n cargar algunos distinguidos militantes que quieran competir por la Presidencia de la Rep\u00fablica en otro partido, de tal suerte que hasta los precandidatos m\u00e1s rebeldes han reiterado que no se saldr\u00e1n de Morena.<\/span><\/p>\n<p class=\"p1\"><span style=\"font-size: 18pt;\"><strong>Por su parte,\u00a0L\u00f3pez Obrador reaccion\u00f3 a los reclamos de la senadora Martha Luc\u00eda Micher, al se\u00f1alar que\u00a0\u201cse tiene que buscar la democracia\u201d al interior del partido.<\/strong><\/span><\/p>\n<p>&nbsp;<\/p>\n<p class=\"p1\"><span style=\"font-size: 18pt; color: #139eca;\"><b>PEGA Y CORRE<\/b><\/span><\/p>\n<p class=\"p1\"><span style=\"font-size: 14pt;\">Marcelo Ebrard Casaub\u00f3n, secretario de Relaciones Exteriores, dio a conocer que se estima que en 2022, Estados Unidos entregue una cifra r\u00e9cord de 356 mil visas de trabajo a mexicanos, situaci\u00f3n que se acord\u00f3 en la m\u00e1s reciente visita del presidente de M\u00e9xico al presidente Biden del vecino pa\u00eds&#8230;Esta columna se publica los lunes, mi\u00e9rcoles y viernes.<\/span><\/p>\n<p>&nbsp;<\/p>\n<p>&nbsp;<\/p>\n<p class=\"p1\"><span style=\"font-size: 18pt;\"><strong>Esta columna se publica los lunes, mi\u00e9rcoles y viernes<\/strong><\/span><\/p>\n<p>&nbsp;<\/p>\n<p><span style=\"font-size: 18pt; color: #319eca;\"><em><strong>**Las columnas firmadas en este medio son responsabilidad de quienes las firman**<\/strong><\/em><\/span><\/p>\n<p>&nbsp;<\/p>\n<p>&nbsp;<\/p>\n<p>&nbsp;<\/p>\n<p>&nbsp;<\/p>\n","protected":false},"excerpt":{"rendered":"<p>&nbsp; Por \u00c1ngel \u00c1lvaro Pe\u00f1a Sin duda el mayor enemigo de los partidos pol\u00edticos en M\u00e9xico es su democracia interna.<\/p>\n","protected":false},"author":4,"featured_media":3775,"comment_status":"closed","ping_status":"closed","sticky":false,"template":"","format":"standard","meta":{"colormag_page_container_layout":"default_layout","colormag_page_sidebar_layout":"default_layout","_jetpack_memberships_contains_paid_content":false,"footnotes":"","jetpack_publicize_message":"","jetpack_publicize_feature_enabled":true,"jetpack_social_post_already_shared":false,"jetpack_social_options":{"image_generator_settings":{"template":"highway","default_image_id":0,"font":"","enabled":false},"version":2}},"categories":[26],"tags":[95,43,63],"class_list":["post-8287","post","type-post","status-publish","format-standard","has-post-thumbnail","hentry","category-columnistas","tag-andres-manuel-lopez-obrador","tag-ine","tag-morena"],"jetpack_publicize_connections":[],"jetpack_featured_media_url":"https:\/\/i0.wp.com\/politicosaldesnudo.com.mx\/wp-content\/uploads\/2022\/04\/A%CC%81NGEL-A%CC%81LVARO-PEN%CC%83A1.png?fit=1816%2C1016&ssl=1","jetpack-related-posts":[],"jetpack_sharing_enabled":true,"_links":{"self":[{"href":"https:\/\/politicosaldesnudo.com.mx\/index.php\/wp-json\/wp\/v2\/posts\/8287","targetHints":{"allow":["GET"]}}],"collection":[{"href":"https:\/\/politicosaldesnudo.com.mx\/index.php\/wp-json\/wp\/v2\/posts"}],"about":[{"href":"https:\/\/politicosaldesnudo.com.mx\/index.php\/wp-json\/wp\/v2\/types\/post"}],"author":[{"embeddable":true,"href":"https:\/\/politicosaldesnudo.com.mx\/index.php\/wp-json\/wp\/v2\/users\/4"}],"replies":[{"embeddable":true,"href":"https:\/\/politicosaldesnudo.com.mx\/index.php\/wp-json\/wp\/v2\/comments?post=8287"}],"version-history":[{"count":0,"href":"https:\/\/politicosaldesnudo.com.mx\/index.php\/wp-json\/wp\/v2\/posts\/8287\/revisions"}],"wp:featuredmedia":[{"embeddable":true,"href":"https:\/\/politicosaldesnudo.com.mx\/index.php\/wp-json\/wp\/v2\/media\/3775"}],"wp:attachment":[{"href":"https:\/\/politicosaldesnudo.com.mx\/index.php\/wp-json\/wp\/v2\/media?parent=8287"}],"wp:term":[{"taxonomy":"category","embeddable":true,"href":"https:\/\/politicosaldesnudo.com.mx\/index.php\/wp-json\/wp\/v2\/categories?post=8287"},{"taxonomy":"post_tag","embeddable":true,"href":"https:\/\/politicosaldesnudo.com.mx\/index.php\/wp-json\/wp\/v2\/tags?post=8287"}],"curies":[{"name":"wp","href":"https:\/\/api.w.org\/{rel}","templated":true}]}}