{"id":8311,"date":"2022-07-28T06:13:31","date_gmt":"2022-07-28T11:13:31","guid":{"rendered":"https:\/\/politicosaldesnudo.com.mx\/?p=8311"},"modified":"2022-07-28T07:22:33","modified_gmt":"2022-07-28T12:22:33","slug":"el-laberinto-de-la-ley-en-el-mexico-de-hoy","status":"publish","type":"post","link":"https:\/\/politicosaldesnudo.com.mx\/index.php\/2022\/07\/28\/el-laberinto-de-la-ley-en-el-mexico-de-hoy\/","title":{"rendered":"El laberinto de la ley en el M\u00e9xico de hoy"},"content":{"rendered":"<p>&nbsp;<\/p>\n<p><strong><span style=\"font-size: 18pt;\">Por Alberto Woolrich Ort\u00edz<\/span><\/strong><\/p>\n<p class=\"p1\"><span style=\"font-size: 14pt;\">Para poder inferir el entorno en el que se desarrolla la presente colaboraci\u00f3n es indispensable hablar un poco de la ley, porque en el contorno de imponer, imputar, aplicar, cumplir, interpretar o, incluso, pisotear,<span class=\"Apple-converted-space\">\u00a0 <\/span>prostituir o eludir<span class=\"Apple-converted-space\">\u00a0 <\/span>la ley gira la mas honrosa y hermosa profesi\u00f3n: la abogac\u00eda. La ley, la Constituci\u00f3n Pol\u00edtica de los Estados Unidos Mexicanos, el C\u00f3digo Penal Federal o como m\u00ednimo, un somero estudio y an\u00e1lisis de ellas, deber\u00edan ser materia de aprendizaje de ciertos mal llamados \u201cSiervos de la Naci\u00f3n\u201d de esta Cuarta Transformaci\u00f3n de la Rep\u00fablica, incluyendo en ellos<span class=\"Apple-converted-space\">\u00a0 <\/span>a nuestro Poder Ejecutivo Federal y al tal Fiscal General de la Federaci\u00f3n.<span class=\"Apple-converted-space\">\u00a0<\/span><\/span><\/p>\n<p class=\"p1\"><span style=\"font-size: 14pt;\">La Abogac\u00eda Independiente de la Rep\u00fablica, la verdaderamente comprometida con la justicia y con la ley entiende y sostiene que nuestra naci\u00f3n requiere de la aplicaci\u00f3n de esta. De ah\u00ed que esos que se consideran \u201cadalides de la patria\u2019\u2019 deben de tener presente que su actuar debe de ser siempre encausado a la aplicaci\u00f3n de la ley. Con ello esta Cuarta Transformaci\u00f3n de la Rep\u00fablica evitar\u00eda la debacle y su fracaso y consecuentemente con ello corregir\u00eda el rumbo evitando m\u00e1s yerros que solo conducen a<span class=\"Apple-converted-space\">\u00a0 <\/span>la sana critica y al repudio internacional.<\/span><\/p>\n<p class=\"p1\"><span style=\"font-size: 14pt;\">En nuestra a\u00f1orada Facultad de Derecho de la Universidad Nacional Aut\u00f3noma de M\u00e9xico, nuestros mas estimados y recordados catedr\u00e1ticos nos iluminaron diciendo: \u201cLa ley se encuentra definida por el diccionario jur\u00eddico como el precepto dictado<span class=\"Apple-converted-space\">\u00a0 <\/span>por la suprema autoridad en que se mandata o proh\u00edbe algo en consonancia con la justicia y para el bien de la naci\u00f3n\u201d. Si se cumple con esta exigencia nuestra justicia; dejar\u00eda de ser injusticia, impudicia, inmundicia. Tambi\u00e9n es de recordarse que nuestros catedr\u00e1ticos nos ense\u00f1aron que la ley, obliga \u201csemper\u201d con la fuerza coercitiva de que el bien de la naci\u00f3n dispone para hacerla cumplir <i>dura lex, sed lex<\/i>.<\/span><\/p>\n<p class=\"p1\"><span style=\"font-size: 14pt;\">Todos los egresados de nuestra<span class=\"Apple-converted-space\">\u00a0 <\/span>adorada alma mater sabemos y sostenemos que con ese aludido principio general del derecho, que<span class=\"Apple-converted-space\">\u00a0 <\/span>deviene del derecho romano, se concede a los gobernantes una obligatio que jam\u00e1s se debe convertir en capricho y que constri\u00f1e a todas las personas a dar cabal cumplimiento a la preindicada<span class=\"Apple-converted-space\">\u00a0 <\/span>ense\u00f1anza.<\/span><\/p>\n<p class=\"p1\"><span style=\"font-size: 14pt;\">Continuando con el tema la Abogac\u00eda Independiente de la Rep\u00fablica recalca que aquella a\u00f1ejas ense\u00f1anzas son y resultan esenciales como ya se ha dicho de manera reiterativa. M\u00e9xico requiere y exige el cumplimiento de sus leyes. Lo contrario es fatal. La Cuarta Transformaci\u00f3n de la Rep\u00fablica de Andr\u00e9s Manuel L\u00f3pez Obrador y Alejando Gertz Manero no pueden argumentar que no conocen la ley, aunque lo pretendan, ya que algunos de sus asesores bien intencionados<span class=\"Apple-converted-space\">\u00a0 <\/span>si conocen de su contenido, si este gobierno persiste en obviar su aplicaci\u00f3n tender\u00edamos a la anarqu\u00eda y ello M\u00e9xico no lo va a permitir.<span class=\"Apple-converted-space\">\u00a0<\/span><\/span><\/p>\n<p class=\"p1\"><span style=\"font-size: 14pt;\">Terminemos preguntando \u00bfHasta cu\u00e1ndo seguir\u00e1 la complacencia de la narco-pol\u00edtica que empa\u00f1a a la justicia?<\/span><\/p>\n<p>&nbsp;<\/p>\n<p>&nbsp;<\/p>\n<p class=\"p1\"><strong><span style=\"font-size: 18pt;\">Lic. Alberto Woolrich Ort\u00edz<\/span><\/strong><\/p>\n<p class=\"p1\"><strong><span style=\"font-size: 18pt;\">Presidente de la Academia de Derecho Penal<\/span><\/strong><\/p>\n<p class=\"p1\"><strong><span style=\"font-size: 18pt;\">del Colegio de Abogados de M\u00e9xico, A.C.<\/span><\/strong><\/p>\n<p>&nbsp;<\/p>\n<p><span style=\"font-size: 18pt; color: #139eca;\"><em><strong>**Las columnas firmadas en este medio son responsabilidad de quienes las firman**<\/strong><\/em><\/span><\/p>\n<p>&nbsp;<\/p>\n<p>&nbsp;<\/p>\n<p>&nbsp;<\/p>\n","protected":false},"excerpt":{"rendered":"<p>&nbsp; Por Alberto Woolrich Ort\u00edz Para poder inferir el entorno en el que se desarrolla la presente colaboraci\u00f3n es indispensable<\/p>\n","protected":false},"author":4,"featured_media":3845,"comment_status":"closed","ping_status":"closed","sticky":false,"template":"","format":"standard","meta":{"colormag_page_container_layout":"default_layout","colormag_page_sidebar_layout":"default_layout","_jetpack_memberships_contains_paid_content":false,"footnotes":"","jetpack_publicize_message":"","jetpack_publicize_feature_enabled":true,"jetpack_social_post_already_shared":false,"jetpack_social_options":{"image_generator_settings":{"template":"highway","default_image_id":0,"font":"","enabled":false},"version":2}},"categories":[26],"tags":[],"class_list":["post-8311","post","type-post","status-publish","format-standard","has-post-thumbnail","hentry","category-columnistas"],"jetpack_publicize_connections":[],"jetpack_featured_media_url":"https:\/\/i0.wp.com\/politicosaldesnudo.com.mx\/wp-content\/uploads\/2022\/04\/CABEZAL-ALBERTO-WOOD.png?fit=1816%2C1016&ssl=1","jetpack-related-posts":[],"jetpack_sharing_enabled":true,"_links":{"self":[{"href":"https:\/\/politicosaldesnudo.com.mx\/index.php\/wp-json\/wp\/v2\/posts\/8311","targetHints":{"allow":["GET"]}}],"collection":[{"href":"https:\/\/politicosaldesnudo.com.mx\/index.php\/wp-json\/wp\/v2\/posts"}],"about":[{"href":"https:\/\/politicosaldesnudo.com.mx\/index.php\/wp-json\/wp\/v2\/types\/post"}],"author":[{"embeddable":true,"href":"https:\/\/politicosaldesnudo.com.mx\/index.php\/wp-json\/wp\/v2\/users\/4"}],"replies":[{"embeddable":true,"href":"https:\/\/politicosaldesnudo.com.mx\/index.php\/wp-json\/wp\/v2\/comments?post=8311"}],"version-history":[{"count":0,"href":"https:\/\/politicosaldesnudo.com.mx\/index.php\/wp-json\/wp\/v2\/posts\/8311\/revisions"}],"wp:featuredmedia":[{"embeddable":true,"href":"https:\/\/politicosaldesnudo.com.mx\/index.php\/wp-json\/wp\/v2\/media\/3845"}],"wp:attachment":[{"href":"https:\/\/politicosaldesnudo.com.mx\/index.php\/wp-json\/wp\/v2\/media?parent=8311"}],"wp:term":[{"taxonomy":"category","embeddable":true,"href":"https:\/\/politicosaldesnudo.com.mx\/index.php\/wp-json\/wp\/v2\/categories?post=8311"},{"taxonomy":"post_tag","embeddable":true,"href":"https:\/\/politicosaldesnudo.com.mx\/index.php\/wp-json\/wp\/v2\/tags?post=8311"}],"curies":[{"name":"wp","href":"https:\/\/api.w.org\/{rel}","templated":true}]}}