{"id":83232,"date":"2026-04-09T21:50:27","date_gmt":"2026-04-10T03:50:27","guid":{"rendered":"https:\/\/politicosaldesnudo.com.mx\/?p=83232"},"modified":"2026-04-15T19:51:59","modified_gmt":"2026-04-16T01:51:59","slug":"nahle-vs-aguilar-una-relacion-bajo-sospecha","status":"publish","type":"post","link":"https:\/\/politicosaldesnudo.com.mx\/index.php\/2026\/04\/09\/nahle-vs-aguilar-una-relacion-bajo-sospecha\/","title":{"rendered":"Nahle vs. Aguilar: Una relaci\u00f3n bajo sospecha"},"content":{"rendered":"<p>La relaci\u00f3n entre el Gobierno del Estado y la Rector\u00eda de la UV ha pasado por matices complejos. Si bien en un inicio hubo indicios de apoyo pol\u00edtico desde figuras cercanas al ex-gobernador Cuitl\u00e1huac Garc\u00eda y el senador Manuel Huerta para sostener a Aguilar S\u00e1nchez, la llegada de Roc\u00edo Nahle ha marcado una distancia institucional significativa. La gobernadora ha sido enf\u00e1tica en que el proceso de sucesi\u00f3n rectoral debe ajustarse a la ley, record\u00e1ndole a la comunidad universitaria que existen requisitos de edad y procedimiento que no pueden ser ignorados.<\/p>\n<p>\u00abEsa es la ruta que deben seguir, as\u00ed de f\u00e1cil\u00bb, ha sentenciado Nahle al referirse al cumplimiento del reglamento interno de la UV. Este llamado a la legalidad es, en los hechos, una desautorizaci\u00f3n a la maniobra de la pr\u00f3rroga. La gobernadora entiende que su propio proyecto de gobierno, centrado en la austeridad y la eficiencia del gasto, se ve empa\u00f1ado por los excesos salariales en la m\u00e1xima casa de estudios. Resulta pol\u00edticamente insostenible defender una \u00abregeneraci\u00f3n\u00bb mientras se tolera que un Rector perciba m\u00e1s que la propia jefa del Ejecutivo.<\/p>\n<p>El inter\u00e9s de la administraci\u00f3n estatal en la UV es leg\u00edtimo: ampliar la matr\u00edcula escolar y mejorar la infraestructura para los j\u00f3venes veracruzanos. Sin embargo, este inter\u00e9s choca con una burocracia universitaria que parece m\u00e1s preocupada por asegurar su jubilaci\u00f3n que por abrir espacios para los miles de j\u00f3venes que cada a\u00f1o son rechazados por falta de cupo. La autonom\u00eda no puede ser el pretexto para la ineficiencia y el privilegio personal.<\/p>\n<p><img data-recalc-dims=\"1\" loading=\"lazy\" decoding=\"async\" class=\"aligncenter size-full wp-image-83226\" src=\"https:\/\/i0.wp.com\/politicosaldesnudo.com.mx\/wp-content\/uploads\/2026\/04\/FIRMA-EDITORIAL-PD-3.jpg?resize=800%2C98&#038;ssl=1\" alt=\"\" width=\"800\" height=\"98\" srcset=\"https:\/\/i0.wp.com\/politicosaldesnudo.com.mx\/wp-content\/uploads\/2026\/04\/FIRMA-EDITORIAL-PD-3.jpg?w=1024&amp;ssl=1 1024w, https:\/\/i0.wp.com\/politicosaldesnudo.com.mx\/wp-content\/uploads\/2026\/04\/FIRMA-EDITORIAL-PD-3.jpg?resize=300%2C37&amp;ssl=1 300w, https:\/\/i0.wp.com\/politicosaldesnudo.com.mx\/wp-content\/uploads\/2026\/04\/FIRMA-EDITORIAL-PD-3.jpg?resize=768%2C94&amp;ssl=1 768w\" sizes=\"auto, (max-width: 800px) 100vw, 800px\" \/><\/p>\n","protected":false},"excerpt":{"rendered":"<p>La relaci\u00f3n entre el Gobierno del Estado y la Rector\u00eda de la UV ha pasado por matices complejos. Si bien<\/p>\n","protected":false},"author":4,"featured_media":80293,"comment_status":"closed","ping_status":"closed","sticky":false,"template":"","format":"standard","meta":{"colormag_page_container_layout":"default_layout","colormag_page_sidebar_layout":"default_layout","_jetpack_memberships_contains_paid_content":false,"footnotes":"","jetpack_publicize_message":"","jetpack_publicize_feature_enabled":true,"jetpack_social_post_already_shared":true,"jetpack_social_options":{"image_generator_settings":{"template":"highway","default_image_id":0,"font":"","enabled":false},"version":2}},"categories":[26],"tags":[],"class_list":["post-83232","post","type-post","status-publish","format-standard","has-post-thumbnail","hentry","category-columnistas"],"jetpack_publicize_connections":[],"jetpack_featured_media_url":"https:\/\/i0.wp.com\/politicosaldesnudo.com.mx\/wp-content\/uploads\/2026\/02\/CRISTIANI-2-1.jpg?fit=800%2C445&ssl=1","jetpack-related-posts":[],"jetpack_sharing_enabled":true,"_links":{"self":[{"href":"https:\/\/politicosaldesnudo.com.mx\/index.php\/wp-json\/wp\/v2\/posts\/83232","targetHints":{"allow":["GET"]}}],"collection":[{"href":"https:\/\/politicosaldesnudo.com.mx\/index.php\/wp-json\/wp\/v2\/posts"}],"about":[{"href":"https:\/\/politicosaldesnudo.com.mx\/index.php\/wp-json\/wp\/v2\/types\/post"}],"author":[{"embeddable":true,"href":"https:\/\/politicosaldesnudo.com.mx\/index.php\/wp-json\/wp\/v2\/users\/4"}],"replies":[{"embeddable":true,"href":"https:\/\/politicosaldesnudo.com.mx\/index.php\/wp-json\/wp\/v2\/comments?post=83232"}],"version-history":[{"count":0,"href":"https:\/\/politicosaldesnudo.com.mx\/index.php\/wp-json\/wp\/v2\/posts\/83232\/revisions"}],"wp:featuredmedia":[{"embeddable":true,"href":"https:\/\/politicosaldesnudo.com.mx\/index.php\/wp-json\/wp\/v2\/media\/80293"}],"wp:attachment":[{"href":"https:\/\/politicosaldesnudo.com.mx\/index.php\/wp-json\/wp\/v2\/media?parent=83232"}],"wp:term":[{"taxonomy":"category","embeddable":true,"href":"https:\/\/politicosaldesnudo.com.mx\/index.php\/wp-json\/wp\/v2\/categories?post=83232"},{"taxonomy":"post_tag","embeddable":true,"href":"https:\/\/politicosaldesnudo.com.mx\/index.php\/wp-json\/wp\/v2\/tags?post=83232"}],"curies":[{"name":"wp","href":"https:\/\/api.w.org\/{rel}","templated":true}]}}