{"id":8333,"date":"2022-07-28T09:02:05","date_gmt":"2022-07-28T14:02:05","guid":{"rendered":"https:\/\/politicosaldesnudo.com.mx\/?p=8333"},"modified":"2022-07-28T12:40:30","modified_gmt":"2022-07-28T17:40:30","slug":"con-apoyo-de-sectur-capacitan-a-prestadores-de-servicios-de-tuxpan-en-cultura-turistica","status":"publish","type":"post","link":"https:\/\/politicosaldesnudo.com.mx\/index.php\/2022\/07\/28\/con-apoyo-de-sectur-capacitan-a-prestadores-de-servicios-de-tuxpan-en-cultura-turistica\/","title":{"rendered":"Con apoyo de Sectur, capacitan en \u201cCultura Tur\u00edstica\u201d a prestadores de servicios de Tuxpan"},"content":{"rendered":"<p>&nbsp;<\/p>\n<p class=\"p1\"><span style=\"font-size: 14pt;\"><em><strong>TUXPAN, Ver.<\/strong> <\/em>Tuxpan est\u00e1 llamado a ser un importante polo tur\u00edstico, por lo que la Secretar\u00eda de Turismo y Cultura del Estado de Veracruz (Sectur) en coordinaci\u00f3n con el Ayuntamiento de Tuxpan, llevaron a cabo la <strong>capacitaci\u00f3n denominada<span style=\"color: #139eca;\"> \u201cCultura Tur\u00edstica\u201d<\/span><\/strong>, dirigida a personal de primer contacto con el turista y prestadores de servicios tur\u00edsticos de nuestro municipio.<span class=\"Apple-converted-space\">\u00a0<\/span><\/span><\/p>\n<p class=\"p1\"><span style=\"font-size: 14pt;\">El evento estuvo encabezado por el alcalde Jos\u00e9 Manuel Pozos Castro; el Dr. Omar Castro Prado, director de Servicios Tur\u00edsticos de la Sectur; Francisco Mart\u00ednez Rivas, capacitador de Sector; y el Lic. Francisco Villanueva M\u00e9ndez, director de Turismo de Tuxpan. <span class=\"Apple-converted-space\">\u00a0<\/span><\/span><\/p>\n<p class=\"p1\"><span style=\"font-size: 18pt;\"><strong>El Dr. Omar Castro se\u00f1al\u00f3 que con estas acciones se refrenda el compromiso del secretario de Turismo, Mtro. Iv\u00e1n Mart\u00ednez Olvera, de brindar apoyo a Tuxpan, uno de los 36 municipios del estado con vocaci\u00f3n tur\u00edstica.<span class=\"Apple-converted-space\">\u00a0<\/span><\/strong><\/span><\/p>\n<p class=\"p1\"><span style=\"font-size: 14pt;\">Asimismo, inform\u00f3 que este es el inicio de una serie de capacitaciones que se tienen contempladas para lograr la profesionalizaci\u00f3n de los prestadores de servicios.<span class=\"Apple-converted-space\">\u00a0<\/span><\/span><\/p>\n<p><img data-recalc-dims=\"1\" loading=\"lazy\" decoding=\"async\" class=\"aligncenter wp-image-8336 size-large\" src=\"https:\/\/i0.wp.com\/politicosaldesnudo.com.mx\/wp-content\/uploads\/2022\/07\/P-TUXPAN-TURISMO3-2-1024x573.png?resize=800%2C448&#038;ssl=1\" alt=\"\" width=\"800\" height=\"448\" srcset=\"https:\/\/i0.wp.com\/politicosaldesnudo.com.mx\/wp-content\/uploads\/2022\/07\/P-TUXPAN-TURISMO3-2.png?resize=1024%2C573&amp;ssl=1 1024w, https:\/\/i0.wp.com\/politicosaldesnudo.com.mx\/wp-content\/uploads\/2022\/07\/P-TUXPAN-TURISMO3-2.png?resize=300%2C168&amp;ssl=1 300w, https:\/\/i0.wp.com\/politicosaldesnudo.com.mx\/wp-content\/uploads\/2022\/07\/P-TUXPAN-TURISMO3-2.png?resize=768%2C430&amp;ssl=1 768w, https:\/\/i0.wp.com\/politicosaldesnudo.com.mx\/wp-content\/uploads\/2022\/07\/P-TUXPAN-TURISMO3-2.png?resize=1536%2C859&amp;ssl=1 1536w, https:\/\/i0.wp.com\/politicosaldesnudo.com.mx\/wp-content\/uploads\/2022\/07\/P-TUXPAN-TURISMO3-2.png?w=1816&amp;ssl=1 1816w, https:\/\/i0.wp.com\/politicosaldesnudo.com.mx\/wp-content\/uploads\/2022\/07\/P-TUXPAN-TURISMO3-2.png?w=1600&amp;ssl=1 1600w\" sizes=\"auto, (max-width: 800px) 100vw, 800px\" \/><\/p>\n<p>&nbsp;<\/p>\n<p class=\"p1\"><span style=\"font-size: 18pt;\"><strong>El alcalde Jos\u00e9 Manuel Pozos Castro destac\u00f3 la importancia de contar con una <span style=\"color: #139eca;\">cultura de calidad en el servicio<\/span>, ya que permitir\u00e1 promover el modelo de desarrollo tur\u00edstico contemplado en el Plan de Desarrollo Municipal.<span class=\"Apple-converted-space\">\u00a0<\/span><\/strong><\/span><\/p>\n<p class=\"p1\"><span style=\"font-size: 14pt;\">Bajo ese tenor, indic\u00f3 que para consolidar a Tuxpan como un importante destino tur\u00edstico es momento de continuar con el fomento a la profesionalizaci\u00f3n del capital humano.<\/span><\/p>\n<blockquote>\n<p class=\"p1\"><span style=\"font-size: 14pt;\">En Tuxpan tenemos bien claro que el tener atractivos tur\u00edsticos no es suficiente para triunfar en esta industria, un elemento indispensable es la gente, los anfitriones; por ello, cada prestador de servicios debe asumir el reto de actuar con cortes\u00eda, con un toque personal, con respeto, eficiencia, honestidad y muy buena disposici\u00f3n, para dar a Tuxpan el lugar que le corresponde\u201d<\/span><\/p>\n<\/blockquote>\n<p class=\"p1\"><span style=\"font-size: 18pt;\"><strong>Dijo que Tuxpan debe ser sin\u00f3nimo de calidad y calidez en el servicio,<span style=\"color: #139eca;\"> \u201cporque somos un pueblo hospitalario, solidario y generoso\u201d.<\/span><\/strong><\/span><\/p>\n<p class=\"p1\"><span style=\"font-size: 14pt;\">Recalc\u00f3 el compromiso del gobierno de Tuxpan para promover el turismo trabajando de manera coordinada, \u201cporque hoy en Tuxpan se gobierna con toda la sociedad\u201d.<\/span><\/p>\n<p class=\"p1\"><span style=\"font-size: 18pt;\"><strong>Pozos Castro felicit\u00f3 a quienes participaron en este curso, ya que todo aprendido se ver\u00e1 reflejado en sus actividades diarias. <span class=\"Apple-converted-space\">\u00a0<\/span><\/strong><\/span><span style=\"font-size: 18pt;\"><strong>Aprovech\u00f3 para pedir a los agentes de Tr\u00e1nsito sensibilizarse, ya que ellos son la primera imagen que se le da al turista, por lo que deben actuar con respeto y brindando una atenci\u00f3n digna.<\/strong><\/span><\/p>\n<p><img data-recalc-dims=\"1\" loading=\"lazy\" decoding=\"async\" class=\"aligncenter wp-image-8337 size-large\" src=\"https:\/\/i0.wp.com\/politicosaldesnudo.com.mx\/wp-content\/uploads\/2022\/07\/P-TUXPAN-TURISMO4-1024x573.png?resize=800%2C448&#038;ssl=1\" alt=\"\" width=\"800\" height=\"448\" srcset=\"https:\/\/i0.wp.com\/politicosaldesnudo.com.mx\/wp-content\/uploads\/2022\/07\/P-TUXPAN-TURISMO4.png?resize=1024%2C573&amp;ssl=1 1024w, https:\/\/i0.wp.com\/politicosaldesnudo.com.mx\/wp-content\/uploads\/2022\/07\/P-TUXPAN-TURISMO4.png?resize=300%2C168&amp;ssl=1 300w, https:\/\/i0.wp.com\/politicosaldesnudo.com.mx\/wp-content\/uploads\/2022\/07\/P-TUXPAN-TURISMO4.png?resize=768%2C430&amp;ssl=1 768w, https:\/\/i0.wp.com\/politicosaldesnudo.com.mx\/wp-content\/uploads\/2022\/07\/P-TUXPAN-TURISMO4.png?resize=1536%2C859&amp;ssl=1 1536w, https:\/\/i0.wp.com\/politicosaldesnudo.com.mx\/wp-content\/uploads\/2022\/07\/P-TUXPAN-TURISMO4.png?w=1816&amp;ssl=1 1816w, https:\/\/i0.wp.com\/politicosaldesnudo.com.mx\/wp-content\/uploads\/2022\/07\/P-TUXPAN-TURISMO4.png?w=1600&amp;ssl=1 1600w\" sizes=\"auto, (max-width: 800px) 100vw, 800px\" \/><\/p>\n<p>&nbsp;<\/p>\n<p class=\"p1\"><span style=\"font-size: 14pt;\">Agradeci\u00f3 al gobernador Cuitl\u00e1huac Garc\u00eda Jim\u00e9nez y al titular de Turismo en el estado, Mtro. Iv\u00e1n Mart\u00ednez Olvera, su respaldo incondicional para que la capacitaci\u00f3n de nuestros prestadores de servicios sea una realidad.<span class=\"Apple-converted-space\">\u00a0<\/span><\/span><\/p>\n<p class=\"p1\"><span style=\"font-size: 14pt;\">En este curso se cont\u00f3 con la importante participaci\u00f3n de representantes del sector empresarial: Lic. Eduardo Ortega Vega, presidente de Canaco; Lic. Cinthya Lizbeth Salas Ricardi, presidenta de Canirac; C.P. Estela L\u00f3pez S\u00e1nchez, presidenta de la Asociaci\u00f3n de Hoteles y Moteles de Tuxpan y la Huasteca Veracruzana A.C.; C.P. Guillermo Hern\u00e1ndez Hern\u00e1ndez, representante del Mercado Municipal de Tuxpan; Mtra. Mar\u00eda Salom\u00e9 Noguera Torres, presidenta del Corredor Gastron\u00f3mico de La Mata; y 28 elementos de Tr\u00e1nsito Municipal.<\/span><\/p>\n<p class=\"p1\"><span style=\"font-size: 14pt;\">Tambi\u00e9n estuvieron presentes las regidoras Maryanela Monroy Flores y Lucero Res\u00e9ndis Ambrocio y el regidor Juan G\u00f3mez Garc\u00eda.<\/span><\/p>\n<p><img data-recalc-dims=\"1\" loading=\"lazy\" decoding=\"async\" class=\"aligncenter wp-image-8335 size-large\" src=\"https:\/\/i0.wp.com\/politicosaldesnudo.com.mx\/wp-content\/uploads\/2022\/07\/P-TUXPAN-TURISMO2-2-1024x573.png?resize=800%2C448&#038;ssl=1\" alt=\"\" width=\"800\" height=\"448\" srcset=\"https:\/\/i0.wp.com\/politicosaldesnudo.com.mx\/wp-content\/uploads\/2022\/07\/P-TUXPAN-TURISMO2-2.png?resize=1024%2C573&amp;ssl=1 1024w, https:\/\/i0.wp.com\/politicosaldesnudo.com.mx\/wp-content\/uploads\/2022\/07\/P-TUXPAN-TURISMO2-2.png?resize=300%2C168&amp;ssl=1 300w, https:\/\/i0.wp.com\/politicosaldesnudo.com.mx\/wp-content\/uploads\/2022\/07\/P-TUXPAN-TURISMO2-2.png?resize=768%2C430&amp;ssl=1 768w, https:\/\/i0.wp.com\/politicosaldesnudo.com.mx\/wp-content\/uploads\/2022\/07\/P-TUXPAN-TURISMO2-2.png?resize=1536%2C859&amp;ssl=1 1536w, https:\/\/i0.wp.com\/politicosaldesnudo.com.mx\/wp-content\/uploads\/2022\/07\/P-TUXPAN-TURISMO2-2.png?w=1816&amp;ssl=1 1816w, https:\/\/i0.wp.com\/politicosaldesnudo.com.mx\/wp-content\/uploads\/2022\/07\/P-TUXPAN-TURISMO2-2.png?w=1600&amp;ssl=1 1600w\" sizes=\"auto, (max-width: 800px) 100vw, 800px\" \/><\/p>\n<p>&nbsp;<\/p>\n<p>&nbsp;<\/p>\n<p>&nbsp;<\/p>\n<p>&nbsp;<\/p>\n<p>&nbsp;<\/p>\n","protected":false},"excerpt":{"rendered":"<p>&nbsp; TUXPAN, Ver. Tuxpan est\u00e1 llamado a ser un importante polo tur\u00edstico, por lo que la Secretar\u00eda de Turismo y<\/p>\n","protected":false},"author":4,"featured_media":8334,"comment_status":"closed","ping_status":"closed","sticky":false,"template":"","format":"standard","meta":{"colormag_page_container_layout":"default_layout","colormag_page_sidebar_layout":"default_layout","_jetpack_memberships_contains_paid_content":false,"footnotes":"","jetpack_publicize_message":"","jetpack_publicize_feature_enabled":true,"jetpack_social_post_already_shared":false,"jetpack_social_options":{"image_generator_settings":{"template":"highway","default_image_id":0,"font":"","enabled":false},"version":2}},"categories":[1082],"tags":[576,234,70,100],"class_list":["post-8333","post","type-post","status-publish","format-standard","has-post-thumbnail","hentry","category-tuxpan","tag-jose-manuel-pozos","tag-turismo","tag-tuxpan","tag-veracruz"],"jetpack_publicize_connections":[],"jetpack_featured_media_url":"https:\/\/i0.wp.com\/politicosaldesnudo.com.mx\/wp-content\/uploads\/2022\/07\/P-TUXPAN-TURISMO1-2.png?fit=1816%2C1016&ssl=1","jetpack-related-posts":[],"jetpack_sharing_enabled":true,"_links":{"self":[{"href":"https:\/\/politicosaldesnudo.com.mx\/index.php\/wp-json\/wp\/v2\/posts\/8333","targetHints":{"allow":["GET"]}}],"collection":[{"href":"https:\/\/politicosaldesnudo.com.mx\/index.php\/wp-json\/wp\/v2\/posts"}],"about":[{"href":"https:\/\/politicosaldesnudo.com.mx\/index.php\/wp-json\/wp\/v2\/types\/post"}],"author":[{"embeddable":true,"href":"https:\/\/politicosaldesnudo.com.mx\/index.php\/wp-json\/wp\/v2\/users\/4"}],"replies":[{"embeddable":true,"href":"https:\/\/politicosaldesnudo.com.mx\/index.php\/wp-json\/wp\/v2\/comments?post=8333"}],"version-history":[{"count":0,"href":"https:\/\/politicosaldesnudo.com.mx\/index.php\/wp-json\/wp\/v2\/posts\/8333\/revisions"}],"wp:featuredmedia":[{"embeddable":true,"href":"https:\/\/politicosaldesnudo.com.mx\/index.php\/wp-json\/wp\/v2\/media\/8334"}],"wp:attachment":[{"href":"https:\/\/politicosaldesnudo.com.mx\/index.php\/wp-json\/wp\/v2\/media?parent=8333"}],"wp:term":[{"taxonomy":"category","embeddable":true,"href":"https:\/\/politicosaldesnudo.com.mx\/index.php\/wp-json\/wp\/v2\/categories?post=8333"},{"taxonomy":"post_tag","embeddable":true,"href":"https:\/\/politicosaldesnudo.com.mx\/index.php\/wp-json\/wp\/v2\/tags?post=8333"}],"curies":[{"name":"wp","href":"https:\/\/api.w.org\/{rel}","templated":true}]}}