{"id":83585,"date":"2026-04-25T00:19:03","date_gmt":"2026-04-25T06:19:03","guid":{"rendered":"https:\/\/politicosaldesnudo.com.mx\/?p=83585"},"modified":"2026-04-25T00:19:03","modified_gmt":"2026-04-25T06:19:03","slug":"colombia-y-venezuela-acuerdan-sustitucion-de-importaciones-y-exportacion-conjunta-de-gas","status":"publish","type":"post","link":"https:\/\/politicosaldesnudo.com.mx\/index.php\/2026\/04\/25\/colombia-y-venezuela-acuerdan-sustitucion-de-importaciones-y-exportacion-conjunta-de-gas\/","title":{"rendered":"Colombia y Venezuela acuerdan sustituci\u00f3n de importaciones y exportaci\u00f3n conjunta de gas"},"content":{"rendered":"<p class=\"nota-justify\">Venezuela y Colombia sustituir\u00e1n importaciones de productos que pueden comerciar entre ellos y acordaron una interconexi\u00f3n el\u00e9ctrica y gas\u00edfera, incluyendo un plan para exportar de manera conjunta gas a otros pa\u00edses. As\u00ed lo inform\u00f3 la presidenta encargada Delcy Rodr\u00edguez a la salida de la reuni\u00f3n privada que sostuvo con su hom\u00f3logo colombiano, Gustavo Petro, quien la visit\u00f3 este viernes en el Palacio de Miraflores, en Caracas.<\/p>\n<p class=\"nota-justify\">Petro es el primer jefe de Estado que realiza una visita oficial a Delcy Rodr\u00edguez desde que esta asumi\u00f3 el liderazgo de Venezuela en enero. La reuni\u00f3n tuvo lugar a prop\u00f3sito de la clausura de la III Reuni\u00f3n de la Comisi\u00f3n de Vecindad e Integraci\u00f3n Binacional, cuyas actividades comenzaron el jueves y ejecut\u00f3 11 mesas de trabajo en distintas \u00e1reas: comercio, industria, turismo, energ\u00eda, cultura, salud, defensa y seguridad.<\/p>\n<p class=\"nota-justify\">Rodr\u00edguez resalt\u00f3 temas fundamentales para la recuperaci\u00f3n econ\u00f3mica de Venezuela, como son el energ\u00e9tico y el comercial. Sobre el primero inform\u00f3 que acordaron una \u201cinterconexi\u00f3n el\u00e9ctrica\u201d para fortalecer el suministro en el occidente venezolano, muy afectado por frecuentes apagones. Tambi\u00e9n dijo que est\u00e1 \u201caun paso\u201d la interconexi\u00f3n gas\u00edfera, para que Venezuela venda gas a Colombia y que tambi\u00e9n ambas naciones puedan \u201cconjuntamente exportar gas a otros pa\u00edses\u201d.<\/p>\n<p class=\"nota-justify\">Con respecto las relaciones comerciales, Rodr\u00edguez y Petro acordaron impulsar procesos de sustituci\u00f3n de importaciones de productos que se encuentran en ambos pa\u00edses.<\/p>\n<p class=\"nota-justify\">\u201cNo tiene en el sentido que Colombia o Venezuela miren hacia otras latitudes, otro hemisferio, lo que podemos conseguir en nuestros territorios. Pensar como si somos un solo pueblo, un solo pa\u00eds que se reconecta y se reencuentra para el intercambio, el desarrollo comercial basado en las potencialidades productivas\u201d, dijo la presidenta encargada de Venezuela.<\/p>\n<p class=\"nota-justify\">Por su parte, Petro centr\u00f3 su discurso en el tema de la seguridad fronteriza. Habl\u00f3 de la necesidad de configurar un esfuerzo com\u00fan, coordinado a fondo para liberar a los pueblos de la frontera de las mafias dedicadas a diversas econom\u00edas ilegales, comenzando por la coca\u00edna, el oro il\u00edcito, la trata de personas y otros delitos.<\/p>\n<p class=\"nota-justify\">Dijo que el asunto hab\u00eda que tratarlo como una \u201cliberaci\u00f3n de los pueblos\u201d, necesaria para poder hablar de integraci\u00f3n. \u201cLa frontera no puede ser de nadie m\u00e1s que de los pueblos; y hay que empezar por ah\u00ed, por esa liberaci\u00f3n de los pueblos a fondo, lo cual implica acci\u00f3n militar, acci\u00f3n policial, acci\u00f3n social\u201d.<\/p>\n<p class=\"nota-justify\"><strong>Nuevo encargado de negocios<\/strong><\/p>\n<p class=\"nota-justify\">El jueves lleg\u00f3 a Venezuela John Barrett, el nuevo encargado de negocios de la Embajada de Estados Unidos en Caracas. Barrett sustituye a Laura Dogu, quien lider\u00f3 la delegaci\u00f3n diplom\u00e1tica estadunidense desde enero, pocos d\u00edas despu\u00e9s de la agresi\u00f3n militar que termin\u00f3 con el secuestro del presidente Nicol\u00e1s Maduro.<\/p>\n<p class=\"nota-justify\">El nuevo representante del gobierno de Donald Trump fue recibido por el vicecanciller Oliver Blanco. Al llegar, public\u00f3 enredes sociales un mensaje afirmando que \u201cla relaci\u00f3n entre los Estados Unidos y Venezuela va a definir el futuro de nuestro hemisferio\u201d. Por su parte, Delcy Rodr\u00edguez se refiri\u00f3 al arribo de Barrett y reiter\u00f3, que la relaci\u00f3n entre ambos pa\u00edses debe basarse en el respeto. \u201cNosotros esperamos poder continuar nuestra agenda de trabajo, una agenda de trabajo que debe estar basada en el respeto; le damos la bienvenida\u201d, expres\u00f3 durante un acto de masas donde solicitaban el levantamiento total de las sanciones que Washington mantiene sobre el pa\u00eds.<\/p>\n","protected":false},"excerpt":{"rendered":"<p>Venezuela y Colombia sustituir\u00e1n importaciones de productos que pueden comerciar entre ellos y acordaron una interconexi\u00f3n el\u00e9ctrica y gas\u00edfera, incluyendo<\/p>\n","protected":false},"author":4,"featured_media":83586,"comment_status":"closed","ping_status":"closed","sticky":false,"template":"","format":"standard","meta":{"colormag_page_container_layout":"default_layout","colormag_page_sidebar_layout":"default_layout","_jetpack_memberships_contains_paid_content":false,"footnotes":"","jetpack_publicize_message":"","jetpack_publicize_feature_enabled":true,"jetpack_social_post_already_shared":true,"jetpack_social_options":{"image_generator_settings":{"template":"highway","default_image_id":0,"font":"","enabled":false},"version":2}},"categories":[28],"tags":[],"class_list":["post-83585","post","type-post","status-publish","format-standard","has-post-thumbnail","hentry","category-internacional"],"jetpack_publicize_connections":[],"jetpack_featured_media_url":"https:\/\/i0.wp.com\/politicosaldesnudo.com.mx\/wp-content\/uploads\/2026\/04\/ADGA.webp?fit=1200%2C800&ssl=1","jetpack-related-posts":[],"jetpack_sharing_enabled":true,"_links":{"self":[{"href":"https:\/\/politicosaldesnudo.com.mx\/index.php\/wp-json\/wp\/v2\/posts\/83585","targetHints":{"allow":["GET"]}}],"collection":[{"href":"https:\/\/politicosaldesnudo.com.mx\/index.php\/wp-json\/wp\/v2\/posts"}],"about":[{"href":"https:\/\/politicosaldesnudo.com.mx\/index.php\/wp-json\/wp\/v2\/types\/post"}],"author":[{"embeddable":true,"href":"https:\/\/politicosaldesnudo.com.mx\/index.php\/wp-json\/wp\/v2\/users\/4"}],"replies":[{"embeddable":true,"href":"https:\/\/politicosaldesnudo.com.mx\/index.php\/wp-json\/wp\/v2\/comments?post=83585"}],"version-history":[{"count":1,"href":"https:\/\/politicosaldesnudo.com.mx\/index.php\/wp-json\/wp\/v2\/posts\/83585\/revisions"}],"predecessor-version":[{"id":83587,"href":"https:\/\/politicosaldesnudo.com.mx\/index.php\/wp-json\/wp\/v2\/posts\/83585\/revisions\/83587"}],"wp:featuredmedia":[{"embeddable":true,"href":"https:\/\/politicosaldesnudo.com.mx\/index.php\/wp-json\/wp\/v2\/media\/83586"}],"wp:attachment":[{"href":"https:\/\/politicosaldesnudo.com.mx\/index.php\/wp-json\/wp\/v2\/media?parent=83585"}],"wp:term":[{"taxonomy":"category","embeddable":true,"href":"https:\/\/politicosaldesnudo.com.mx\/index.php\/wp-json\/wp\/v2\/categories?post=83585"},{"taxonomy":"post_tag","embeddable":true,"href":"https:\/\/politicosaldesnudo.com.mx\/index.php\/wp-json\/wp\/v2\/tags?post=83585"}],"curies":[{"name":"wp","href":"https:\/\/api.w.org\/{rel}","templated":true}]}}