{"id":83591,"date":"2026-04-27T00:01:11","date_gmt":"2026-04-27T06:01:11","guid":{"rendered":"https:\/\/politicosaldesnudo.com.mx\/?p=83591"},"modified":"2026-04-26T21:12:53","modified_gmt":"2026-04-27T03:12:53","slug":"30-artistas-regionales-rinden-tributo-a-la-madre-tierra-en-la-galeria-aurea","status":"publish","type":"post","link":"https:\/\/politicosaldesnudo.com.mx\/index.php\/2026\/04\/27\/30-artistas-regionales-rinden-tributo-a-la-madre-tierra-en-la-galeria-aurea\/","title":{"rendered":"30 artistas regionales rinden tributo a la Madre Tierra en la Galer\u00eda \u00c1urea"},"content":{"rendered":"<p>En una velada donde la creatividad se fusion\u00f3 con la urgencia ambiental, la Escuela de Artes Dr. Obed Zamora (EADOZ), inaugur\u00f3 con \u00e9xito este s\u00e1bado 25 de abril la exhibici\u00f3n colectiva \u00abTERRA: Voces de la Naturaleza\u00bb.<\/p>\n<p>El evento, realizado en la Galer\u00eda de Arte \u00c1urea Silvia Escudero Bache, logr\u00f3 reunir a una destacada comunidad de creadores y espectadores en torno a la preservaci\u00f3n del planeta.<\/p>\n<p>La muestra, considerada una de las m\u00e1s ambiciosas en la zona norte de Veracruz, present\u00f3 el trabajo de 30 artistas regionales que utilizaron diversas disciplinas pl\u00e1sticas y visuales para explorar la relaci\u00f3n m\u00edstica entre el ser humano y su entorno.<\/p>\n<p>Bajo la coordinaci\u00f3n de la EADOZ y el Colectivo DECAUVILLE, la exhibici\u00f3n se consolid\u00f3 como un manifiesto art\u00edstico que busca despertar la conciencia social a trav\u00e9s del lenguaje universal del arte, coincidiendo con las conmemoraciones por el D\u00eda Mundial del Arte y el D\u00eda Mundial de la Tierra.<\/p>\n<p>Durante el protocolo inaugural, que dio inicio a las 18:00 horas en el recinto ubicado en la calle Enr\u00edquez n\u00famero 1 de la zona centro, los asistentes pudieron recorrer una curadur\u00eda que transita desde la denuncia ecol\u00f3gica hasta la celebraci\u00f3n de la vida.<\/p>\n<p>La impulsora de este proyecto Gaby Zamora, destac\u00f3 que la Galer\u00eda \u00c1urea se ha reafirmado como un referente cultural en Tuxpan, funcionando no solo como un escaparate est\u00e9tico, sino como un espacio de reflexi\u00f3n cr\u00edtica sobre los desaf\u00edos ambientales actuales.<\/p>\n<p>Con esta apertura, la comunidad art\u00edstica de Tuxpan y la regi\u00f3n Norte de Veracruz reafirma su compromiso con la promoci\u00f3n cultural, dejando las puertas abiertas para que el p\u00fablico local y los visitantes exploren esta visi\u00f3n colectiva sobre la Madre Tierra en las instalaciones de la Escuela de Artes.<\/p>\n","protected":false},"excerpt":{"rendered":"<p>En una velada donde la creatividad se fusion\u00f3 con la urgencia ambiental, la Escuela de Artes Dr. Obed Zamora (EADOZ),<\/p>\n","protected":false},"author":4,"featured_media":83592,"comment_status":"closed","ping_status":"closed","sticky":false,"template":"","format":"standard","meta":{"colormag_page_container_layout":"default_layout","colormag_page_sidebar_layout":"default_layout","_jetpack_memberships_contains_paid_content":false,"footnotes":"","jetpack_publicize_message":"","jetpack_publicize_feature_enabled":true,"jetpack_social_post_already_shared":true,"jetpack_social_options":{"image_generator_settings":{"template":"highway","default_image_id":0,"font":"","enabled":false},"version":2}},"categories":[1082],"tags":[],"class_list":["post-83591","post","type-post","status-publish","format-standard","has-post-thumbnail","hentry","category-tuxpan"],"jetpack_publicize_connections":[],"jetpack_featured_media_url":"https:\/\/i0.wp.com\/politicosaldesnudo.com.mx\/wp-content\/uploads\/2026\/04\/WhatsApp-Image-2026-04-26-at-18.15.2.jpeg?fit=1047%2C775&ssl=1","jetpack-related-posts":[],"jetpack_sharing_enabled":true,"_links":{"self":[{"href":"https:\/\/politicosaldesnudo.com.mx\/index.php\/wp-json\/wp\/v2\/posts\/83591","targetHints":{"allow":["GET"]}}],"collection":[{"href":"https:\/\/politicosaldesnudo.com.mx\/index.php\/wp-json\/wp\/v2\/posts"}],"about":[{"href":"https:\/\/politicosaldesnudo.com.mx\/index.php\/wp-json\/wp\/v2\/types\/post"}],"author":[{"embeddable":true,"href":"https:\/\/politicosaldesnudo.com.mx\/index.php\/wp-json\/wp\/v2\/users\/4"}],"replies":[{"embeddable":true,"href":"https:\/\/politicosaldesnudo.com.mx\/index.php\/wp-json\/wp\/v2\/comments?post=83591"}],"version-history":[{"count":1,"href":"https:\/\/politicosaldesnudo.com.mx\/index.php\/wp-json\/wp\/v2\/posts\/83591\/revisions"}],"predecessor-version":[{"id":83593,"href":"https:\/\/politicosaldesnudo.com.mx\/index.php\/wp-json\/wp\/v2\/posts\/83591\/revisions\/83593"}],"wp:featuredmedia":[{"embeddable":true,"href":"https:\/\/politicosaldesnudo.com.mx\/index.php\/wp-json\/wp\/v2\/media\/83592"}],"wp:attachment":[{"href":"https:\/\/politicosaldesnudo.com.mx\/index.php\/wp-json\/wp\/v2\/media?parent=83591"}],"wp:term":[{"taxonomy":"category","embeddable":true,"href":"https:\/\/politicosaldesnudo.com.mx\/index.php\/wp-json\/wp\/v2\/categories?post=83591"},{"taxonomy":"post_tag","embeddable":true,"href":"https:\/\/politicosaldesnudo.com.mx\/index.php\/wp-json\/wp\/v2\/tags?post=83591"}],"curies":[{"name":"wp","href":"https:\/\/api.w.org\/{rel}","templated":true}]}}