{"id":83597,"date":"2026-04-27T00:03:29","date_gmt":"2026-04-27T06:03:29","guid":{"rendered":"https:\/\/politicosaldesnudo.com.mx\/?p=83597"},"modified":"2026-04-26T21:16:22","modified_gmt":"2026-04-27T03:16:22","slug":"llevan-la-ruta-del-empleo-a-la-comunidad-el-higo-de-la-esperanza","status":"publish","type":"post","link":"https:\/\/politicosaldesnudo.com.mx\/index.php\/2026\/04\/27\/llevan-la-ruta-del-empleo-a-la-comunidad-el-higo-de-la-esperanza\/","title":{"rendered":"Llevan la \u00abRuta del Empleo\u00bb a la comunidad El Higo de la Esperanza"},"content":{"rendered":"<p>Con el objetivo de descentralizar las oportunidades laborales y acercar las vacantes a las zonas rurales, el Gobierno Municipal de Tuxpan, a trav\u00e9s de la Coordinaci\u00f3n de Fomento al Empleo, contin\u00faa con \u00e9xito el despliegue del programa \u00abLa Ruta del Empleo\u00bb.<\/p>\n<p>\u200bEn esta reciente jornada, las brigadas encabezadas por el coordinador Jener Garc\u00eda Escalante visitaron la comunidad de El Higo de la Esperanza, donde se brind\u00f3 atenci\u00f3n directa a los habitantes que buscan integrarse al mercado laboral.<\/p>\n<p>\u200bGarc\u00eda Escalante destac\u00f3 que estas acciones forman parte de una estrategia integral para fortalecer la econom\u00eda de las familias tuxpe\u00f1as, eliminando las barreras de distancia que a menudo impiden que los ciudadanos accedan a una bolsa de trabajo formal.<\/p>\n<p>\u200b\u00bbSeguimos avanzando y acercando oportunidades a quienes m\u00e1s lo necesitan. Llevamos alternativas reales de trabajo y desarrollo a cada comunidad, reafirmando nuestro compromiso de impulsar el bienestar de las familias y fortalecer su futuro\u00bb, puntualiz\u00f3 el funcionario.<br \/>\n\u200b<br \/>\n\u200bLa \u00abRuta del Empleo\u00bb se ha consolidado como un puente efectivo entre las empresas de la regi\u00f3n y la fuerza laboral de las comunidades.<\/p>\n<p>Seg\u00fan las autoridades, este modelo de atenci\u00f3n permite:<br \/>\n\u200bAsesor\u00eda personalizada: Registro de solicitudes y vinculaci\u00f3n inmediata.<br \/>\n\u200bAhorro para el ciudadano: Se evita el gasto de traslado hasta la cabecera municipal para los tr\u00e1mites iniciales.<br \/>\n\u200bDesarrollo Comunitario: Al acercar las vacantes, se fomenta que el crecimiento econ\u00f3mico sea parejo en todo el municipio.<\/p>\n<p>\u200bBajo la visi\u00f3n de un gobierno cercano, y en sinton\u00eda con las pol\u00edticas de desarrollo impulsadas por referentes como Daniel Cortina, as\u00ed como el respaldo a los proyectos de la gobernadora Roc\u00edo Nahle y la presidenta Claudia Sheinbaum, Tuxpan busca consolidar un ma\u00f1ana con mayor justicia social.<\/p>\n","protected":false},"excerpt":{"rendered":"<p>Con el objetivo de descentralizar las oportunidades laborales y acercar las vacantes a las zonas rurales, el Gobierno Municipal de<\/p>\n","protected":false},"author":4,"featured_media":83598,"comment_status":"closed","ping_status":"closed","sticky":false,"template":"","format":"standard","meta":{"colormag_page_container_layout":"default_layout","colormag_page_sidebar_layout":"default_layout","_jetpack_memberships_contains_paid_content":false,"footnotes":"","jetpack_publicize_message":"","jetpack_publicize_feature_enabled":true,"jetpack_social_post_already_shared":true,"jetpack_social_options":{"image_generator_settings":{"template":"highway","default_image_id":0,"font":"","enabled":false},"version":2}},"categories":[1082],"tags":[],"class_list":["post-83597","post","type-post","status-publish","format-standard","has-post-thumbnail","hentry","category-tuxpan"],"jetpack_publicize_connections":[],"jetpack_featured_media_url":"https:\/\/i0.wp.com\/politicosaldesnudo.com.mx\/wp-content\/uploads\/2026\/04\/WhatsApp-Image-2026-04-26-at-18.20.26-copia.jpg?fit=1200%2C940&ssl=1","jetpack-related-posts":[],"jetpack_sharing_enabled":true,"_links":{"self":[{"href":"https:\/\/politicosaldesnudo.com.mx\/index.php\/wp-json\/wp\/v2\/posts\/83597","targetHints":{"allow":["GET"]}}],"collection":[{"href":"https:\/\/politicosaldesnudo.com.mx\/index.php\/wp-json\/wp\/v2\/posts"}],"about":[{"href":"https:\/\/politicosaldesnudo.com.mx\/index.php\/wp-json\/wp\/v2\/types\/post"}],"author":[{"embeddable":true,"href":"https:\/\/politicosaldesnudo.com.mx\/index.php\/wp-json\/wp\/v2\/users\/4"}],"replies":[{"embeddable":true,"href":"https:\/\/politicosaldesnudo.com.mx\/index.php\/wp-json\/wp\/v2\/comments?post=83597"}],"version-history":[{"count":1,"href":"https:\/\/politicosaldesnudo.com.mx\/index.php\/wp-json\/wp\/v2\/posts\/83597\/revisions"}],"predecessor-version":[{"id":83599,"href":"https:\/\/politicosaldesnudo.com.mx\/index.php\/wp-json\/wp\/v2\/posts\/83597\/revisions\/83599"}],"wp:featuredmedia":[{"embeddable":true,"href":"https:\/\/politicosaldesnudo.com.mx\/index.php\/wp-json\/wp\/v2\/media\/83598"}],"wp:attachment":[{"href":"https:\/\/politicosaldesnudo.com.mx\/index.php\/wp-json\/wp\/v2\/media?parent=83597"}],"wp:term":[{"taxonomy":"category","embeddable":true,"href":"https:\/\/politicosaldesnudo.com.mx\/index.php\/wp-json\/wp\/v2\/categories?post=83597"},{"taxonomy":"post_tag","embeddable":true,"href":"https:\/\/politicosaldesnudo.com.mx\/index.php\/wp-json\/wp\/v2\/tags?post=83597"}],"curies":[{"name":"wp","href":"https:\/\/api.w.org\/{rel}","templated":true}]}}