{"id":83600,"date":"2026-04-27T00:04:41","date_gmt":"2026-04-27T06:04:41","guid":{"rendered":"https:\/\/politicosaldesnudo.com.mx\/?p=83600"},"modified":"2026-04-27T00:42:15","modified_gmt":"2026-04-27T06:42:15","slug":"tuxpan-abre-sus-puertas-a-la-ciencia-con-ventanas-al-universo","status":"publish","type":"post","link":"https:\/\/politicosaldesnudo.com.mx\/index.php\/2026\/04\/27\/tuxpan-abre-sus-puertas-a-la-ciencia-con-ventanas-al-universo\/","title":{"rendered":"Tuxpan abre sus puertas a la ciencia con \u201cVentanas al Universo\u201d"},"content":{"rendered":"<p>Con una gran afluencia de asistentes y un ambiente totalmente familiar, se llev\u00f3 a cabo con \u00e9xito el programa \u201cVentanas al Universo\u201d, evento promovido por el Honorable Ayuntamiento de Tuxpan a trav\u00e9s de la Regidur\u00eda Quinta, encabezada por la Mtra. Ivis Salas Valdez.<\/p>\n<p>Este innovador evento estuvo centrado en la observaci\u00f3n del cosmos mediante telescopios especializados, brindando a la ciudadan\u00eda una experiencia educativa, cient\u00edfica y recreativa de alto valor, acercando a ni\u00f1as, ni\u00f1os, j\u00f3venes y adultos al fascinante mundo del universo.<\/p>\n<p>Presidieron esta importante actividad el alcalde Daniel Cortina Mart\u00ednez; la presidenta honoraria del DIF Municipal, Marisol Mart\u00ednez Barrios; integrantes del cuerpo edilicio e invitados especiales.<\/p>\n<p>El programa cont\u00f3 adem\u00e1s con la participaci\u00f3n de ponentes de la Universidad Nacional Aut\u00f3noma de M\u00e9xico, quienes impartieron conferencias de divulgaci\u00f3n cient\u00edfica accesibles para todo p\u00fablico, compartiendo conocimientos enriquecedores y despertando el inter\u00e9s por la ciencia y la tecnolog\u00eda entre las familias tuxpe\u00f1as.<\/p>\n<p>Como parte de la coordinaci\u00f3n general del evento, tambi\u00e9n se integraron actividades complementarias para toda la familia, entre ellas sesiones de yoga al aire libre, as\u00ed como exposici\u00f3n y venta de productos elaborados por emprendedores locales, fortaleciendo el impulso a la econom\u00eda regional.<\/p>\n<p>Durante su mensaje, el presidente municipal Daniel Cortina Mart\u00ednez destac\u00f3 que su administraci\u00f3n trabaja para llegar a todos los sectores y que cada acci\u00f3n, esfuerzo e iniciativa tiene como prop\u00f3sito darle al pueblo de Tuxpan lo que verdaderamente merece: eventos de calidad, espacios dignos de recreaci\u00f3n y nuevas oportunidades de desarrollo.<\/p>\n<p>Asimismo, subray\u00f3 que el sector cient\u00edfico ha recibido poco respaldo por parte de los gobiernos municipales, por lo que en esta administraci\u00f3n se brindar\u00e1 apoyo total a proyectos que impulsen el conocimiento, la innovaci\u00f3n y el talento.<\/p>\n<p>\u201cVentanas al Universo\u201d sienta un precedente importante para seguir construyendo nuevas l\u00edneas de desarrollo para Tuxpan, abriendo paso al turismo astron\u00f3mico y ampliando los grandes atractivos que ya distinguen al municipio como el reconocido Puerto de los Bellos Atardeceres.<\/p>\n","protected":false},"excerpt":{"rendered":"<p>Con una gran afluencia de asistentes y un ambiente totalmente familiar, se llev\u00f3 a cabo con \u00e9xito el programa \u201cVentanas<\/p>\n","protected":false},"author":4,"featured_media":83601,"comment_status":"closed","ping_status":"closed","sticky":false,"template":"","format":"standard","meta":{"colormag_page_container_layout":"default_layout","colormag_page_sidebar_layout":"default_layout","_jetpack_memberships_contains_paid_content":false,"footnotes":"","jetpack_publicize_message":"","jetpack_publicize_feature_enabled":true,"jetpack_social_post_already_shared":true,"jetpack_social_options":{"image_generator_settings":{"template":"highway","default_image_id":0,"font":"","enabled":false},"version":2}},"categories":[1082],"tags":[],"class_list":["post-83600","post","type-post","status-publish","format-standard","has-post-thumbnail","hentry","category-tuxpan"],"jetpack_publicize_connections":[],"jetpack_featured_media_url":"https:\/\/i0.wp.com\/politicosaldesnudo.com.mx\/wp-content\/uploads\/2026\/04\/WhatsApp-Image-2026-04-26-at-12.29.10.jpeg?fit=1600%2C1066&ssl=1","jetpack-related-posts":[],"jetpack_sharing_enabled":true,"_links":{"self":[{"href":"https:\/\/politicosaldesnudo.com.mx\/index.php\/wp-json\/wp\/v2\/posts\/83600","targetHints":{"allow":["GET"]}}],"collection":[{"href":"https:\/\/politicosaldesnudo.com.mx\/index.php\/wp-json\/wp\/v2\/posts"}],"about":[{"href":"https:\/\/politicosaldesnudo.com.mx\/index.php\/wp-json\/wp\/v2\/types\/post"}],"author":[{"embeddable":true,"href":"https:\/\/politicosaldesnudo.com.mx\/index.php\/wp-json\/wp\/v2\/users\/4"}],"replies":[{"embeddable":true,"href":"https:\/\/politicosaldesnudo.com.mx\/index.php\/wp-json\/wp\/v2\/comments?post=83600"}],"version-history":[{"count":1,"href":"https:\/\/politicosaldesnudo.com.mx\/index.php\/wp-json\/wp\/v2\/posts\/83600\/revisions"}],"predecessor-version":[{"id":83602,"href":"https:\/\/politicosaldesnudo.com.mx\/index.php\/wp-json\/wp\/v2\/posts\/83600\/revisions\/83602"}],"wp:featuredmedia":[{"embeddable":true,"href":"https:\/\/politicosaldesnudo.com.mx\/index.php\/wp-json\/wp\/v2\/media\/83601"}],"wp:attachment":[{"href":"https:\/\/politicosaldesnudo.com.mx\/index.php\/wp-json\/wp\/v2\/media?parent=83600"}],"wp:term":[{"taxonomy":"category","embeddable":true,"href":"https:\/\/politicosaldesnudo.com.mx\/index.php\/wp-json\/wp\/v2\/categories?post=83600"},{"taxonomy":"post_tag","embeddable":true,"href":"https:\/\/politicosaldesnudo.com.mx\/index.php\/wp-json\/wp\/v2\/tags?post=83600"}],"curies":[{"name":"wp","href":"https:\/\/api.w.org\/{rel}","templated":true}]}}