{"id":83622,"date":"2026-04-27T00:15:39","date_gmt":"2026-04-27T06:15:39","guid":{"rendered":"https:\/\/politicosaldesnudo.com.mx\/?p=83622"},"modified":"2026-04-27T00:15:39","modified_gmt":"2026-04-27T06:15:39","slug":"sube-precio-de-seguros-de-automoviles-en-mexico-revela-inegi","status":"publish","type":"post","link":"https:\/\/politicosaldesnudo.com.mx\/index.php\/2026\/04\/27\/sube-precio-de-seguros-de-automoviles-en-mexico-revela-inegi\/","title":{"rendered":"Sube precio de seguros de autom\u00f3viles en M\u00e9xico, revela Inegi"},"content":{"rendered":"<p>Las p\u00f3lizas de seguro de autom\u00f3viles acumularon 10 quincenas de incrementos consecutivos a tasa anual, de acuerdo con el Instituto Nacional de Estad\u00edstica y Geograf\u00eda (Inegi).<\/p>\n<p>Los seguros se encarecieron 5.19 por ciento anual en la primera quincena de abril, su variaci\u00f3n m\u00e1s alta desde los primeros 15 d\u00edas de noviembre de 2024 (6.43 por ciento).<\/p>\n<p>El \u00cdndice Nacional de Precios al Consumidor (INPC) muestra que los seguros de autos empezaron a subir paulatinamente desde la segunda mitad de noviembre de 2025, casi un mes antes de la aprobaci\u00f3n del paquete fiscal 2026, que conten\u00eda cambios trascendentales para el sector financiero, como la prohibici\u00f3n de que las aseguradoras siguieran acreditando el impuesto al valor agregado (IVA) pagado en servicios o bienes utilizados para indemnizar a sus asegurados (reparaciones, hospitalizaci\u00f3n, reposiciones, etc\u00e9tera), lo que genera un costo directo a partir de 2026.<\/p>\n<p>Antes de esta tendencia alcista, los precios de los seguros hab\u00edan acumulado cinco quincenas a la baja y en las primeras dos semanas de noviembre del a\u00f1o pasado su costo hab\u00eda disminuido 0.46 por ciento anual.<\/p>\n<p>Con la reforma aprobada en 2025 el IVA dej\u00f3 de ser un cr\u00e9dito fiscal y se convirti\u00f3 en un costo directo para las aseguradoras, lo que podr\u00eda deteriorar sus m\u00e1rgenes operativos. La consecuencia es que ese costo se traslada \u2013total o parcialmente\u2013 a los consumidores finales mediante un incremento en las primas, explicaron expertos.<\/p>\n","protected":false},"excerpt":{"rendered":"<p>Las p\u00f3lizas de seguro de autom\u00f3viles acumularon 10 quincenas de incrementos consecutivos a tasa anual, de acuerdo con el Instituto<\/p>\n","protected":false},"author":4,"featured_media":83623,"comment_status":"closed","ping_status":"closed","sticky":false,"template":"","format":"standard","meta":{"colormag_page_container_layout":"default_layout","colormag_page_sidebar_layout":"default_layout","_jetpack_memberships_contains_paid_content":false,"footnotes":"","jetpack_publicize_message":"","jetpack_publicize_feature_enabled":true,"jetpack_social_post_already_shared":true,"jetpack_social_options":{"image_generator_settings":{"template":"highway","default_image_id":0,"font":"","enabled":false},"version":2}},"categories":[2050],"tags":[],"class_list":["post-83622","post","type-post","status-publish","format-standard","has-post-thumbnail","hentry","category-economia"],"jetpack_publicize_connections":[],"jetpack_featured_media_url":"https:\/\/i0.wp.com\/politicosaldesnudo.com.mx\/wp-content\/uploads\/2026\/04\/SEG.webp?fit=1200%2C781&ssl=1","jetpack-related-posts":[],"jetpack_sharing_enabled":true,"_links":{"self":[{"href":"https:\/\/politicosaldesnudo.com.mx\/index.php\/wp-json\/wp\/v2\/posts\/83622","targetHints":{"allow":["GET"]}}],"collection":[{"href":"https:\/\/politicosaldesnudo.com.mx\/index.php\/wp-json\/wp\/v2\/posts"}],"about":[{"href":"https:\/\/politicosaldesnudo.com.mx\/index.php\/wp-json\/wp\/v2\/types\/post"}],"author":[{"embeddable":true,"href":"https:\/\/politicosaldesnudo.com.mx\/index.php\/wp-json\/wp\/v2\/users\/4"}],"replies":[{"embeddable":true,"href":"https:\/\/politicosaldesnudo.com.mx\/index.php\/wp-json\/wp\/v2\/comments?post=83622"}],"version-history":[{"count":1,"href":"https:\/\/politicosaldesnudo.com.mx\/index.php\/wp-json\/wp\/v2\/posts\/83622\/revisions"}],"predecessor-version":[{"id":83624,"href":"https:\/\/politicosaldesnudo.com.mx\/index.php\/wp-json\/wp\/v2\/posts\/83622\/revisions\/83624"}],"wp:featuredmedia":[{"embeddable":true,"href":"https:\/\/politicosaldesnudo.com.mx\/index.php\/wp-json\/wp\/v2\/media\/83623"}],"wp:attachment":[{"href":"https:\/\/politicosaldesnudo.com.mx\/index.php\/wp-json\/wp\/v2\/media?parent=83622"}],"wp:term":[{"taxonomy":"category","embeddable":true,"href":"https:\/\/politicosaldesnudo.com.mx\/index.php\/wp-json\/wp\/v2\/categories?post=83622"},{"taxonomy":"post_tag","embeddable":true,"href":"https:\/\/politicosaldesnudo.com.mx\/index.php\/wp-json\/wp\/v2\/tags?post=83622"}],"curies":[{"name":"wp","href":"https:\/\/api.w.org\/{rel}","templated":true}]}}