{"id":83628,"date":"2026-04-27T00:18:25","date_gmt":"2026-04-27T06:18:25","guid":{"rendered":"https:\/\/politicosaldesnudo.com.mx\/?p=83628"},"modified":"2026-04-27T00:18:25","modified_gmt":"2026-04-27T06:18:25","slug":"busqueda-del-ultimo-minero-en-el-rosario-continua-de-manera-ininterrumpida","status":"publish","type":"post","link":"https:\/\/politicosaldesnudo.com.mx\/index.php\/2026\/04\/27\/busqueda-del-ultimo-minero-en-el-rosario-continua-de-manera-ininterrumpida\/","title":{"rendered":"B\u00fasqueda del \u00faltimo minero en El Rosario contin\u00faa de manera ininterrumpida"},"content":{"rendered":"<p class=\"nota-justify\">La Comisi\u00f3n Nacional de Protecci\u00f3n Civil (CNPC) dio a conocer que se mantienen de manera ininterrumpida las labores de trabajo las 24 horas del d\u00eda en el retiro de material de jal y que contin\u00faan reacondicionando las acciones en la rampa 48-2 para avanzar en la localizaci\u00f3n del \u00faltimo minero atrapado al interior de la mina Santa Fe, ubicada en la sindicatura de Cacalot\u00e1n, municipio de El Rosario.<\/p>\n<p class=\"nota-justify\">La dependencia report\u00f3 que paralelamente se realizan recorridos de verificaci\u00f3n, toma de muestras y revisi\u00f3n de material con apoyo de binomios caninos, para encontrar pistas del minero y fortalecer la evaluaci\u00f3n en el yacimiento.<\/p>\n<p class=\"nota-justify\">Inform\u00f3 que en la rampa 48-2 norte, el trabajo es permanente hasta completar el tramo que no est\u00e1 concluido, lo que permite a los rescatistas avanzar hacia nuevas \u00e1reas de exploraci\u00f3n dentro de la galer\u00eda.<\/p>\n<p class=\"nota-justify\">Al mismo tiempo, las maniobras se desarrollan en el contrapozo para ampliar accesos y puedan fortalecer las condiciones de intervenci\u00f3n del trabajo en el sitio para llegar al l\u00edmite del lugar.<\/p>\n<p class=\"nota-justify\">Todas las acciones al interior de la mina Santa Fe se llevan a cabo de forma coordinada con la CNPC as\u00ed como con las Secretar\u00edas de de Seguridad y Protecci\u00f3n Ciudadana, de la Defensa Nacional, de Marina, Comisi\u00f3n Federal de Electricidad y Protecci\u00f3n Civil del gobierno de Sinaloa, adem\u00e1s de los trabajadores de Industrial Mineral de Sinaloa.<\/p>\n<p class=\"nota-justify\">\u00c1lvaro Vargas Miranda, gerente administrador de Industrial Minera de Sinaloa, se\u00f1al\u00f3 que siguen sin tener indicios de Isidro Beltr\u00e1n, el obrero que quieren localizar y que despu\u00e9s de alcanzar el contrapozo se tendr\u00edan que limpiar unos 400 metros de rampa en descenso para continuar con la inspecci\u00f3n de la zona.<\/p>\n","protected":false},"excerpt":{"rendered":"<p>La Comisi\u00f3n Nacional de Protecci\u00f3n Civil (CNPC) dio a conocer que se mantienen de manera ininterrumpida las labores de trabajo<\/p>\n","protected":false},"author":4,"featured_media":83629,"comment_status":"closed","ping_status":"closed","sticky":false,"template":"","format":"standard","meta":{"colormag_page_container_layout":"default_layout","colormag_page_sidebar_layout":"default_layout","_jetpack_memberships_contains_paid_content":false,"footnotes":"","jetpack_publicize_message":"","jetpack_publicize_feature_enabled":true,"jetpack_social_post_already_shared":true,"jetpack_social_options":{"image_generator_settings":{"template":"highway","default_image_id":0,"font":"","enabled":false},"version":2}},"categories":[30],"tags":[],"class_list":["post-83628","post","type-post","status-publish","format-standard","has-post-thumbnail","hentry","category-estados"],"jetpack_publicize_connections":[],"jetpack_featured_media_url":"https:\/\/i0.wp.com\/politicosaldesnudo.com.mx\/wp-content\/uploads\/2026\/04\/BUS.webp?fit=1200%2C852&ssl=1","jetpack-related-posts":[],"jetpack_sharing_enabled":true,"_links":{"self":[{"href":"https:\/\/politicosaldesnudo.com.mx\/index.php\/wp-json\/wp\/v2\/posts\/83628","targetHints":{"allow":["GET"]}}],"collection":[{"href":"https:\/\/politicosaldesnudo.com.mx\/index.php\/wp-json\/wp\/v2\/posts"}],"about":[{"href":"https:\/\/politicosaldesnudo.com.mx\/index.php\/wp-json\/wp\/v2\/types\/post"}],"author":[{"embeddable":true,"href":"https:\/\/politicosaldesnudo.com.mx\/index.php\/wp-json\/wp\/v2\/users\/4"}],"replies":[{"embeddable":true,"href":"https:\/\/politicosaldesnudo.com.mx\/index.php\/wp-json\/wp\/v2\/comments?post=83628"}],"version-history":[{"count":1,"href":"https:\/\/politicosaldesnudo.com.mx\/index.php\/wp-json\/wp\/v2\/posts\/83628\/revisions"}],"predecessor-version":[{"id":83630,"href":"https:\/\/politicosaldesnudo.com.mx\/index.php\/wp-json\/wp\/v2\/posts\/83628\/revisions\/83630"}],"wp:featuredmedia":[{"embeddable":true,"href":"https:\/\/politicosaldesnudo.com.mx\/index.php\/wp-json\/wp\/v2\/media\/83629"}],"wp:attachment":[{"href":"https:\/\/politicosaldesnudo.com.mx\/index.php\/wp-json\/wp\/v2\/media?parent=83628"}],"wp:term":[{"taxonomy":"category","embeddable":true,"href":"https:\/\/politicosaldesnudo.com.mx\/index.php\/wp-json\/wp\/v2\/categories?post=83628"},{"taxonomy":"post_tag","embeddable":true,"href":"https:\/\/politicosaldesnudo.com.mx\/index.php\/wp-json\/wp\/v2\/tags?post=83628"}],"curies":[{"name":"wp","href":"https:\/\/api.w.org\/{rel}","templated":true}]}}