{"id":83634,"date":"2026-04-27T00:21:56","date_gmt":"2026-04-27T06:21:56","guid":{"rendered":"https:\/\/politicosaldesnudo.com.mx\/?p=83634"},"modified":"2026-04-27T00:21:56","modified_gmt":"2026-04-27T06:21:56","slug":"maestros-jubilados-del-snte-nuevo-leon-acuden-a-dialogo-con-la-scjn-por-adeudo-de-pensiones","status":"publish","type":"post","link":"https:\/\/politicosaldesnudo.com.mx\/index.php\/2026\/04\/27\/maestros-jubilados-del-snte-nuevo-leon-acuden-a-dialogo-con-la-scjn-por-adeudo-de-pensiones\/","title":{"rendered":"Maestros jubilados del SNTE Nuevo Le\u00f3n acuden a di\u00e1logo con la SCJN por adeudo de pensiones"},"content":{"rendered":"<p class=\"nota-justify\" dir=\"ltr\">Los maestros jubilados de la Secci\u00f3n 50 del SNTE en Nuevo Le\u00f3n acudieron a las instalaciones de la Suprema Corte de Justicia de la Naci\u00f3n (SCJN) como parte de las acciones para llegar a un amparo que les garantice el pago del adeudo de sus pensiones.<\/p>\n<p class=\"nota-justify\" dir=\"ltr\">As\u00ed lo dieron a conocer a trav\u00e9s de las redes sociales de la vocera del movimiento, Lucilda P\u00e9rez, quien por medio de un comunicado, comparti\u00f3 que acudieron a la Ciudad de M\u00e9xico para dialogar con ministros de la SCJN con el fin de llegar a un consenso de resoluci\u00f3n.<\/p>\n<p class=\"nota-justify\" dir=\"ltr\">\u201cLos licenciados y licenciadas que nos atendieron coincidieron en que el tema de los derechos adquiridos es muy relevante y digno de ser conocido y resuelto por la Suprema Corte, a fin de que se defina un criterio \u00fanico para todo el pa\u00eds. Se\u00f1alaron que esperar\u00e1n a que el juicio llegue a sus manos para estudiarlo, discutirlo y presentarlo a las ministras, a fin de que se le d\u00e9 turno entre los asuntos a resolver en el Pleno de la Corte\u201d, destac\u00f3 en su mensaje.<\/p>\n<p class=\"nota-justify\" dir=\"ltr\">As\u00ed mismo, se dio a conocer que el di\u00e1logo con los ministros se realiz\u00f3 desde el jueves 23 y viernes 24 de abril, cuando 17 maestros de la secci\u00f3n 50 presentaron sus peticiones ante las ministras Mar\u00eda Esthela R\u00edos Gonz\u00e1lez, Sara Irene Herrer\u00edas Guerra y Yasm\u00edn Esquivel Mossa, as\u00ed como por los secretarios de Estudio y Cuenta, Monserrat Monda, Misael Tello, Eduardo Alcaraz, y Jos\u00e9 Francisco Reyna.<\/p>\n<p class=\"nota-justify\" dir=\"ltr\">\u201cEl viernes 24 de abril acudimos al despacho jur\u00eddico del Lic. Manuel Fuentes Mu\u00f1iz, abogado que llevar\u00e1 nuestro caso y preparar\u00e1 el juicio de amparo. El Dr. Manuel Fuentes se excus\u00f3 por no poder atendernos debido a un imprevisto de \u00faltima hora; sin embargo, encarg\u00f3 a la Lic. Mar\u00eda Marili Castillo que nos atendiera, ya que ella conoce el caso y colaborar\u00e1 en la elaboraci\u00f3n de la demanda y en los tr\u00e1mites que se requieran durante el proceso jur\u00eddico\u201d, se\u00f1al\u00f3 P\u00e9rez en torno a los avances de las acciones para solicitar el amparo.<\/p>\n<p class=\"nota-justify\" dir=\"ltr\">Respecto a las movilizaciones que est\u00e1n haciendo los maestros de la Secci\u00f3n 50, desde el 17 de marzo comenzaron las acciones del \u201cPlan B\u201d, tras acudir a las instalaciones de ISSSTELEON para solicitar por escrito el pago de la cantidad exacta que les adeudan.<\/p>\n<p dir=\"ltr\">Sin embargo, las acciones del Plan B se originaron luego de que desde julio del a\u00f1o pasado, se han estado efectuando manifestaciones para exigir al estado el pago del 6.43 por ciento del pago de sus jubilaciones.<\/p>\n","protected":false},"excerpt":{"rendered":"<p>Los maestros jubilados de la Secci\u00f3n 50 del SNTE en Nuevo Le\u00f3n acudieron a las instalaciones de la Suprema Corte<\/p>\n","protected":false},"author":4,"featured_media":83635,"comment_status":"closed","ping_status":"closed","sticky":false,"template":"","format":"standard","meta":{"colormag_page_container_layout":"default_layout","colormag_page_sidebar_layout":"default_layout","_jetpack_memberships_contains_paid_content":false,"footnotes":"","jetpack_publicize_message":"","jetpack_publicize_feature_enabled":true,"jetpack_social_post_already_shared":true,"jetpack_social_options":{"image_generator_settings":{"template":"highway","default_image_id":0,"font":"","enabled":false},"version":2}},"categories":[30],"tags":[],"class_list":["post-83634","post","type-post","status-publish","format-standard","has-post-thumbnail","hentry","category-estados"],"jetpack_publicize_connections":[],"jetpack_featured_media_url":"https:\/\/i0.wp.com\/politicosaldesnudo.com.mx\/wp-content\/uploads\/2026\/04\/JUBI.webp?fit=1200%2C741&ssl=1","jetpack-related-posts":[],"jetpack_sharing_enabled":true,"_links":{"self":[{"href":"https:\/\/politicosaldesnudo.com.mx\/index.php\/wp-json\/wp\/v2\/posts\/83634","targetHints":{"allow":["GET"]}}],"collection":[{"href":"https:\/\/politicosaldesnudo.com.mx\/index.php\/wp-json\/wp\/v2\/posts"}],"about":[{"href":"https:\/\/politicosaldesnudo.com.mx\/index.php\/wp-json\/wp\/v2\/types\/post"}],"author":[{"embeddable":true,"href":"https:\/\/politicosaldesnudo.com.mx\/index.php\/wp-json\/wp\/v2\/users\/4"}],"replies":[{"embeddable":true,"href":"https:\/\/politicosaldesnudo.com.mx\/index.php\/wp-json\/wp\/v2\/comments?post=83634"}],"version-history":[{"count":1,"href":"https:\/\/politicosaldesnudo.com.mx\/index.php\/wp-json\/wp\/v2\/posts\/83634\/revisions"}],"predecessor-version":[{"id":83636,"href":"https:\/\/politicosaldesnudo.com.mx\/index.php\/wp-json\/wp\/v2\/posts\/83634\/revisions\/83636"}],"wp:featuredmedia":[{"embeddable":true,"href":"https:\/\/politicosaldesnudo.com.mx\/index.php\/wp-json\/wp\/v2\/media\/83635"}],"wp:attachment":[{"href":"https:\/\/politicosaldesnudo.com.mx\/index.php\/wp-json\/wp\/v2\/media?parent=83634"}],"wp:term":[{"taxonomy":"category","embeddable":true,"href":"https:\/\/politicosaldesnudo.com.mx\/index.php\/wp-json\/wp\/v2\/categories?post=83634"},{"taxonomy":"post_tag","embeddable":true,"href":"https:\/\/politicosaldesnudo.com.mx\/index.php\/wp-json\/wp\/v2\/tags?post=83634"}],"curies":[{"name":"wp","href":"https:\/\/api.w.org\/{rel}","templated":true}]}}