{"id":83649,"date":"2026-04-27T00:27:59","date_gmt":"2026-04-27T06:27:59","guid":{"rendered":"https:\/\/politicosaldesnudo.com.mx\/?p=83649"},"modified":"2026-04-27T00:27:59","modified_gmt":"2026-04-27T06:27:59","slug":"partidos-opositores-a-netanyahu-buscan-fusionarse-para-sacarlo-del-poder","status":"publish","type":"post","link":"https:\/\/politicosaldesnudo.com.mx\/index.php\/2026\/04\/27\/partidos-opositores-a-netanyahu-buscan-fusionarse-para-sacarlo-del-poder\/","title":{"rendered":"Partidos opositores a Netanyahu buscan fusionarse para sacarlo del poder"},"content":{"rendered":"<p class=\"nota-justify\">Dos pesos pesados de la pol\u00edtica israel\u00ed manifestaron este domingo que unir\u00e1n fuerzas en las pr\u00f3ximas elecciones en un esfuerzo compartido por sacar del poder al primer ministro y pr\u00f3fugo de la Corte Penal Internacional, Benjamin Netanyahu.<\/p>\n<p class=\"nota-justify\">}Naftali Bennett y Yair Lapid se desempe\u00f1aron como primeros ministros en un acuerdo de rotaci\u00f3n como parte de un gobierno de coalici\u00f3n que formaron en 2021. Ahora planean fusionar sus partidos en una sola facci\u00f3n encabezada por Bennett.<\/p>\n<p class=\"nota-justify\">\u201cLa medida busca unificar el bloque, poner fin a las divisiones internas y concentrar todos los esfuerzos en ganar las cruciales pr\u00f3ximas elecciones\u201d, declar\u00f3 el partido Yesh Atid (\u00abHay Futuro\u00bb) de Lapid en un comunicado.<\/p>\n<p class=\"nota-justify\">Bennett y Lapid programaron una conferencia de prensa conjunta para m\u00e1s tarde este domingo.<\/p>\n<p class=\"nota-justify\">El acuerdo de coalici\u00f3n de 2021 puso fin a 12 a\u00f1os de gobierno de Netanyahu. Bennett se desempe\u00f1\u00f3 como primer ministro durante el primer a\u00f1o hasta que su coalici\u00f3n se fractur\u00f3. Lapid asumi\u00f3 entonces el cargo principal como primer ministro interino durante los \u00faltimos seis meses, hasta que nuevas elecciones devolvieron a Netanyahu al poder.<\/p>\n<p class=\"nota-justify\">Lapid ha sido el l\u00edder de la oposici\u00f3n de Israel desde entonces, mientras que Bennett se tom\u00f3 un descanso de la pol\u00edtica.<\/p>\n","protected":false},"excerpt":{"rendered":"<p>Dos pesos pesados de la pol\u00edtica israel\u00ed manifestaron este domingo que unir\u00e1n fuerzas en las pr\u00f3ximas elecciones en un esfuerzo<\/p>\n","protected":false},"author":4,"featured_media":83650,"comment_status":"closed","ping_status":"closed","sticky":false,"template":"","format":"standard","meta":{"colormag_page_container_layout":"default_layout","colormag_page_sidebar_layout":"default_layout","_jetpack_memberships_contains_paid_content":false,"footnotes":"","jetpack_publicize_message":"","jetpack_publicize_feature_enabled":true,"jetpack_social_post_already_shared":true,"jetpack_social_options":{"image_generator_settings":{"template":"highway","default_image_id":0,"font":"","enabled":false},"version":2}},"categories":[28],"tags":[],"class_list":["post-83649","post","type-post","status-publish","format-standard","has-post-thumbnail","hentry","category-internacional"],"jetpack_publicize_connections":[],"jetpack_featured_media_url":"https:\/\/i0.wp.com\/politicosaldesnudo.com.mx\/wp-content\/uploads\/2026\/04\/AYMA.webp?fit=1200%2C800&ssl=1","jetpack-related-posts":[],"jetpack_sharing_enabled":true,"_links":{"self":[{"href":"https:\/\/politicosaldesnudo.com.mx\/index.php\/wp-json\/wp\/v2\/posts\/83649","targetHints":{"allow":["GET"]}}],"collection":[{"href":"https:\/\/politicosaldesnudo.com.mx\/index.php\/wp-json\/wp\/v2\/posts"}],"about":[{"href":"https:\/\/politicosaldesnudo.com.mx\/index.php\/wp-json\/wp\/v2\/types\/post"}],"author":[{"embeddable":true,"href":"https:\/\/politicosaldesnudo.com.mx\/index.php\/wp-json\/wp\/v2\/users\/4"}],"replies":[{"embeddable":true,"href":"https:\/\/politicosaldesnudo.com.mx\/index.php\/wp-json\/wp\/v2\/comments?post=83649"}],"version-history":[{"count":1,"href":"https:\/\/politicosaldesnudo.com.mx\/index.php\/wp-json\/wp\/v2\/posts\/83649\/revisions"}],"predecessor-version":[{"id":83651,"href":"https:\/\/politicosaldesnudo.com.mx\/index.php\/wp-json\/wp\/v2\/posts\/83649\/revisions\/83651"}],"wp:featuredmedia":[{"embeddable":true,"href":"https:\/\/politicosaldesnudo.com.mx\/index.php\/wp-json\/wp\/v2\/media\/83650"}],"wp:attachment":[{"href":"https:\/\/politicosaldesnudo.com.mx\/index.php\/wp-json\/wp\/v2\/media?parent=83649"}],"wp:term":[{"taxonomy":"category","embeddable":true,"href":"https:\/\/politicosaldesnudo.com.mx\/index.php\/wp-json\/wp\/v2\/categories?post=83649"},{"taxonomy":"post_tag","embeddable":true,"href":"https:\/\/politicosaldesnudo.com.mx\/index.php\/wp-json\/wp\/v2\/tags?post=83649"}],"curies":[{"name":"wp","href":"https:\/\/api.w.org\/{rel}","templated":true}]}}