{"id":83667,"date":"2026-04-27T00:41:38","date_gmt":"2026-04-27T06:41:38","guid":{"rendered":"https:\/\/politicosaldesnudo.com.mx\/?p=83667"},"modified":"2026-04-27T00:41:38","modified_gmt":"2026-04-27T06:41:38","slug":"fracking-revive-debate-sobre-territorio-y-futuro","status":"publish","type":"post","link":"https:\/\/politicosaldesnudo.com.mx\/index.php\/2026\/04\/27\/fracking-revive-debate-sobre-territorio-y-futuro\/","title":{"rendered":"Fracking revive debate sobre territorio y futuro"},"content":{"rendered":"<p><span style=\"font-family: arial, helvetica, sans-serif; font-size: 18pt;\"><strong>ALMA GRANDE<\/strong><\/span><\/p>\n<p><span style=\"font-family: arial, helvetica, sans-serif; font-size: 18pt;\"><strong>POR \u00c1NGEL \u00c1LVARO PE\u00d1A<\/strong><\/span><\/p>\n<p><span style=\"font-family: arial, helvetica, sans-serif; font-size: 14pt;\">La discusi\u00f3n sobre el fracking en M\u00e9xico volvi\u00f3 al centro del debate nacional y, como suele ocurrir cuando se habla de energ\u00eda, la narrativa oficial intenta vestir de progreso lo que en realidad representa una amenaza para comunidades enteras. La propuesta de la presidenta Claudia Sheinbaum de evaluar esta t\u00e9cnica mediante un comit\u00e9 t\u00e9cnico-cient\u00edfico encendi\u00f3 nuevamente las alertas entre organizaciones ambientalistas, que insisten en una verdad inc\u00f3moda: no existe un fracking sustentable.<\/span><\/p>\n<p><span style=\"font-family: arial, helvetica, sans-serif; font-size: 14pt;\">La Alianza Mexicana Contra el Fracking fue clara y contundente. No hay \u201cfracking responsable\u201d, no hay \u201cfracking verde\u201d, no hay tecnolog\u00eda capaz de borrar dos d\u00e9cadas de evidencia cient\u00edfica sobre contaminaci\u00f3n de mantos acu\u00edferos, afectaciones al aire, da\u00f1os a la salud y fracturas sociales en los territorios donde se implementa.<\/span><\/p>\n<p><span style=\"font-family: arial, helvetica, sans-serif; font-size: 14pt;\">Reducir el debate a una cuesti\u00f3n t\u00e9cnica es, en el fondo, una estrategia pol\u00edtica. Porque aqu\u00ed no se discute solamente c\u00f3mo extraer m\u00e1s gas, sino qui\u00e9n paga el costo de esa extracci\u00f3n. Y casi siempre son los mismos: comunidades rurales, pueblos originarios, campesinos y regiones hist\u00f3ricamente olvidadas por el poder central.<\/span><\/p>\n<p><span style=\"font-family: arial, helvetica, sans-serif; font-size: 14pt;\">En Veracruz, particularmente en la regi\u00f3n norte y la franja huasteca, este tema no es lejano ni abstracto. Municipios como Castillo de Teayo, Tihuatl\u00e1n y \u00c1lamo han aparecido desde hace a\u00f1os en el mapa de inter\u00e9s energ\u00e9tico por su potencial para la fractura hidr\u00e1ulica. Del otro lado, en Puebla, Venustiano Carranza, Xicotepec de Ju\u00e1rez y Francisco Z. Mena tambi\u00e9n forman parte de esa geograf\u00eda donde el desarrollo prometido suele llegar acompa\u00f1ado de incertidumbre, divisi\u00f3n social y da\u00f1os ambientales.<\/span><\/p>\n<p><span style=\"font-family: arial, helvetica, sans-serif; font-size: 14pt;\">Por eso preocupa que se pretenda instalar un comit\u00e9 que, desde su dise\u00f1o, parezca m\u00e1s orientado a justificar una decisi\u00f3n previamente tomada que a abrir una verdadera evaluaci\u00f3n p\u00fablica. Si no existe la posibilidad real de recomendar la prohibici\u00f3n del fracking, entonces no estamos frente a ciencia ni di\u00e1logo, sino frente a una simulaci\u00f3n institucional.<\/span><\/p>\n<p><span style=\"font-family: arial, helvetica, sans-serif; font-size: 14pt;\">Hablar de soberan\u00eda energ\u00e9tica tambi\u00e9n exige honestidad. No se puede llamar soberan\u00eda a seguir profundizando la dependencia de combustibles f\u00f3siles, abrir m\u00e1s infraestructura gas\u00edfera y sacrificar territorios completos en nombre del abastecimiento. Eso no es independencia; es prolongar un modelo que ya mostr\u00f3 sus l\u00edmites y sus consecuencias.<\/span><\/p>\n<p><span style=\"font-family: arial, helvetica, sans-serif; font-size: 14pt;\">La verdadera soberan\u00eda energ\u00e9tica deber\u00eda construirse desde la transici\u00f3n, no desde la obstinaci\u00f3n. Apostar por energ\u00edas limpias, por modelos regionales sostenibles y por pol\u00edticas que respeten el territorio y la salud p\u00fablica tendr\u00eda mucho m\u00e1s sentido que seguir defendiendo una t\u00e9cnica cuya reputaci\u00f3n internacional est\u00e1 marcada por la controversia.<\/span><\/p>\n<p><span style=\"font-family: arial, helvetica, sans-serif; font-size: 14pt;\">M\u00e9xico no necesita mejores excusas para seguir perforando la tierra; necesita mejores decisiones para dejar de hacerlo. El fracking no debe perfeccionarse, debe superarse. Porque cuando el progreso exige sacrificar agua, aire y dignidad, deja de ser progreso y se convierte en deuda hist\u00f3rica. Est\u00e1 columna se publica los lunes, mi\u00e9rcoles y viernes.<\/span><\/p>\n<p><img data-recalc-dims=\"1\" loading=\"lazy\" decoding=\"async\" class=\"aligncenter size-full wp-image-83653\" src=\"https:\/\/i0.wp.com\/politicosaldesnudo.com.mx\/wp-content\/uploads\/2026\/04\/FIRMA-EDITORIAL-PD-5.jpg?resize=800%2C98&#038;ssl=1\" alt=\"\" width=\"800\" height=\"98\" srcset=\"https:\/\/i0.wp.com\/politicosaldesnudo.com.mx\/wp-content\/uploads\/2026\/04\/FIRMA-EDITORIAL-PD-5.jpg?w=1024&amp;ssl=1 1024w, https:\/\/i0.wp.com\/politicosaldesnudo.com.mx\/wp-content\/uploads\/2026\/04\/FIRMA-EDITORIAL-PD-5.jpg?resize=300%2C37&amp;ssl=1 300w, https:\/\/i0.wp.com\/politicosaldesnudo.com.mx\/wp-content\/uploads\/2026\/04\/FIRMA-EDITORIAL-PD-5.jpg?resize=768%2C94&amp;ssl=1 768w\" sizes=\"auto, (max-width: 800px) 100vw, 800px\" \/><\/p>\n","protected":false},"excerpt":{"rendered":"<p>ALMA GRANDE POR \u00c1NGEL \u00c1LVARO PE\u00d1A La discusi\u00f3n sobre el fracking en M\u00e9xico volvi\u00f3 al centro del debate nacional y,<\/p>\n","protected":false},"author":4,"featured_media":83668,"comment_status":"closed","ping_status":"closed","sticky":false,"template":"","format":"standard","meta":{"colormag_page_container_layout":"default_layout","colormag_page_sidebar_layout":"default_layout","_jetpack_memberships_contains_paid_content":false,"footnotes":"","jetpack_publicize_message":"","jetpack_publicize_feature_enabled":true,"jetpack_social_post_already_shared":true,"jetpack_social_options":{"image_generator_settings":{"template":"highway","default_image_id":0,"font":"","enabled":false},"version":2}},"categories":[26],"tags":[],"class_list":["post-83667","post","type-post","status-publish","format-standard","has-post-thumbnail","hentry","category-columnistas"],"jetpack_publicize_connections":[],"jetpack_featured_media_url":"https:\/\/i0.wp.com\/politicosaldesnudo.com.mx\/wp-content\/uploads\/2026\/04\/BANNER-LOPEZ-DORIGA-DIGITAL-4.jpg?fit=800%2C445&ssl=1","jetpack-related-posts":[],"jetpack_sharing_enabled":true,"_links":{"self":[{"href":"https:\/\/politicosaldesnudo.com.mx\/index.php\/wp-json\/wp\/v2\/posts\/83667","targetHints":{"allow":["GET"]}}],"collection":[{"href":"https:\/\/politicosaldesnudo.com.mx\/index.php\/wp-json\/wp\/v2\/posts"}],"about":[{"href":"https:\/\/politicosaldesnudo.com.mx\/index.php\/wp-json\/wp\/v2\/types\/post"}],"author":[{"embeddable":true,"href":"https:\/\/politicosaldesnudo.com.mx\/index.php\/wp-json\/wp\/v2\/users\/4"}],"replies":[{"embeddable":true,"href":"https:\/\/politicosaldesnudo.com.mx\/index.php\/wp-json\/wp\/v2\/comments?post=83667"}],"version-history":[{"count":1,"href":"https:\/\/politicosaldesnudo.com.mx\/index.php\/wp-json\/wp\/v2\/posts\/83667\/revisions"}],"predecessor-version":[{"id":83669,"href":"https:\/\/politicosaldesnudo.com.mx\/index.php\/wp-json\/wp\/v2\/posts\/83667\/revisions\/83669"}],"wp:featuredmedia":[{"embeddable":true,"href":"https:\/\/politicosaldesnudo.com.mx\/index.php\/wp-json\/wp\/v2\/media\/83668"}],"wp:attachment":[{"href":"https:\/\/politicosaldesnudo.com.mx\/index.php\/wp-json\/wp\/v2\/media?parent=83667"}],"wp:term":[{"taxonomy":"category","embeddable":true,"href":"https:\/\/politicosaldesnudo.com.mx\/index.php\/wp-json\/wp\/v2\/categories?post=83667"},{"taxonomy":"post_tag","embeddable":true,"href":"https:\/\/politicosaldesnudo.com.mx\/index.php\/wp-json\/wp\/v2\/tags?post=83667"}],"curies":[{"name":"wp","href":"https:\/\/api.w.org\/{rel}","templated":true}]}}