{"id":83674,"date":"2026-04-27T18:12:31","date_gmt":"2026-04-28T00:12:31","guid":{"rendered":"https:\/\/politicosaldesnudo.com.mx\/?p=83674"},"modified":"2026-04-27T18:12:31","modified_gmt":"2026-04-28T00:12:31","slug":"degradantes-aconteceres","status":"publish","type":"post","link":"https:\/\/politicosaldesnudo.com.mx\/index.php\/2026\/04\/27\/degradantes-aconteceres\/","title":{"rendered":"Degradantes aconteceres"},"content":{"rendered":"<p>Militares as\u00ed como polic\u00edas en retiro, acad\u00e9micos, estudiantes, letrados, pol\u00edticos y periodistas (todos ellos de buena fama), me han requerido con insistencia el porqu\u00e9 no he aprovechado como debiera &#8211;period\u00edsticamente, desde luego\u2014 los trascendentes e ignominiosos aconteceres pol\u00edticos y jur\u00eddicos, que han marcado para siempre el devenir de M\u00e9xico.<\/p>\n<p>Aprovecho la oportunidad que me es brindada en el presente medio de comunicaci\u00f3n para manifestar, con el debido respeto que merece la Primera Magistrada de la Naci\u00f3n, que hasta la fecha no es mi deseo criticar a profundidad los lamentables acontecimientos jur\u00eddicos y pol\u00edticos en los que se encuentra inmersa nuestra Rep\u00fablica, algunos de ellos no s\u00f3lo violatorios del Estado de Derecho, sino, incluso, infames y delictivos.<\/p>\n<p>Por delicadeza personal he preferido dar tiempo al tiempo; no solo para tener mejores y m\u00e1s maduras reflexiones sobre los tiempos jur\u00eddico-pol\u00edticos, en los que tal parece que la despreciable pol\u00edtica de Andr\u00e9s Manuel L\u00f3pez Obrador a\u00fan prevalece y, lamentablemente no se avizoran cambios trascendentes en el combate contra la corrupci\u00f3n y la narco-pol\u00edtica.<\/p>\n<p>Mientras tanto &#8212;sino disgusta\u2014 expresar\u00e9 y sostendr\u00e9 que cualquier fen\u00f3meno de corrupci\u00f3n resulta ser escandaloso e inaceptable, pero los eventos de deshonestidad y corruptelas en el contexto de procuraci\u00f3n e impartici\u00f3n de justicia son delictivos e intolerantes. Hay que recordar que la Justicia es el crucial soporte de la Soberan\u00eda del Estado, en su entorno se ejerce el control y constitucionalidad de las leyes y actos de autoridad. En la actual gobernanza hay continuidad en los actos de corrupci\u00f3n, que qui\u00e9rase o no, dejan un mal sabor.<\/p>\n<p>As\u00ed las cosas, pronunciamos:<\/p>\n<p>Soldados de honor del glorioso Ejercito Mexicano con palabras, hechos y actuares jur\u00eddicos fueron injustamente se\u00f1alados, acusados y procesados de participar activamente en actividades de narcotr\u00e1fico. En el ayer se sostuvo ello, con el \u00fanico objetivo de brindarle impunidad al verdadero responsable del fen\u00f3meno de la narco-pol\u00edtica que a\u00fan corroe las entra\u00f1as de M\u00e9xico.<\/p>\n<p>El espacio que se me brinda en el presente medio de informaci\u00f3n, me impide extenderme m\u00e1s, para referir que la Dra. Claudia Sheinbaum Pardo, no se decide a\u00fan a ordenar la extinci\u00f3n de ese fen\u00f3meno iniciado en el neoliberalismo y al que le dio continuidad su antecesor.<\/p>\n<p>Es cu\u00e1nto.<\/p>\n<p><img data-recalc-dims=\"1\" loading=\"lazy\" decoding=\"async\" class=\"aligncenter size-full wp-image-83653\" src=\"https:\/\/i0.wp.com\/politicosaldesnudo.com.mx\/wp-content\/uploads\/2026\/04\/FIRMA-EDITORIAL-PD-5.jpg?resize=800%2C98&#038;ssl=1\" alt=\"\" width=\"800\" height=\"98\" srcset=\"https:\/\/i0.wp.com\/politicosaldesnudo.com.mx\/wp-content\/uploads\/2026\/04\/FIRMA-EDITORIAL-PD-5.jpg?w=1024&amp;ssl=1 1024w, https:\/\/i0.wp.com\/politicosaldesnudo.com.mx\/wp-content\/uploads\/2026\/04\/FIRMA-EDITORIAL-PD-5.jpg?resize=300%2C37&amp;ssl=1 300w, https:\/\/i0.wp.com\/politicosaldesnudo.com.mx\/wp-content\/uploads\/2026\/04\/FIRMA-EDITORIAL-PD-5.jpg?resize=768%2C94&amp;ssl=1 768w\" sizes=\"auto, (max-width: 800px) 100vw, 800px\" \/><\/p>\n","protected":false},"excerpt":{"rendered":"<p>Militares as\u00ed como polic\u00edas en retiro, acad\u00e9micos, estudiantes, letrados, pol\u00edticos y periodistas (todos ellos de buena fama), me han requerido<\/p>\n","protected":false},"author":4,"featured_media":80905,"comment_status":"closed","ping_status":"closed","sticky":false,"template":"","format":"standard","meta":{"colormag_page_container_layout":"default_layout","colormag_page_sidebar_layout":"default_layout","_jetpack_memberships_contains_paid_content":false,"footnotes":"","jetpack_publicize_message":"","jetpack_publicize_feature_enabled":true,"jetpack_social_post_already_shared":true,"jetpack_social_options":{"image_generator_settings":{"template":"highway","default_image_id":0,"font":"","enabled":false},"version":2}},"categories":[26],"tags":[],"class_list":["post-83674","post","type-post","status-publish","format-standard","has-post-thumbnail","hentry","category-columnistas"],"jetpack_publicize_connections":[],"jetpack_featured_media_url":"https:\/\/i0.wp.com\/politicosaldesnudo.com.mx\/wp-content\/uploads\/2026\/03\/WOODLRICH.jpg?fit=800%2C445&ssl=1","jetpack-related-posts":[],"jetpack_sharing_enabled":true,"_links":{"self":[{"href":"https:\/\/politicosaldesnudo.com.mx\/index.php\/wp-json\/wp\/v2\/posts\/83674","targetHints":{"allow":["GET"]}}],"collection":[{"href":"https:\/\/politicosaldesnudo.com.mx\/index.php\/wp-json\/wp\/v2\/posts"}],"about":[{"href":"https:\/\/politicosaldesnudo.com.mx\/index.php\/wp-json\/wp\/v2\/types\/post"}],"author":[{"embeddable":true,"href":"https:\/\/politicosaldesnudo.com.mx\/index.php\/wp-json\/wp\/v2\/users\/4"}],"replies":[{"embeddable":true,"href":"https:\/\/politicosaldesnudo.com.mx\/index.php\/wp-json\/wp\/v2\/comments?post=83674"}],"version-history":[{"count":1,"href":"https:\/\/politicosaldesnudo.com.mx\/index.php\/wp-json\/wp\/v2\/posts\/83674\/revisions"}],"predecessor-version":[{"id":83675,"href":"https:\/\/politicosaldesnudo.com.mx\/index.php\/wp-json\/wp\/v2\/posts\/83674\/revisions\/83675"}],"wp:featuredmedia":[{"embeddable":true,"href":"https:\/\/politicosaldesnudo.com.mx\/index.php\/wp-json\/wp\/v2\/media\/80905"}],"wp:attachment":[{"href":"https:\/\/politicosaldesnudo.com.mx\/index.php\/wp-json\/wp\/v2\/media?parent=83674"}],"wp:term":[{"taxonomy":"category","embeddable":true,"href":"https:\/\/politicosaldesnudo.com.mx\/index.php\/wp-json\/wp\/v2\/categories?post=83674"},{"taxonomy":"post_tag","embeddable":true,"href":"https:\/\/politicosaldesnudo.com.mx\/index.php\/wp-json\/wp\/v2\/tags?post=83674"}],"curies":[{"name":"wp","href":"https:\/\/api.w.org\/{rel}","templated":true}]}}