{"id":83676,"date":"2026-04-28T00:01:48","date_gmt":"2026-04-28T06:01:48","guid":{"rendered":"https:\/\/politicosaldesnudo.com.mx\/?p=83676"},"modified":"2026-04-27T18:19:37","modified_gmt":"2026-04-28T00:19:37","slug":"mas-de-2-mil-pequenos-celebran-el-dia-del-nino","status":"publish","type":"post","link":"https:\/\/politicosaldesnudo.com.mx\/index.php\/2026\/04\/28\/mas-de-2-mil-pequenos-celebran-el-dia-del-nino\/","title":{"rendered":"M\u00e1s de 2 mil peque\u00f1os celebran el \u201cD\u00eda del Ni\u00f1o\u201d"},"content":{"rendered":"<p>En un ambiente de alegr\u00eda, convivencia y entusiasmo, el H. Ayuntamiento de Tuxpan en coordinaci\u00f3n con el DIF Tuxpan llev\u00f3 a cabo el gran festejo con motivo del D\u00eda de la Ni\u00f1a y el Ni\u00f1o, donde 2 mil 120 ni\u00f1as y ni\u00f1os tuxpe\u00f1os fueron los protagonistas de una jornada especialmente preparada para celebrar su felicidad.<\/p>\n<p>Despu\u00e9s de mucho tiempo, en Tuxpan se contin\u00faan impulsando este tipo de eventos que fortalecen el tejido social y permiten que familias enteras se re\u00fanan para disfrutar de espacios sanos, recreativos y llenos de alegr\u00eda.<\/p>\n<p>Durante la celebraci\u00f3n, las ni\u00f1as y ni\u00f1os disfrutaron de un espect\u00e1culo lleno de emoci\u00f3n con shows de payasos, botargas, rifas de regalos, dulces y m\u00faltiples sorpresas que arrancaron sonrisas y momentos inolvidables entre los asistentes. Cada detalle fue pensado para brindarles una experiencia especial en un d\u00eda dedicado completamente a ellos.<\/p>\n<p>El presidente municipal, Daniel Cortina Mart\u00ednez, destac\u00f3 que estos eventos fortalecen la uni\u00f3n y la convivencia social, al tiempo de recuperar espacios que la ciudad necesitaba y que hoy este gobierno est\u00e1 haciendo realidad para las familias tuxpe\u00f1as.<\/p>\n<p>Por su parte, la presidenta del DIF Tuxpan, Marisol Mart\u00ednez Barrios, expres\u00f3: \u201cHoy celebramos lo m\u00e1s valioso que tenemos como sociedad: nuestras ni\u00f1as y ni\u00f1os. Ellos no solo son el futuro, son el presente que nos inspira a construir un mejor municipio cada d\u00eda. En el DIF Municipal creemos firmemente que la infancia merece amor, respeto, oportunidades y momentos felices como este.\u201d<\/p>\n<p>Asimismo, agradeci\u00f3 el respaldo y solidaridad de comercios locales como Nieves Los Barriles, Churros Los Deliciosos y Palomitas Lupita, quienes se sumaron con donaciones para hacer posible esta celebraci\u00f3n.<\/p>\n<p>De esta manera, el H. Ayuntamiento de Tuxpan y el DIF Tuxpan ratifican su compromiso de hacer de Tuxpan una ciudad de oportunidades y bienestar para sus ni\u00f1as y ni\u00f1os, avanzando en la construcci\u00f3n de un mejor presente y futuro.<\/p>\n","protected":false},"excerpt":{"rendered":"<p>En un ambiente de alegr\u00eda, convivencia y entusiasmo, el H. Ayuntamiento de Tuxpan en coordinaci\u00f3n con el DIF Tuxpan llev\u00f3<\/p>\n","protected":false},"author":4,"featured_media":83677,"comment_status":"closed","ping_status":"closed","sticky":false,"template":"","format":"standard","meta":{"colormag_page_container_layout":"default_layout","colormag_page_sidebar_layout":"default_layout","_jetpack_memberships_contains_paid_content":false,"footnotes":"","jetpack_publicize_message":"","jetpack_publicize_feature_enabled":true,"jetpack_social_post_already_shared":true,"jetpack_social_options":{"image_generator_settings":{"template":"highway","default_image_id":0,"font":"","enabled":false},"version":2}},"categories":[1082],"tags":[],"class_list":["post-83676","post","type-post","status-publish","format-standard","has-post-thumbnail","hentry","category-tuxpan"],"jetpack_publicize_connections":[],"jetpack_featured_media_url":"https:\/\/i0.wp.com\/politicosaldesnudo.com.mx\/wp-content\/uploads\/2026\/04\/NIN.jpg?fit=1200%2C653&ssl=1","jetpack-related-posts":[],"jetpack_sharing_enabled":true,"_links":{"self":[{"href":"https:\/\/politicosaldesnudo.com.mx\/index.php\/wp-json\/wp\/v2\/posts\/83676","targetHints":{"allow":["GET"]}}],"collection":[{"href":"https:\/\/politicosaldesnudo.com.mx\/index.php\/wp-json\/wp\/v2\/posts"}],"about":[{"href":"https:\/\/politicosaldesnudo.com.mx\/index.php\/wp-json\/wp\/v2\/types\/post"}],"author":[{"embeddable":true,"href":"https:\/\/politicosaldesnudo.com.mx\/index.php\/wp-json\/wp\/v2\/users\/4"}],"replies":[{"embeddable":true,"href":"https:\/\/politicosaldesnudo.com.mx\/index.php\/wp-json\/wp\/v2\/comments?post=83676"}],"version-history":[{"count":1,"href":"https:\/\/politicosaldesnudo.com.mx\/index.php\/wp-json\/wp\/v2\/posts\/83676\/revisions"}],"predecessor-version":[{"id":83678,"href":"https:\/\/politicosaldesnudo.com.mx\/index.php\/wp-json\/wp\/v2\/posts\/83676\/revisions\/83678"}],"wp:featuredmedia":[{"embeddable":true,"href":"https:\/\/politicosaldesnudo.com.mx\/index.php\/wp-json\/wp\/v2\/media\/83677"}],"wp:attachment":[{"href":"https:\/\/politicosaldesnudo.com.mx\/index.php\/wp-json\/wp\/v2\/media?parent=83676"}],"wp:term":[{"taxonomy":"category","embeddable":true,"href":"https:\/\/politicosaldesnudo.com.mx\/index.php\/wp-json\/wp\/v2\/categories?post=83676"},{"taxonomy":"post_tag","embeddable":true,"href":"https:\/\/politicosaldesnudo.com.mx\/index.php\/wp-json\/wp\/v2\/tags?post=83676"}],"curies":[{"name":"wp","href":"https:\/\/api.w.org\/{rel}","templated":true}]}}