{"id":83682,"date":"2026-04-28T00:03:36","date_gmt":"2026-04-28T06:03:36","guid":{"rendered":"https:\/\/politicosaldesnudo.com.mx\/?p=83682"},"modified":"2026-04-27T18:21:02","modified_gmt":"2026-04-28T00:21:02","slug":"realizan-foro-mujeres-con-vision-del-mundo","status":"publish","type":"post","link":"https:\/\/politicosaldesnudo.com.mx\/index.php\/2026\/04\/28\/realizan-foro-mujeres-con-vision-del-mundo\/","title":{"rendered":"Realizan Foro \u201cMujeres con Visi\u00f3n del Mundo\u201d"},"content":{"rendered":"<p>Este domingo 26 de abril, en la ciudad de Tuxpan, Veracruz, la Agrupaci\u00f3n Pol\u00edtica Estatal MODA Movimiento Dem\u00f3crata en Acci\u00f3n en coordinaci\u00f3n con la Asociaci\u00f3n Civil Juntos Tocando Corazones, llevaron a cabo el Foro \u201cMujeres con Visi\u00f3n del Mundo\u201d, un espacio de di\u00e1logo, aprendizaje e inspiraci\u00f3n enfocado en el fortalecimiento del liderazgo de las mujeres en distintos \u00e1mbitos.<\/p>\n<p>Durante la rueda de prensa, se destac\u00f3 que este esfuerzo conjunto nace de una visi\u00f3n compartida: trabajar de manera cercana con la gente y generar acciones con impacto real en la vida de las familias veracruzanas.<\/p>\n<p>La Presidenta de la Asociaci\u00f3n Civil Juntos Tocando Corazones, C. Rosa Hilda Rosas R\u00edos, comenta que la misma se integra por amigas y amigos que tienen m\u00e1s de ocho a\u00f1os de trabajo social en la zona norte del estado, brindando orientaci\u00f3n y apoyo en causas asistenciales. Por lo que a inicios de este 2026 se constituyeron legalmente, su labor abarca \u00e1reas como rehabilitaci\u00f3n, acompa\u00f1amiento jur\u00eddico, readaptaci\u00f3n social, atenci\u00f3n a personas con problemas de alcoholismo y farmacodependencia, servicios funerarios, capacitaci\u00f3n para el trabajo, as\u00ed como el desarrollo de pueblos y comunidades ind\u00edgenas.<\/p>\n<p>En su intervenci\u00f3n, el Lic. Dolores Ortiz Juan destac\u00f3 la importancia de la sinergia entre MODA Veracruz y Juntos Tocando Corazones, subrayando que la colaboraci\u00f3n permite ampliar el alcance de apoyos en temas clave como capacitaci\u00f3n, empleo, alimentaci\u00f3n y salud. Se\u00f1al\u00f3 que cuando se trabaja en equipo, se logran mejores resultados y un verdadero impacto humano en beneficio de las familias con mayores necesidades.<\/p>\n","protected":false},"excerpt":{"rendered":"<p>Este domingo 26 de abril, en la ciudad de Tuxpan, Veracruz, la Agrupaci\u00f3n Pol\u00edtica Estatal MODA Movimiento Dem\u00f3crata en Acci\u00f3n<\/p>\n","protected":false},"author":4,"featured_media":83683,"comment_status":"closed","ping_status":"closed","sticky":false,"template":"","format":"standard","meta":{"colormag_page_container_layout":"default_layout","colormag_page_sidebar_layout":"default_layout","_jetpack_memberships_contains_paid_content":false,"footnotes":"","jetpack_publicize_message":"","jetpack_publicize_feature_enabled":true,"jetpack_social_post_already_shared":true,"jetpack_social_options":{"image_generator_settings":{"template":"highway","default_image_id":0,"font":"","enabled":false},"version":2}},"categories":[1082],"tags":[],"class_list":["post-83682","post","type-post","status-publish","format-standard","has-post-thumbnail","hentry","category-tuxpan"],"jetpack_publicize_connections":[],"jetpack_featured_media_url":"https:\/\/i0.wp.com\/politicosaldesnudo.com.mx\/wp-content\/uploads\/2026\/04\/ADE-1.jpg?fit=1200%2C791&ssl=1","jetpack-related-posts":[],"jetpack_sharing_enabled":true,"_links":{"self":[{"href":"https:\/\/politicosaldesnudo.com.mx\/index.php\/wp-json\/wp\/v2\/posts\/83682","targetHints":{"allow":["GET"]}}],"collection":[{"href":"https:\/\/politicosaldesnudo.com.mx\/index.php\/wp-json\/wp\/v2\/posts"}],"about":[{"href":"https:\/\/politicosaldesnudo.com.mx\/index.php\/wp-json\/wp\/v2\/types\/post"}],"author":[{"embeddable":true,"href":"https:\/\/politicosaldesnudo.com.mx\/index.php\/wp-json\/wp\/v2\/users\/4"}],"replies":[{"embeddable":true,"href":"https:\/\/politicosaldesnudo.com.mx\/index.php\/wp-json\/wp\/v2\/comments?post=83682"}],"version-history":[{"count":1,"href":"https:\/\/politicosaldesnudo.com.mx\/index.php\/wp-json\/wp\/v2\/posts\/83682\/revisions"}],"predecessor-version":[{"id":83684,"href":"https:\/\/politicosaldesnudo.com.mx\/index.php\/wp-json\/wp\/v2\/posts\/83682\/revisions\/83684"}],"wp:featuredmedia":[{"embeddable":true,"href":"https:\/\/politicosaldesnudo.com.mx\/index.php\/wp-json\/wp\/v2\/media\/83683"}],"wp:attachment":[{"href":"https:\/\/politicosaldesnudo.com.mx\/index.php\/wp-json\/wp\/v2\/media?parent=83682"}],"wp:term":[{"taxonomy":"category","embeddable":true,"href":"https:\/\/politicosaldesnudo.com.mx\/index.php\/wp-json\/wp\/v2\/categories?post=83682"},{"taxonomy":"post_tag","embeddable":true,"href":"https:\/\/politicosaldesnudo.com.mx\/index.php\/wp-json\/wp\/v2\/tags?post=83682"}],"curies":[{"name":"wp","href":"https:\/\/api.w.org\/{rel}","templated":true}]}}