{"id":83694,"date":"2026-04-28T00:08:40","date_gmt":"2026-04-28T06:08:40","guid":{"rendered":"https:\/\/politicosaldesnudo.com.mx\/?p=83694"},"modified":"2026-04-27T18:38:53","modified_gmt":"2026-04-28T00:38:53","slug":"morena-renovara-el-3-de-mayo-su-directiva-y-sus-estatutos","status":"publish","type":"post","link":"https:\/\/politicosaldesnudo.com.mx\/index.php\/2026\/04\/28\/morena-renovara-el-3-de-mayo-su-directiva-y-sus-estatutos\/","title":{"rendered":"Morena renovar\u00e1 el 3 de mayo su directiva y sus estatutos"},"content":{"rendered":"<p class=\"nota-justify\">Morena defini\u00f3 ayer la ruta que seguir\u00e1 para la sustituci\u00f3n de su dirigencia nacional y emiti\u00f3 la convocatoria formal para avalar su nueva presidencia el pr\u00f3ximo 3 de mayo.<\/p>\n<p class=\"nota-justify\">Ser\u00e1 en un acto organizado en el World Trade Center donde los morenistas pondr\u00e1n a votaci\u00f3n la sustituci\u00f3n de la presidencia del partido, ante las versiones de que ser\u00e1 impulsada la actual secretaria de Bienestar, Ariadna Montiel.<\/p>\n<p class=\"nota-justify\">Durante la tarde, el Comit\u00e9 Ejecutivo Nacional (CEN) de este instituto pol\u00edtico aprob\u00f3 la convocatoria al octavo Congreso Nacional Extraordinario, m\u00e1ximo \u00f3rgano del partido, con la finalidad de aprobar la renovaci\u00f3n de su dirigencia nacional.<\/p>\n<p class=\"nota-justify\">Adem\u00e1s de la salida de Luisa Alcalde, quien dejar\u00e1 la presidencia del partido para integrarse a la Consejer\u00eda Jur\u00eddica del Ejecutivo federal, tambi\u00e9n se dio a conocer que dejar\u00e1 su cargo el secretario de Finanzas, Iv\u00e1n Herrera Zazueta.<\/p>\n<p class=\"nota-justify\">Los dos nombramientos que definir\u00e1 el Congreso Nacional estar\u00e1n vigentes desde ese d\u00eda y hasta el primero de octubre de 2027.<\/p>\n<p class=\"nota-justify\">En el contexto actual, se indica en el documento, \u201cse configura un espacio de reflexi\u00f3n id\u00f3neo en el cual se puede desarrollar el octavo Congreso Nacional Extraordinario para la sustituci\u00f3n de la dirigencia nacional de Morena antes del inicio formal de los procesos electorales\u201d.<\/p>\n<p class=\"nota-justify\">Adem\u00e1s, se recalca que \u201cel eventual nombramiento y ratificaci\u00f3n de sus integrantes deber\u00e1n fortalecer la organizaci\u00f3n y velar por el legado que ha construido el licenciado Andr\u00e9s Manuel L\u00f3pez Obrador, y apoyar la presidencia de la doctora Claudia Sheinbaum Pardo\u201d.<\/p>\n<p class=\"nota-justify\">En la convocatoria se agrega que tambi\u00e9n se pondr\u00e1n a discusi\u00f3n reformas a los estatutos del partido.<\/p>\n","protected":false},"excerpt":{"rendered":"<p>Morena defini\u00f3 ayer la ruta que seguir\u00e1 para la sustituci\u00f3n de su dirigencia nacional y emiti\u00f3 la convocatoria formal para<\/p>\n","protected":false},"author":4,"featured_media":83695,"comment_status":"closed","ping_status":"closed","sticky":false,"template":"","format":"standard","meta":{"colormag_page_container_layout":"default_layout","colormag_page_sidebar_layout":"default_layout","_jetpack_memberships_contains_paid_content":false,"footnotes":"","jetpack_publicize_message":"","jetpack_publicize_feature_enabled":true,"jetpack_social_post_already_shared":true,"jetpack_social_options":{"image_generator_settings":{"template":"highway","default_image_id":0,"font":"","enabled":false},"version":2}},"categories":[33],"tags":[],"class_list":["post-83694","post","type-post","status-publish","format-standard","has-post-thumbnail","hentry","category-nacional"],"jetpack_publicize_connections":[],"jetpack_featured_media_url":"https:\/\/i0.wp.com\/politicosaldesnudo.com.mx\/wp-content\/uploads\/2026\/04\/PUNA.webp?fit=1200%2C800&ssl=1","jetpack-related-posts":[],"jetpack_sharing_enabled":true,"_links":{"self":[{"href":"https:\/\/politicosaldesnudo.com.mx\/index.php\/wp-json\/wp\/v2\/posts\/83694","targetHints":{"allow":["GET"]}}],"collection":[{"href":"https:\/\/politicosaldesnudo.com.mx\/index.php\/wp-json\/wp\/v2\/posts"}],"about":[{"href":"https:\/\/politicosaldesnudo.com.mx\/index.php\/wp-json\/wp\/v2\/types\/post"}],"author":[{"embeddable":true,"href":"https:\/\/politicosaldesnudo.com.mx\/index.php\/wp-json\/wp\/v2\/users\/4"}],"replies":[{"embeddable":true,"href":"https:\/\/politicosaldesnudo.com.mx\/index.php\/wp-json\/wp\/v2\/comments?post=83694"}],"version-history":[{"count":1,"href":"https:\/\/politicosaldesnudo.com.mx\/index.php\/wp-json\/wp\/v2\/posts\/83694\/revisions"}],"predecessor-version":[{"id":83696,"href":"https:\/\/politicosaldesnudo.com.mx\/index.php\/wp-json\/wp\/v2\/posts\/83694\/revisions\/83696"}],"wp:featuredmedia":[{"embeddable":true,"href":"https:\/\/politicosaldesnudo.com.mx\/index.php\/wp-json\/wp\/v2\/media\/83695"}],"wp:attachment":[{"href":"https:\/\/politicosaldesnudo.com.mx\/index.php\/wp-json\/wp\/v2\/media?parent=83694"}],"wp:term":[{"taxonomy":"category","embeddable":true,"href":"https:\/\/politicosaldesnudo.com.mx\/index.php\/wp-json\/wp\/v2\/categories?post=83694"},{"taxonomy":"post_tag","embeddable":true,"href":"https:\/\/politicosaldesnudo.com.mx\/index.php\/wp-json\/wp\/v2\/tags?post=83694"}],"curies":[{"name":"wp","href":"https:\/\/api.w.org\/{rel}","templated":true}]}}