{"id":83712,"date":"2026-04-28T00:14:07","date_gmt":"2026-04-28T06:14:07","guid":{"rendered":"https:\/\/politicosaldesnudo.com.mx\/?p=83712"},"modified":"2026-04-27T18:48:15","modified_gmt":"2026-04-28T00:48:15","slug":"exodo-migrante-david-cumple-una-semana-de-travesia-por-la-costa-chiapaneca","status":"publish","type":"post","link":"https:\/\/politicosaldesnudo.com.mx\/index.php\/2026\/04\/28\/exodo-migrante-david-cumple-una-semana-de-travesia-por-la-costa-chiapaneca\/","title":{"rendered":"\u00c9xodo migrante David cumple una semana de traves\u00eda por la costa chiapaneca"},"content":{"rendered":"<p class=\"nota-justify\">La caravana migrante autodenominada \u201cDavid\u201d, integrada en su mayor\u00eda por haitianos, cumpli\u00f3 este lunes una semana de traves\u00eda por la costa de Chiapas en busca de salir de la frontera sur para llegar a otras regiones del centro y norte de M\u00e9xico.<\/p>\n<p class=\"nota-justify\">Hasta ahora el contingente ha recorrido 110 kil\u00f3metros desde Tapachula \u2014de donde salieron el pasado 20 de abril\u2014 hasta Mapastepec, un trayecto que en autom\u00f3vil se har\u00eda en dos horas.<\/p>\n<p class=\"nota-justify\">Durante su paso por los municipios de Huehuet\u00e1n, Huixtla y Escuintla, donde han hecho escala, han recibido ayuda humanitaria de las instituciones de Salud y Protecci\u00f3n Civil, principalmente.<\/p>\n<p class=\"nota-justify\">\u201cSe les ha brindado todo el apoyo\u201d, dijo el edil de Mapastepec, Amando Espinosa Cruz. Los migrantes descansaban en esa localidad antes de seguir hacia Pijijiapan, el siguiente punto en la ruta.<\/p>\n<p class=\"nota-justify\">Durante su trayecto han estado acompa\u00f1ados por agentes de la Guardia Estatal y Guardia Nacional que brindan asistencia vial para evitar accidentes en la carretera federal por donde transitan camiones de carga que mueven mercanc\u00edas entre M\u00e9xico y Centroam\u00e9rica.<\/p>\n<p class=\"nota-justify\">Tambi\u00e9n son escoltados por oficiales del Grupo Beta y del Instituto Nacional de Migraci\u00f3n, que les han ofrecido subirlos a las camionetas y regresarlos a Tapachula, pero los migrantes han rechazado la propuesta.<\/p>\n<p class=\"nota-justify\">La Caravana \u2014el segundo contingente de este a\u00f1o\u2014 sali\u00f3 la noche del lunes se\u00f1alando falta de respuesta a sus tr\u00e1mites migratorios y falta de opciones de empleo en la frontera sur.<\/p>\n<p class=\"nota-justify\">Los migrantes ya no buscan el sue\u00f1o americano sino que buscan establecerse en otras localidades como Ciudad de M\u00e9xico, Guadalajara o Monterrey, donde creen que pueden contraer mejores oportunidades de trabajo mientras siguen a la espera de los procesos de regularizaci\u00f3n.<\/p>\n<p class=\"nota-justify\">Seg\u00fan organizaciones de la sociedad civil, en la frontera con Guatemala hay entre 60 mil y 75 mil migrantes varados, lo que se traduce en que los servicios de atenci\u00f3n est\u00e9n saturados.<\/p>\n","protected":false},"excerpt":{"rendered":"<p>La caravana migrante autodenominada \u201cDavid\u201d, integrada en su mayor\u00eda por haitianos, cumpli\u00f3 este lunes una semana de traves\u00eda por la<\/p>\n","protected":false},"author":4,"featured_media":83713,"comment_status":"closed","ping_status":"closed","sticky":false,"template":"","format":"standard","meta":{"colormag_page_container_layout":"default_layout","colormag_page_sidebar_layout":"default_layout","_jetpack_memberships_contains_paid_content":false,"footnotes":"","jetpack_publicize_message":"","jetpack_publicize_feature_enabled":true,"jetpack_social_post_already_shared":true,"jetpack_social_options":{"image_generator_settings":{"template":"highway","default_image_id":0,"font":"","enabled":false},"version":2}},"categories":[30],"tags":[],"class_list":["post-83712","post","type-post","status-publish","format-standard","has-post-thumbnail","hentry","category-estados"],"jetpack_publicize_connections":[],"jetpack_featured_media_url":"https:\/\/i0.wp.com\/politicosaldesnudo.com.mx\/wp-content\/uploads\/2026\/04\/EXO.webp?fit=1200%2C741&ssl=1","jetpack-related-posts":[],"jetpack_sharing_enabled":true,"_links":{"self":[{"href":"https:\/\/politicosaldesnudo.com.mx\/index.php\/wp-json\/wp\/v2\/posts\/83712","targetHints":{"allow":["GET"]}}],"collection":[{"href":"https:\/\/politicosaldesnudo.com.mx\/index.php\/wp-json\/wp\/v2\/posts"}],"about":[{"href":"https:\/\/politicosaldesnudo.com.mx\/index.php\/wp-json\/wp\/v2\/types\/post"}],"author":[{"embeddable":true,"href":"https:\/\/politicosaldesnudo.com.mx\/index.php\/wp-json\/wp\/v2\/users\/4"}],"replies":[{"embeddable":true,"href":"https:\/\/politicosaldesnudo.com.mx\/index.php\/wp-json\/wp\/v2\/comments?post=83712"}],"version-history":[{"count":1,"href":"https:\/\/politicosaldesnudo.com.mx\/index.php\/wp-json\/wp\/v2\/posts\/83712\/revisions"}],"predecessor-version":[{"id":83714,"href":"https:\/\/politicosaldesnudo.com.mx\/index.php\/wp-json\/wp\/v2\/posts\/83712\/revisions\/83714"}],"wp:featuredmedia":[{"embeddable":true,"href":"https:\/\/politicosaldesnudo.com.mx\/index.php\/wp-json\/wp\/v2\/media\/83713"}],"wp:attachment":[{"href":"https:\/\/politicosaldesnudo.com.mx\/index.php\/wp-json\/wp\/v2\/media?parent=83712"}],"wp:term":[{"taxonomy":"category","embeddable":true,"href":"https:\/\/politicosaldesnudo.com.mx\/index.php\/wp-json\/wp\/v2\/categories?post=83712"},{"taxonomy":"post_tag","embeddable":true,"href":"https:\/\/politicosaldesnudo.com.mx\/index.php\/wp-json\/wp\/v2\/tags?post=83712"}],"curies":[{"name":"wp","href":"https:\/\/api.w.org\/{rel}","templated":true}]}}