{"id":83715,"date":"2026-04-28T00:15:46","date_gmt":"2026-04-28T06:15:46","guid":{"rendered":"https:\/\/politicosaldesnudo.com.mx\/?p=83715"},"modified":"2026-04-27T18:49:58","modified_gmt":"2026-04-28T00:49:58","slug":"vivienda-del-bienestar-concentrara-50-de-actividad-constructora-en-nuevo-laredo","status":"publish","type":"post","link":"https:\/\/politicosaldesnudo.com.mx\/index.php\/2026\/04\/28\/vivienda-del-bienestar-concentrara-50-de-actividad-constructora-en-nuevo-laredo\/","title":{"rendered":"Vivienda del Bienestar concentrar\u00e1 50% de actividad constructora en Nuevo Laredo"},"content":{"rendered":"<p class=\"nota-justify\">La implementaci\u00f3n del programa \u201cVivienda del Bienestar\u201d perfila concentrar hasta el 50 por ciento de la actividad constructora en Nuevo Laredo durante el presente ciclo, con una meta de 4 mil 500 viviendas, de las cuales actualmente se reportan 980 en proceso.<\/p>\n<p class=\"nota-justify\">De acuerdo con informaci\u00f3n del sector, este proyecto se posiciona como el principal motor de infraestructura en la ciudad, al priorizar el acceso a vivienda para jefas de familia, adultos mayores y personas con discapacidad. La presidenta del Colegio de Ingenieros Civiles de Nuevo Laredo, Liza Ang\u00e9lica de la Mora Campos, se\u00f1al\u00f3 que el volumen de construcci\u00f3n proyectado representa una proporci\u00f3n significativa del desarrollo urbano en distintas zonas del municipio.<\/p>\n<p class=\"nota-justify\">El avance del programa se desarrolla en un contexto de dinamismo econ\u00f3mico impulsado por la instalaci\u00f3n de la Agencia Nacional de Aduanas de M\u00e9xico (ANAM), cuyas obras concentraron hasta el 80 por ciento de la actividad constructiva durante el a\u00f1o anterior. Esta inversi\u00f3n p\u00fablica ha generado condiciones que favorecen la llegada de capital privado, principalmente en los sectores industrial y comercial.<\/p>\n<p class=\"nota-justify\">En este entorno, tambi\u00e9n se observa la expansi\u00f3n de establecimientos comerciales en \u00e1reas perif\u00e9ricas de la ciudad, lo que refleja un crecimiento urbano asociado a la nueva infraestructura.<\/p>\n<p class=\"nota-justify\">Los trabajos de edificaci\u00f3n ya registran avances en el sector Bonito Toboganes, donde se dispone de un predio de 40 hect\u00e1reas donado por el municipio. El modelo habitacional contempla m\u00f3dulos de cuatro viviendas, con dos unidades en planta baja y dos en planta alta, cada una equipada con dos habitaciones, sala-comedor, ba\u00f1o y \u00e1rea de lavado.<\/p>\n<p class=\"nota-justify\">Este programa busca atender un rezago habitacional que afecta a aproximadamente 23 mil personas en Nuevo Laredo, quienes carecen de vivienda propia. Como parte del plan, se incluye tanto a derechohabientes del Infonavit como una etapa inicial de hasta 700 viviendas promovidas por la Comisi\u00f3n Nacional de Vivienda.<\/p>\n<p>&nbsp;<\/p>\n","protected":false},"excerpt":{"rendered":"<p>La implementaci\u00f3n del programa \u201cVivienda del Bienestar\u201d perfila concentrar hasta el 50 por ciento de la actividad constructora en Nuevo<\/p>\n","protected":false},"author":4,"featured_media":83716,"comment_status":"closed","ping_status":"closed","sticky":false,"template":"","format":"standard","meta":{"colormag_page_container_layout":"default_layout","colormag_page_sidebar_layout":"default_layout","_jetpack_memberships_contains_paid_content":false,"footnotes":"","jetpack_publicize_message":"","jetpack_publicize_feature_enabled":true,"jetpack_social_post_already_shared":true,"jetpack_social_options":{"image_generator_settings":{"template":"highway","default_image_id":0,"font":"","enabled":false},"version":2}},"categories":[30],"tags":[],"class_list":["post-83715","post","type-post","status-publish","format-standard","has-post-thumbnail","hentry","category-estados"],"jetpack_publicize_connections":[],"jetpack_featured_media_url":"https:\/\/i0.wp.com\/politicosaldesnudo.com.mx\/wp-content\/uploads\/2026\/04\/CONA.webp?fit=1200%2C771&ssl=1","jetpack-related-posts":[],"jetpack_sharing_enabled":true,"_links":{"self":[{"href":"https:\/\/politicosaldesnudo.com.mx\/index.php\/wp-json\/wp\/v2\/posts\/83715","targetHints":{"allow":["GET"]}}],"collection":[{"href":"https:\/\/politicosaldesnudo.com.mx\/index.php\/wp-json\/wp\/v2\/posts"}],"about":[{"href":"https:\/\/politicosaldesnudo.com.mx\/index.php\/wp-json\/wp\/v2\/types\/post"}],"author":[{"embeddable":true,"href":"https:\/\/politicosaldesnudo.com.mx\/index.php\/wp-json\/wp\/v2\/users\/4"}],"replies":[{"embeddable":true,"href":"https:\/\/politicosaldesnudo.com.mx\/index.php\/wp-json\/wp\/v2\/comments?post=83715"}],"version-history":[{"count":1,"href":"https:\/\/politicosaldesnudo.com.mx\/index.php\/wp-json\/wp\/v2\/posts\/83715\/revisions"}],"predecessor-version":[{"id":83717,"href":"https:\/\/politicosaldesnudo.com.mx\/index.php\/wp-json\/wp\/v2\/posts\/83715\/revisions\/83717"}],"wp:featuredmedia":[{"embeddable":true,"href":"https:\/\/politicosaldesnudo.com.mx\/index.php\/wp-json\/wp\/v2\/media\/83716"}],"wp:attachment":[{"href":"https:\/\/politicosaldesnudo.com.mx\/index.php\/wp-json\/wp\/v2\/media?parent=83715"}],"wp:term":[{"taxonomy":"category","embeddable":true,"href":"https:\/\/politicosaldesnudo.com.mx\/index.php\/wp-json\/wp\/v2\/categories?post=83715"},{"taxonomy":"post_tag","embeddable":true,"href":"https:\/\/politicosaldesnudo.com.mx\/index.php\/wp-json\/wp\/v2\/tags?post=83715"}],"curies":[{"name":"wp","href":"https:\/\/api.w.org\/{rel}","templated":true}]}}