{"id":83733,"date":"2026-04-29T00:01:53","date_gmt":"2026-04-29T06:01:53","guid":{"rendered":"https:\/\/politicosaldesnudo.com.mx\/?p=83733"},"modified":"2026-04-28T22:40:26","modified_gmt":"2026-04-29T04:40:26","slug":"destaca-participacion-de-tadeo-como-regidor-cuarto","status":"publish","type":"post","link":"https:\/\/politicosaldesnudo.com.mx\/index.php\/2026\/04\/29\/destaca-participacion-de-tadeo-como-regidor-cuarto\/","title":{"rendered":"Destaca participaci\u00f3n de Tadeo como regidor cuarto"},"content":{"rendered":"<p>Con el prop\u00f3sito de impulsar la formaci\u00f3n c\u00edvica y la participaci\u00f3n de la ni\u00f1ez, se llev\u00f3 a cabo el \u201cCabildo Infantil 2026\u201d, actividad promovida por la Direcci\u00f3n de Educaci\u00f3n municipal.<\/p>\n<p>El regidor Ren\u00e9 Cruz Cort\u00e9s reconoci\u00f3 el trabajo de esta dependencia, as\u00ed como de su titular, el profesor Jorge Escalante, por la organizaci\u00f3n de este ejercicio, el cual forma parte de la visi\u00f3n del alcalde Daniel Cortina para fortalecer los valores c\u00edvicos en ni\u00f1as y ni\u00f1os.<\/p>\n<p>Durante la jornada, se destac\u00f3 la participaci\u00f3n de Tadeo Garc\u00eda Leos, quien fue elegido como regidor cuarto infantil, fungiendo como hom\u00f3logo dentro de este ejercicio que permiti\u00f3 a los menores involucrarse en las actividades del gobierno local.<\/p>\n<p>Como parte del programa, los participantes realizaron un recorrido por las instalaciones de Tr\u00e1nsito y Vialidad, as\u00ed como de la Polic\u00eda Municipal. Adem\u00e1s, llevaron a cabo actividades en oficina, donde brindaron atenci\u00f3n y seguimiento a distintos temas ciudadanos, en un ambiente que combin\u00f3 aprendizaje, compromiso y entusiasmo.<\/p>\n","protected":false},"excerpt":{"rendered":"<p>Con el prop\u00f3sito de impulsar la formaci\u00f3n c\u00edvica y la participaci\u00f3n de la ni\u00f1ez, se llev\u00f3 a cabo el \u201cCabildo<\/p>\n","protected":false},"author":4,"featured_media":83734,"comment_status":"closed","ping_status":"closed","sticky":false,"template":"","format":"standard","meta":{"colormag_page_container_layout":"default_layout","colormag_page_sidebar_layout":"default_layout","_jetpack_memberships_contains_paid_content":false,"footnotes":"","jetpack_publicize_message":"","jetpack_publicize_feature_enabled":true,"jetpack_social_post_already_shared":true,"jetpack_social_options":{"image_generator_settings":{"template":"highway","default_image_id":0,"font":"","enabled":false},"version":2}},"categories":[1082],"tags":[],"class_list":["post-83733","post","type-post","status-publish","format-standard","has-post-thumbnail","hentry","category-tuxpan"],"jetpack_publicize_connections":[],"jetpack_featured_media_url":"https:\/\/i0.wp.com\/politicosaldesnudo.com.mx\/wp-content\/uploads\/2026\/04\/WhatsApp-Image-2026-04-28-at-17.26.53.jpg?fit=1280%2C960&ssl=1","jetpack-related-posts":[],"jetpack_sharing_enabled":true,"_links":{"self":[{"href":"https:\/\/politicosaldesnudo.com.mx\/index.php\/wp-json\/wp\/v2\/posts\/83733","targetHints":{"allow":["GET"]}}],"collection":[{"href":"https:\/\/politicosaldesnudo.com.mx\/index.php\/wp-json\/wp\/v2\/posts"}],"about":[{"href":"https:\/\/politicosaldesnudo.com.mx\/index.php\/wp-json\/wp\/v2\/types\/post"}],"author":[{"embeddable":true,"href":"https:\/\/politicosaldesnudo.com.mx\/index.php\/wp-json\/wp\/v2\/users\/4"}],"replies":[{"embeddable":true,"href":"https:\/\/politicosaldesnudo.com.mx\/index.php\/wp-json\/wp\/v2\/comments?post=83733"}],"version-history":[{"count":1,"href":"https:\/\/politicosaldesnudo.com.mx\/index.php\/wp-json\/wp\/v2\/posts\/83733\/revisions"}],"predecessor-version":[{"id":83735,"href":"https:\/\/politicosaldesnudo.com.mx\/index.php\/wp-json\/wp\/v2\/posts\/83733\/revisions\/83735"}],"wp:featuredmedia":[{"embeddable":true,"href":"https:\/\/politicosaldesnudo.com.mx\/index.php\/wp-json\/wp\/v2\/media\/83734"}],"wp:attachment":[{"href":"https:\/\/politicosaldesnudo.com.mx\/index.php\/wp-json\/wp\/v2\/media?parent=83733"}],"wp:term":[{"taxonomy":"category","embeddable":true,"href":"https:\/\/politicosaldesnudo.com.mx\/index.php\/wp-json\/wp\/v2\/categories?post=83733"},{"taxonomy":"post_tag","embeddable":true,"href":"https:\/\/politicosaldesnudo.com.mx\/index.php\/wp-json\/wp\/v2\/tags?post=83733"}],"curies":[{"name":"wp","href":"https:\/\/api.w.org\/{rel}","templated":true}]}}