{"id":83736,"date":"2026-04-29T00:02:54","date_gmt":"2026-04-29T06:02:54","guid":{"rendered":"https:\/\/politicosaldesnudo.com.mx\/?p=83736"},"modified":"2026-04-28T22:41:26","modified_gmt":"2026-04-29T04:41:26","slug":"inicia-con-exito-la-temporada-de-anidacion-de-tortugas","status":"publish","type":"post","link":"https:\/\/politicosaldesnudo.com.mx\/index.php\/2026\/04\/29\/inicia-con-exito-la-temporada-de-anidacion-de-tortugas\/","title":{"rendered":"Inicia con \u00e9xito la temporada de anidaci\u00f3n de tortugas"},"content":{"rendered":"<p>Las costas de Tuxpan se han convertido nuevamente en el escenario de un vital ciclo biol\u00f3gico con el inicio de la temporada de anidaci\u00f3n de tortugas marinas, registrando hasta el momento m\u00e1s de 30 arribos exitosos.<\/p>\n<p>Este fen\u00f3meno natural, que atrae la atenci\u00f3n de ambientalistas y autoridades locales, marca un comienzo prometedor para la conservaci\u00f3n de las especies que eligen las playas veracruzanas para depositar sus huevos. Entre los puntos de mayor actividad destaca el campamento tortuguero Las Barras, donde el personal especializado y voluntarios ya reportan el resguardo de 34 nidos pertenecientes a la especie tortuga Lora, una de las m\u00e1s emblem\u00e1ticas y vigiladas de la regi\u00f3n.<\/p>\n<p>Gracias a las labores de monitoreo y patrullaje constante, se ha logrado la protecci\u00f3n de m\u00e1s de mil 500 huevos, los cuales permanecen bajo vigilancia t\u00e9cnica para garantizar que el proceso de incubaci\u00f3n se desarrolle sin contratiempos frente a amenazas naturales o humanas.<\/p>\n<p>El esfuerzo de estos centros de conservaci\u00f3n es fundamental, ya que cada nido representa una oportunidad de supervivencia para esta especie en peligro.<\/p>\n<p>Seg\u00fan las estimaciones de los expertos encargados de los campamentos, si las condiciones clim\u00e1ticas y de temperatura se mantienen favorables, las primeras liberaciones de cr\u00edas hacia el mar podr\u00edan comenzar a mediados de mayo, convirti\u00e9ndose en el primer gran logro de esta temporada que apenas comienza a cobrar fuerza en el litoral tuxpe\u00f1o.<\/p>\n","protected":false},"excerpt":{"rendered":"<p>Las costas de Tuxpan se han convertido nuevamente en el escenario de un vital ciclo biol\u00f3gico con el inicio de<\/p>\n","protected":false},"author":4,"featured_media":83737,"comment_status":"closed","ping_status":"closed","sticky":false,"template":"","format":"standard","meta":{"colormag_page_container_layout":"default_layout","colormag_page_sidebar_layout":"default_layout","_jetpack_memberships_contains_paid_content":false,"footnotes":"","jetpack_publicize_message":"","jetpack_publicize_feature_enabled":true,"jetpack_social_post_already_shared":true,"jetpack_social_options":{"image_generator_settings":{"template":"highway","default_image_id":0,"font":"","enabled":false},"version":2}},"categories":[1082],"tags":[],"class_list":["post-83736","post","type-post","status-publish","format-standard","has-post-thumbnail","hentry","category-tuxpan"],"jetpack_publicize_connections":[],"jetpack_featured_media_url":"https:\/\/i0.wp.com\/politicosaldesnudo.com.mx\/wp-content\/uploads\/2026\/04\/WhatsApp-Image-2026-04-28-at-17.02.34.jpg?fit=1276%2C960&ssl=1","jetpack-related-posts":[],"jetpack_sharing_enabled":true,"_links":{"self":[{"href":"https:\/\/politicosaldesnudo.com.mx\/index.php\/wp-json\/wp\/v2\/posts\/83736","targetHints":{"allow":["GET"]}}],"collection":[{"href":"https:\/\/politicosaldesnudo.com.mx\/index.php\/wp-json\/wp\/v2\/posts"}],"about":[{"href":"https:\/\/politicosaldesnudo.com.mx\/index.php\/wp-json\/wp\/v2\/types\/post"}],"author":[{"embeddable":true,"href":"https:\/\/politicosaldesnudo.com.mx\/index.php\/wp-json\/wp\/v2\/users\/4"}],"replies":[{"embeddable":true,"href":"https:\/\/politicosaldesnudo.com.mx\/index.php\/wp-json\/wp\/v2\/comments?post=83736"}],"version-history":[{"count":1,"href":"https:\/\/politicosaldesnudo.com.mx\/index.php\/wp-json\/wp\/v2\/posts\/83736\/revisions"}],"predecessor-version":[{"id":83738,"href":"https:\/\/politicosaldesnudo.com.mx\/index.php\/wp-json\/wp\/v2\/posts\/83736\/revisions\/83738"}],"wp:featuredmedia":[{"embeddable":true,"href":"https:\/\/politicosaldesnudo.com.mx\/index.php\/wp-json\/wp\/v2\/media\/83737"}],"wp:attachment":[{"href":"https:\/\/politicosaldesnudo.com.mx\/index.php\/wp-json\/wp\/v2\/media?parent=83736"}],"wp:term":[{"taxonomy":"category","embeddable":true,"href":"https:\/\/politicosaldesnudo.com.mx\/index.php\/wp-json\/wp\/v2\/categories?post=83736"},{"taxonomy":"post_tag","embeddable":true,"href":"https:\/\/politicosaldesnudo.com.mx\/index.php\/wp-json\/wp\/v2\/tags?post=83736"}],"curies":[{"name":"wp","href":"https:\/\/api.w.org\/{rel}","templated":true}]}}