{"id":83739,"date":"2026-04-29T00:03:55","date_gmt":"2026-04-29T06:03:55","guid":{"rendered":"https:\/\/politicosaldesnudo.com.mx\/?p=83739"},"modified":"2026-04-28T22:42:28","modified_gmt":"2026-04-29T04:42:28","slug":"entregan-tarjetas-juventux-para-impulsar-la-economia-de-la-juventud-en-tuxpan","status":"publish","type":"post","link":"https:\/\/politicosaldesnudo.com.mx\/index.php\/2026\/04\/29\/entregan-tarjetas-juventux-para-impulsar-la-economia-de-la-juventud-en-tuxpan\/","title":{"rendered":"Entregan tarjetas JuvenTux para impulsar la econom\u00eda de la juventud en Tuxpan"},"content":{"rendered":"<p>En un esfuerzo por fortalecer el respaldo a las nuevas generaciones y dinamizar el comercio local, el Gobierno Municipal de Tuxpan llev\u00f3 a cabo la entrega formal de las tarjetas JuvenTux.<\/p>\n<p>Este programa surge como una estrategia integral para permitir que los j\u00f3venes del puerto accedan a beneficios directos y descuentos exclusivos en diversos establecimientos de la ciudad.<\/p>\n<p>El director del Instituto de la Juventud, Carlos Hern\u00e1ndez Escudero, inform\u00f3 que esta iniciativa tiene como objetivo principal aliviar la carga econ\u00f3mica de los estudiantes y trabajadores j\u00f3venes, facilitando el acceso a productos y servicios esenciales.<\/p>\n<p>Seg\u00fan explic\u00f3 el funcionario, la tarjeta es el resultado de una estrecha colaboraci\u00f3n con empresarios locales que se han sumado al proyecto para ofrecer promociones en sectores como papeler\u00edas, restaurantes, gimnasios y tiendas de ropa.<\/p>\n<p>Durante el evento de entrega, se destac\u00f3 que este mecanismo no solo beneficia a los portadores del pl\u00e1stico, sino que tambi\u00e9n funciona como un motor para el consumo interno al incentivar que las compras se realicen dentro del municipio.<\/p>\n<p>Hern\u00e1ndez Escudero subray\u00f3 que la respuesta de la comunidad ha sido positiva y que se continuar\u00e1n sumando m\u00e1s negocios a la red de JuvenTux para ampliar el cat\u00e1logo de beneficios disponibles para la juventud tuxpe\u00f1a.<\/p>\n<p>Cabe destacar, que el representaci\u00f3n del Alcalde Daniel Cortina, qui\u00e9n presidi\u00f3 el evento fue el Secretario T\u00e9cnico Eliseo Reyes Melchor.<\/p>\n","protected":false},"excerpt":{"rendered":"<p>En un esfuerzo por fortalecer el respaldo a las nuevas generaciones y dinamizar el comercio local, el Gobierno Municipal de<\/p>\n","protected":false},"author":4,"featured_media":83740,"comment_status":"closed","ping_status":"closed","sticky":false,"template":"","format":"standard","meta":{"colormag_page_container_layout":"default_layout","colormag_page_sidebar_layout":"default_layout","_jetpack_memberships_contains_paid_content":false,"footnotes":"","jetpack_publicize_message":"","jetpack_publicize_feature_enabled":true,"jetpack_social_post_already_shared":true,"jetpack_social_options":{"image_generator_settings":{"template":"highway","default_image_id":0,"font":"","enabled":false},"version":2}},"categories":[1082],"tags":[],"class_list":["post-83739","post","type-post","status-publish","format-standard","has-post-thumbnail","hentry","category-tuxpan"],"jetpack_publicize_connections":[],"jetpack_featured_media_url":"https:\/\/i0.wp.com\/politicosaldesnudo.com.mx\/wp-content\/uploads\/2026\/04\/WhatsApp-Image-2026-04-28-at-17.26.53-1.jpeg?fit=1280%2C888&ssl=1","jetpack-related-posts":[],"jetpack_sharing_enabled":true,"_links":{"self":[{"href":"https:\/\/politicosaldesnudo.com.mx\/index.php\/wp-json\/wp\/v2\/posts\/83739","targetHints":{"allow":["GET"]}}],"collection":[{"href":"https:\/\/politicosaldesnudo.com.mx\/index.php\/wp-json\/wp\/v2\/posts"}],"about":[{"href":"https:\/\/politicosaldesnudo.com.mx\/index.php\/wp-json\/wp\/v2\/types\/post"}],"author":[{"embeddable":true,"href":"https:\/\/politicosaldesnudo.com.mx\/index.php\/wp-json\/wp\/v2\/users\/4"}],"replies":[{"embeddable":true,"href":"https:\/\/politicosaldesnudo.com.mx\/index.php\/wp-json\/wp\/v2\/comments?post=83739"}],"version-history":[{"count":1,"href":"https:\/\/politicosaldesnudo.com.mx\/index.php\/wp-json\/wp\/v2\/posts\/83739\/revisions"}],"predecessor-version":[{"id":83741,"href":"https:\/\/politicosaldesnudo.com.mx\/index.php\/wp-json\/wp\/v2\/posts\/83739\/revisions\/83741"}],"wp:featuredmedia":[{"embeddable":true,"href":"https:\/\/politicosaldesnudo.com.mx\/index.php\/wp-json\/wp\/v2\/media\/83740"}],"wp:attachment":[{"href":"https:\/\/politicosaldesnudo.com.mx\/index.php\/wp-json\/wp\/v2\/media?parent=83739"}],"wp:term":[{"taxonomy":"category","embeddable":true,"href":"https:\/\/politicosaldesnudo.com.mx\/index.php\/wp-json\/wp\/v2\/categories?post=83739"},{"taxonomy":"post_tag","embeddable":true,"href":"https:\/\/politicosaldesnudo.com.mx\/index.php\/wp-json\/wp\/v2\/tags?post=83739"}],"curies":[{"name":"wp","href":"https:\/\/api.w.org\/{rel}","templated":true}]}}