{"id":83745,"date":"2026-04-29T00:05:26","date_gmt":"2026-04-29T06:05:26","guid":{"rendered":"https:\/\/politicosaldesnudo.com.mx\/?p=83745"},"modified":"2026-04-28T22:53:36","modified_gmt":"2026-04-29T04:53:36","slug":"citlalli-hernandez-abre-dialogo-con-pt-y-verde-para-reordenar-alianza-de-morena-rumbo-a-2027","status":"publish","type":"post","link":"https:\/\/politicosaldesnudo.com.mx\/index.php\/2026\/04\/29\/citlalli-hernandez-abre-dialogo-con-pt-y-verde-para-reordenar-alianza-de-morena-rumbo-a-2027\/","title":{"rendered":"Citlalli Hern\u00e1ndez abre di\u00e1logo con PT y Verde para reordenar alianza de Morena rumbo a 2027"},"content":{"rendered":"<p class=\"nota-justify\">Luego de ser nombrada como presidenta de la Comisi\u00f3n Nacional de Elecciones de Morena, Citlalli Hern\u00e1ndez encabez\u00f3 este martes su primera reuni\u00f3n con las dirigencias del Partido Verde Ecologista de M\u00e9xico (PVEM) y del Partido del Trabajo (PT).<\/p>\n<p class=\"nota-justify\">Sin plantearse acuerdos, integrantes de esos partidos dijeron que se trat\u00f3 de un \u201csaludo\u201d y se acord\u00f3 que la primera sesi\u00f3n de trabajo formal de la mesa para conformar la alianza rumbo al 2027 ser\u00e1 el pr\u00f3ximo martes, una vez que se defina la nueva presidencia nacional morenista.<\/p>\n<p class=\"nota-justify\">Al encuentro privado que dur\u00f3 cerca de tres horas y el cual fue organizado en un hotel como escenario neutral, asisti\u00f3 la l\u00edder del PVEM, Karen Castrej\u00f3n, el Coordinador Nacional Electoral de ese partido, Arturo Escobar y Vega, y el coordinador de los diputados federales del Verde, Carlos Puente, y la diputada Nayeli Fern\u00e1ndez.<\/p>\n<p class=\"nota-justify\">Por parte del PT estuvo su dirigente nacional, Alberto Anaya, as\u00ed como Geovanna Ba\u00f1uelos y Benjam\u00edn Robles, ambos integrantes de su coordinadora nacional.<\/p>\n<p class=\"nota-justify\">\u201cFue un saludito nada m\u00e1s entre los aliados\u201d, expres\u00f3 Karen Castrej\u00f3n en entrevista con La Jornada al salir de la reuni\u00f3n.<\/p>\n<p class=\"nota-justify\">Adem\u00e1s, asever\u00f3 que \u201cno hay asperezas\u201d entre las tres fuerzas pol\u00edticas que \u201csiempre han estado muy firmes con la alianza que fue anunciada hace unos meses, sigue siendo la intenci\u00f3n y aspiramos a ponernos de acuerdo\u201d.<\/p>\n<p class=\"nota-justify\">En tanto, Escobar y Vega agreg\u00f3 que \u201cfue una reuni\u00f3n preliminar\u201d, mientras que las dudas respecto al proceso de alianza se resolver\u00e1n a partir de la pr\u00f3xima semana.<\/p>\n<p class=\"nota-justify\">A la vez, el l\u00edder del PT coincidi\u00f3 en que fue una charla preparatoria, a la espera de que en Morena definan su presidencia nacional, en la que se perfila que ser\u00e1 nombrada Ariadna Montiel, quien present\u00f3 su renuncia como Secretaria del Bienestar.<\/p>\n","protected":false},"excerpt":{"rendered":"<p>Luego de ser nombrada como presidenta de la Comisi\u00f3n Nacional de Elecciones de Morena, Citlalli Hern\u00e1ndez encabez\u00f3 este martes su<\/p>\n","protected":false},"author":4,"featured_media":83746,"comment_status":"closed","ping_status":"closed","sticky":false,"template":"","format":"standard","meta":{"colormag_page_container_layout":"default_layout","colormag_page_sidebar_layout":"default_layout","_jetpack_memberships_contains_paid_content":false,"footnotes":"","jetpack_publicize_message":"","jetpack_publicize_feature_enabled":true,"jetpack_social_post_already_shared":true,"jetpack_social_options":{"image_generator_settings":{"template":"highway","default_image_id":0,"font":"","enabled":false},"version":2}},"categories":[33],"tags":[],"class_list":["post-83745","post","type-post","status-publish","format-standard","has-post-thumbnail","hentry","category-nacional"],"jetpack_publicize_connections":[],"jetpack_featured_media_url":"https:\/\/i0.wp.com\/politicosaldesnudo.com.mx\/wp-content\/uploads\/2026\/04\/LAMARR.webp?fit=1200%2C800&ssl=1","jetpack-related-posts":[],"jetpack_sharing_enabled":true,"_links":{"self":[{"href":"https:\/\/politicosaldesnudo.com.mx\/index.php\/wp-json\/wp\/v2\/posts\/83745","targetHints":{"allow":["GET"]}}],"collection":[{"href":"https:\/\/politicosaldesnudo.com.mx\/index.php\/wp-json\/wp\/v2\/posts"}],"about":[{"href":"https:\/\/politicosaldesnudo.com.mx\/index.php\/wp-json\/wp\/v2\/types\/post"}],"author":[{"embeddable":true,"href":"https:\/\/politicosaldesnudo.com.mx\/index.php\/wp-json\/wp\/v2\/users\/4"}],"replies":[{"embeddable":true,"href":"https:\/\/politicosaldesnudo.com.mx\/index.php\/wp-json\/wp\/v2\/comments?post=83745"}],"version-history":[{"count":1,"href":"https:\/\/politicosaldesnudo.com.mx\/index.php\/wp-json\/wp\/v2\/posts\/83745\/revisions"}],"predecessor-version":[{"id":83747,"href":"https:\/\/politicosaldesnudo.com.mx\/index.php\/wp-json\/wp\/v2\/posts\/83745\/revisions\/83747"}],"wp:featuredmedia":[{"embeddable":true,"href":"https:\/\/politicosaldesnudo.com.mx\/index.php\/wp-json\/wp\/v2\/media\/83746"}],"wp:attachment":[{"href":"https:\/\/politicosaldesnudo.com.mx\/index.php\/wp-json\/wp\/v2\/media?parent=83745"}],"wp:term":[{"taxonomy":"category","embeddable":true,"href":"https:\/\/politicosaldesnudo.com.mx\/index.php\/wp-json\/wp\/v2\/categories?post=83745"},{"taxonomy":"post_tag","embeddable":true,"href":"https:\/\/politicosaldesnudo.com.mx\/index.php\/wp-json\/wp\/v2\/tags?post=83745"}],"curies":[{"name":"wp","href":"https:\/\/api.w.org\/{rel}","templated":true}]}}