{"id":83793,"date":"2026-04-29T00:00:12","date_gmt":"2026-04-29T06:00:12","guid":{"rendered":"https:\/\/politicosaldesnudo.com.mx\/?p=83793"},"modified":"2026-04-28T23:38:47","modified_gmt":"2026-04-29T05:38:47","slug":"ariadna-suelta-bienestar-para-pelear-control-de-morena","status":"publish","type":"post","link":"https:\/\/politicosaldesnudo.com.mx\/index.php\/2026\/04\/29\/ariadna-suelta-bienestar-para-pelear-control-de-morena\/","title":{"rendered":"Ariadna suelta Bienestar para pelear control de Morena"},"content":{"rendered":"<p><span style=\"font-family: arial, helvetica, sans-serif; font-size: 18pt;\"><strong>ALMA GRANDE<\/strong><\/span><\/p>\n<p><span style=\"font-family: arial, helvetica, sans-serif; font-size: 18pt;\"><strong>POR \u00c1NGEL \u00c1LVARO PE\u00d1A <\/strong><\/span><\/p>\n<p><span style=\"font-family: arial, helvetica, sans-serif; font-size: 14pt;\">La salida de Ariadna Montiel Reyes de la Secretar\u00eda del Bienestar no es un simple ajuste administrativo ni un relevo burocr\u00e1tico m\u00e1s dentro del gabinete federal. Se trata de un movimiento profundamente pol\u00edtico que anticipa la disputa interna por el control de Morena y, al mismo tiempo, confirma que el proyecto de la Cuarta Transformaci\u00f3n sigue reorganizando sus piezas rumbo a una nueva etapa.<\/span><\/p>\n<p><span style=\"font-family: arial, helvetica, sans-serif; font-size: 14pt;\">Montiel deja una de las dependencias m\u00e1s sensibles del gobierno federal: la Secretar\u00eda del Bienestar. No es menor. Desde ah\u00ed se opera buena parte del contacto directo entre el Estado y millones de mexicanos a trav\u00e9s de los programas sociales, convertidos ya no solo en pol\u00edtica p\u00fablica, sino en una estructura de legitimidad pol\u00edtica para Morena.<\/span><\/p>\n<p><span style=\"font-family: arial, helvetica, sans-serif; font-size: 14pt;\">Que la presidenta Claudia Sheinbaum haya confirmado personalmente su salida mediante un mensaje en redes sociales revela la importancia de la decisi\u00f3n. No fue una renuncia silenciosa ni una salida discreta. Fue una despedida con mensaje pol\u00edtico: Ariadna no se va por ruptura, sino para asumir \u201cotras tareas del movimiento\u201d, una frase que en Morena suele traducirse en estrategia electoral y reorganizaci\u00f3n interna.<\/span><\/p>\n<p><span style=\"font-family: arial, helvetica, sans-serif; font-size: 14pt;\">La posibilidad de que Ariadna Montiel busque la presidencia nacional de Morena abre una nueva disputa dentro del partido gobernante. Morena ya no enfrenta el reto de conquistar el poder, sino de administrarlo sin fracturarse. Y ah\u00ed est\u00e1 el verdadero desaf\u00edo.<\/span><\/p>\n<p><span style=\"font-family: arial, helvetica, sans-serif; font-size: 14pt;\">La dirigencia nacional del partido ser\u00e1 clave para definir candidaturas, alianzas, disciplina interna y, sobre todo, la relaci\u00f3n entre el partido y el gobierno. No es un cargo decorativo; es una posici\u00f3n de control pol\u00edtico real. Por eso, la llegada de Ariadna a esa contienda significa que Sheinbaum busca tambi\u00e9n fortalecer su propio equilibrio interno dentro del movimiento.<\/span><\/p>\n<p><span style=\"font-family: arial, helvetica, sans-serif; font-size: 14pt;\">En paralelo, la llegada de Leticia Ram\u00edrez Amaya a la Secretar\u00eda del Bienestar tampoco parece improvisada. Su trayectoria en educaci\u00f3n, atenci\u00f3n ciudadana y operaci\u00f3n gubernamental la coloca como una figura de absoluta confianza dentro del c\u00edrculo presidencial. No llega una improvisada, sino una operadora institucional con experiencia en la estructura federal.<\/span><\/p>\n<p><span style=\"font-family: arial, helvetica, sans-serif; font-size: 14pt;\">El mensaje de Sheinbaum fue claro: los programas sociales continuar\u00e1n y seguir\u00e1n siendo derechos constitucionales. Esa aclaraci\u00f3n no es casual. En M\u00e9xico, cualquier cambio en Bienestar genera incertidumbre social inmediata. La estabilidad pol\u00edtica tambi\u00e9n depende de la certeza de esos apoyos.<\/span><\/p>\n<p><span style=\"font-family: arial, helvetica, sans-serif; font-size: 14pt;\">Sin embargo, el verdadero fondo est\u00e1 en otro lado: Morena comienza a vivir la transici\u00f3n de partido-movimiento a partido-gobierno permanente. Y esa transformaci\u00f3n suele ser m\u00e1s dif\u00edcil que ganar elecciones.<\/span><\/p>\n<p><span style=\"font-family: arial, helvetica, sans-serif; font-size: 14pt;\">Ariadna Montiel representa una generaci\u00f3n de cuadros formados en la lealtad obradorista pura. Leticia Ram\u00edrez simboliza la continuidad administrativa del nuevo gobierno. Entre ambas decisiones se dibuja una estrategia: preservar la estructura social mientras se reorganiza el poder pol\u00edtico.<\/span><\/p>\n<p><span style=\"font-family: arial, helvetica, sans-serif; font-size: 14pt;\">La pregunta no es si Ariadna ganar\u00e1 Morena, sino qu\u00e9 tipo de Morena surgir\u00e1 despu\u00e9s de esa batalla interna.<\/span><\/p>\n<p><span style=\"font-family: arial, helvetica, sans-serif; font-size: 14pt;\">Porque cuando el poder deja de pelear contra la oposici\u00f3n, inevitablemente comienza a pelear consigo mismo. Est\u00e1 columna se publica los lunes, mi\u00e9rcoles y viernes.<\/span><\/p>\n<p><img data-recalc-dims=\"1\" loading=\"lazy\" decoding=\"async\" class=\"aligncenter size-full wp-image-83653\" src=\"https:\/\/i0.wp.com\/politicosaldesnudo.com.mx\/wp-content\/uploads\/2026\/04\/FIRMA-EDITORIAL-PD-5.jpg?resize=800%2C98&#038;ssl=1\" alt=\"\" width=\"800\" height=\"98\" srcset=\"https:\/\/i0.wp.com\/politicosaldesnudo.com.mx\/wp-content\/uploads\/2026\/04\/FIRMA-EDITORIAL-PD-5.jpg?w=1024&amp;ssl=1 1024w, https:\/\/i0.wp.com\/politicosaldesnudo.com.mx\/wp-content\/uploads\/2026\/04\/FIRMA-EDITORIAL-PD-5.jpg?resize=300%2C37&amp;ssl=1 300w, https:\/\/i0.wp.com\/politicosaldesnudo.com.mx\/wp-content\/uploads\/2026\/04\/FIRMA-EDITORIAL-PD-5.jpg?resize=768%2C94&amp;ssl=1 768w\" sizes=\"auto, (max-width: 800px) 100vw, 800px\" \/><\/p>\n","protected":false},"excerpt":{"rendered":"<p>ALMA GRANDE POR \u00c1NGEL \u00c1LVARO PE\u00d1A La salida de Ariadna Montiel Reyes de la Secretar\u00eda del Bienestar no es un<\/p>\n","protected":false},"author":4,"featured_media":83668,"comment_status":"closed","ping_status":"closed","sticky":false,"template":"","format":"standard","meta":{"colormag_page_container_layout":"default_layout","colormag_page_sidebar_layout":"default_layout","_jetpack_memberships_contains_paid_content":false,"footnotes":"","jetpack_publicize_message":"","jetpack_publicize_feature_enabled":true,"jetpack_social_post_already_shared":true,"jetpack_social_options":{"image_generator_settings":{"template":"highway","default_image_id":0,"font":"","enabled":false},"version":2}},"categories":[26],"tags":[],"class_list":["post-83793","post","type-post","status-publish","format-standard","has-post-thumbnail","hentry","category-columnistas"],"jetpack_publicize_connections":[],"jetpack_featured_media_url":"https:\/\/i0.wp.com\/politicosaldesnudo.com.mx\/wp-content\/uploads\/2026\/04\/BANNER-LOPEZ-DORIGA-DIGITAL-4.jpg?fit=800%2C445&ssl=1","jetpack-related-posts":[],"jetpack_sharing_enabled":true,"_links":{"self":[{"href":"https:\/\/politicosaldesnudo.com.mx\/index.php\/wp-json\/wp\/v2\/posts\/83793","targetHints":{"allow":["GET"]}}],"collection":[{"href":"https:\/\/politicosaldesnudo.com.mx\/index.php\/wp-json\/wp\/v2\/posts"}],"about":[{"href":"https:\/\/politicosaldesnudo.com.mx\/index.php\/wp-json\/wp\/v2\/types\/post"}],"author":[{"embeddable":true,"href":"https:\/\/politicosaldesnudo.com.mx\/index.php\/wp-json\/wp\/v2\/users\/4"}],"replies":[{"embeddable":true,"href":"https:\/\/politicosaldesnudo.com.mx\/index.php\/wp-json\/wp\/v2\/comments?post=83793"}],"version-history":[{"count":1,"href":"https:\/\/politicosaldesnudo.com.mx\/index.php\/wp-json\/wp\/v2\/posts\/83793\/revisions"}],"predecessor-version":[{"id":83794,"href":"https:\/\/politicosaldesnudo.com.mx\/index.php\/wp-json\/wp\/v2\/posts\/83793\/revisions\/83794"}],"wp:featuredmedia":[{"embeddable":true,"href":"https:\/\/politicosaldesnudo.com.mx\/index.php\/wp-json\/wp\/v2\/media\/83668"}],"wp:attachment":[{"href":"https:\/\/politicosaldesnudo.com.mx\/index.php\/wp-json\/wp\/v2\/media?parent=83793"}],"wp:term":[{"taxonomy":"category","embeddable":true,"href":"https:\/\/politicosaldesnudo.com.mx\/index.php\/wp-json\/wp\/v2\/categories?post=83793"},{"taxonomy":"post_tag","embeddable":true,"href":"https:\/\/politicosaldesnudo.com.mx\/index.php\/wp-json\/wp\/v2\/tags?post=83793"}],"curies":[{"name":"wp","href":"https:\/\/api.w.org\/{rel}","templated":true}]}}