{"id":83797,"date":"2026-04-30T00:01:48","date_gmt":"2026-04-30T06:01:48","guid":{"rendered":"https:\/\/politicosaldesnudo.com.mx\/?p=83797"},"modified":"2026-04-29T22:12:18","modified_gmt":"2026-04-30T04:12:18","slug":"todo-listo-para-desfile-del-dia-del-trabajo","status":"publish","type":"post","link":"https:\/\/politicosaldesnudo.com.mx\/index.php\/2026\/04\/30\/todo-listo-para-desfile-del-dia-del-trabajo\/","title":{"rendered":"Todo listo para desfile del D\u00eda del Trabajo"},"content":{"rendered":"<p>Todo\u00a0 listo para la conmemoraci\u00f3n del D\u00eda Internacional de los Trabajadores en Tuxpan, donde este 1 de mayo se llevar\u00e1 a cabo el tradicional desfile organizado por la Secci\u00f3n 56 del Sindicato Nacional de Trabajadores de la Educaci\u00f3n.<\/p>\n<p>De acuerdo con el programa oficial, las actividades iniciar\u00e1n desde las 8:00 de la ma\u00f1ana con la concentraci\u00f3n de contingentes en calles y avenidas del primer cuadro de la ciudad.<\/p>\n<p>Posteriormente, a las 8:30 horas, la comitiva encabezada por el alcalde acudir\u00e1 a Palacio Municipal, partiendo de la avenida Ju\u00e1rez y Genaro Rodr\u00edguez.<\/p>\n<p>El arranque formal del desfile est\u00e1 programado para las 9:00 horas, teniendo como punto de inicio la intersecci\u00f3n de avenida Ju\u00e1rez y Genaro Rodr\u00edguez. El contingente ser\u00e1 encabezado por la banda de guerra, la escolta del SNTE 56, autoridades municipales y l\u00edderes sindicales, seguidos de invitados especiales, pancartas y diversos grupos participantes.<\/p>\n<p>Minutos despu\u00e9s, autoridades e invitados especiales ocupar\u00e1n sus lugares en el presidium instalado en la planta baja del Palacio Municipal, donde se realizar\u00e1 una breve pausa del desfile. A las 9:10 horas se dar\u00e1 la bienvenida oficial, y posteriormente se llevar\u00e1 a cabo la lectura del manifiesto del Primero de Mayo.<\/p>\n<p>Finalmente, se dar\u00e1 la orden de avance a los contingentes, concluyendo el recorrido en la calle Heroico Colegio Militar, pasando el puente de Tenechaco.<\/p>\n<p>Con la participaci\u00f3n de diversos sindicatos y organizaciones, Tuxpan se prepara para una jornada conmemorativa que busca resaltar la lucha y los derechos de la clase trabajadora.<\/p>\n","protected":false},"excerpt":{"rendered":"<p>Todo\u00a0 listo para la conmemoraci\u00f3n del D\u00eda Internacional de los Trabajadores en Tuxpan, donde este 1 de mayo se llevar\u00e1<\/p>\n","protected":false},"author":4,"featured_media":83798,"comment_status":"closed","ping_status":"closed","sticky":false,"template":"","format":"standard","meta":{"colormag_page_container_layout":"default_layout","colormag_page_sidebar_layout":"default_layout","_jetpack_memberships_contains_paid_content":false,"footnotes":"","jetpack_publicize_message":"","jetpack_publicize_feature_enabled":true,"jetpack_social_post_already_shared":true,"jetpack_social_options":{"image_generator_settings":{"template":"highway","default_image_id":0,"font":"","enabled":false},"version":2}},"categories":[1082],"tags":[],"class_list":["post-83797","post","type-post","status-publish","format-standard","has-post-thumbnail","hentry","category-tuxpan"],"jetpack_publicize_connections":[],"jetpack_featured_media_url":"https:\/\/i0.wp.com\/politicosaldesnudo.com.mx\/wp-content\/uploads\/2026\/04\/TRA-1.jpg?fit=960%2C540&ssl=1","jetpack-related-posts":[],"jetpack_sharing_enabled":true,"_links":{"self":[{"href":"https:\/\/politicosaldesnudo.com.mx\/index.php\/wp-json\/wp\/v2\/posts\/83797","targetHints":{"allow":["GET"]}}],"collection":[{"href":"https:\/\/politicosaldesnudo.com.mx\/index.php\/wp-json\/wp\/v2\/posts"}],"about":[{"href":"https:\/\/politicosaldesnudo.com.mx\/index.php\/wp-json\/wp\/v2\/types\/post"}],"author":[{"embeddable":true,"href":"https:\/\/politicosaldesnudo.com.mx\/index.php\/wp-json\/wp\/v2\/users\/4"}],"replies":[{"embeddable":true,"href":"https:\/\/politicosaldesnudo.com.mx\/index.php\/wp-json\/wp\/v2\/comments?post=83797"}],"version-history":[{"count":1,"href":"https:\/\/politicosaldesnudo.com.mx\/index.php\/wp-json\/wp\/v2\/posts\/83797\/revisions"}],"predecessor-version":[{"id":83799,"href":"https:\/\/politicosaldesnudo.com.mx\/index.php\/wp-json\/wp\/v2\/posts\/83797\/revisions\/83799"}],"wp:featuredmedia":[{"embeddable":true,"href":"https:\/\/politicosaldesnudo.com.mx\/index.php\/wp-json\/wp\/v2\/media\/83798"}],"wp:attachment":[{"href":"https:\/\/politicosaldesnudo.com.mx\/index.php\/wp-json\/wp\/v2\/media?parent=83797"}],"wp:term":[{"taxonomy":"category","embeddable":true,"href":"https:\/\/politicosaldesnudo.com.mx\/index.php\/wp-json\/wp\/v2\/categories?post=83797"},{"taxonomy":"post_tag","embeddable":true,"href":"https:\/\/politicosaldesnudo.com.mx\/index.php\/wp-json\/wp\/v2\/tags?post=83797"}],"curies":[{"name":"wp","href":"https:\/\/api.w.org\/{rel}","templated":true}]}}