{"id":83800,"date":"2026-04-30T00:02:43","date_gmt":"2026-04-30T06:02:43","guid":{"rendered":"https:\/\/politicosaldesnudo.com.mx\/?p=83800"},"modified":"2026-04-29T22:13:09","modified_gmt":"2026-04-30T04:13:09","slug":"comercio-listo-para-el-carnaval","status":"publish","type":"post","link":"https:\/\/politicosaldesnudo.com.mx\/index.php\/2026\/04\/30\/comercio-listo-para-el-carnaval\/","title":{"rendered":"Comercio, listo para el Carnaval"},"content":{"rendered":"<p>El \u00e1rea de Comercio del Ayuntamiento inform\u00f3 que ya se encuentra todo listo para la actividad comercial durante el Carnaval, destacando que todos los espacios disponibles han sido vendidos en su totalidad, reflejando una alta participaci\u00f3n ciudadana.<\/p>\n<p>De acuerdo con el director del \u00e1rea, Oziel Ram\u00edrez, se asignaron 16 espacios para venta de bebidas y 14 para alimentos, logrando una ocupaci\u00f3n completa, lo que confirma el inter\u00e9s de comerciantes locales por aprovechar esta temporada.<\/p>\n<p>En cuanto a los requisitos, se indic\u00f3 que el proceso fue accesible, solicitando \u00fanicamente identificaci\u00f3n oficial (INE), registro de nombre y el pago correspondiente, como parte de la estrategia para facilitar la inclusi\u00f3n de m\u00e1s personas.<\/p>\n<p>Respecto a los costos, la renta de sillas se estableci\u00f3 en 50 pesos por metro en el \u00e1rea del camell\u00f3n y 100 pesos por metro sobre el bulevar.<\/p>\n<p>Una de las principales medidas implementadas este a\u00f1o fue limitar la renta a un m\u00e1ximo de 50 metros por persona, evitando la concentraci\u00f3n de espacios y permitiendo que m\u00e1s ciudadanos pudieran participar y generar ingresos durante el Carnaval.<\/p>\n<p>Asimismo, se contempla la instalaci\u00f3n de zonas de alimentos y bebidas en el \u00e1rea de eventos masivos, garantizando servicios para los asistentes que acudan a disfrutar de la cartelera.<\/p>\n<p>Autoridades destacaron la buena respuesta de la poblaci\u00f3n y reiteraron que estas acciones buscan fortalecer la econom\u00eda local, brindando oportunidades directas a comerciantes de la regi\u00f3n.<\/p>\n","protected":false},"excerpt":{"rendered":"<p>El \u00e1rea de Comercio del Ayuntamiento inform\u00f3 que ya se encuentra todo listo para la actividad comercial durante el Carnaval,<\/p>\n","protected":false},"author":4,"featured_media":83801,"comment_status":"closed","ping_status":"closed","sticky":false,"template":"","format":"standard","meta":{"colormag_page_container_layout":"default_layout","colormag_page_sidebar_layout":"default_layout","_jetpack_memberships_contains_paid_content":false,"footnotes":"","jetpack_publicize_message":"","jetpack_publicize_feature_enabled":true,"jetpack_social_post_already_shared":true,"jetpack_social_options":{"image_generator_settings":{"template":"highway","default_image_id":0,"font":"","enabled":false},"version":2}},"categories":[1082],"tags":[],"class_list":["post-83800","post","type-post","status-publish","format-standard","has-post-thumbnail","hentry","category-tuxpan"],"jetpack_publicize_connections":[],"jetpack_featured_media_url":"https:\/\/i0.wp.com\/politicosaldesnudo.com.mx\/wp-content\/uploads\/2026\/04\/ELCAR.jpg?fit=1200%2C799&ssl=1","jetpack-related-posts":[],"jetpack_sharing_enabled":true,"_links":{"self":[{"href":"https:\/\/politicosaldesnudo.com.mx\/index.php\/wp-json\/wp\/v2\/posts\/83800","targetHints":{"allow":["GET"]}}],"collection":[{"href":"https:\/\/politicosaldesnudo.com.mx\/index.php\/wp-json\/wp\/v2\/posts"}],"about":[{"href":"https:\/\/politicosaldesnudo.com.mx\/index.php\/wp-json\/wp\/v2\/types\/post"}],"author":[{"embeddable":true,"href":"https:\/\/politicosaldesnudo.com.mx\/index.php\/wp-json\/wp\/v2\/users\/4"}],"replies":[{"embeddable":true,"href":"https:\/\/politicosaldesnudo.com.mx\/index.php\/wp-json\/wp\/v2\/comments?post=83800"}],"version-history":[{"count":1,"href":"https:\/\/politicosaldesnudo.com.mx\/index.php\/wp-json\/wp\/v2\/posts\/83800\/revisions"}],"predecessor-version":[{"id":83802,"href":"https:\/\/politicosaldesnudo.com.mx\/index.php\/wp-json\/wp\/v2\/posts\/83800\/revisions\/83802"}],"wp:featuredmedia":[{"embeddable":true,"href":"https:\/\/politicosaldesnudo.com.mx\/index.php\/wp-json\/wp\/v2\/media\/83801"}],"wp:attachment":[{"href":"https:\/\/politicosaldesnudo.com.mx\/index.php\/wp-json\/wp\/v2\/media?parent=83800"}],"wp:term":[{"taxonomy":"category","embeddable":true,"href":"https:\/\/politicosaldesnudo.com.mx\/index.php\/wp-json\/wp\/v2\/categories?post=83800"},{"taxonomy":"post_tag","embeddable":true,"href":"https:\/\/politicosaldesnudo.com.mx\/index.php\/wp-json\/wp\/v2\/tags?post=83800"}],"curies":[{"name":"wp","href":"https:\/\/api.w.org\/{rel}","templated":true}]}}