{"id":83803,"date":"2026-04-30T00:03:32","date_gmt":"2026-04-30T06:03:32","guid":{"rendered":"https:\/\/politicosaldesnudo.com.mx\/?p=83803"},"modified":"2026-04-29T22:13:56","modified_gmt":"2026-04-30T04:13:56","slug":"imparten-charlas-sobre-adicciones","status":"publish","type":"post","link":"https:\/\/politicosaldesnudo.com.mx\/index.php\/2026\/04\/30\/imparten-charlas-sobre-adicciones\/","title":{"rendered":"Imparten charlas sobre adicciones"},"content":{"rendered":"<p>Con un enfoque m\u00e1s cercano a la realidad que enfrentan las y los j\u00f3venes, el CETIS 111 realiz\u00f3 una serie de conferencias como parte de la XVII Jornada de Prevenci\u00f3n de Adicciones, donde el objetivo principal fue hablar sin rodeos sobre los riesgos del consumo de sustancias.<\/p>\n<p>Lejos de un discurso r\u00edgido, las pl\u00e1ticas estuvieron a cargo de especialistas en salud, psicolog\u00eda y educaci\u00f3n, quienes abordaron temas como la presi\u00f3n social, los factores que pueden llevar al consumo y las consecuencias que muchas veces no se dimensionan a tiempo. El mensaje fue claro: tomar decisiones informadas puede marcar una diferencia en el futuro de cada estudiante.<\/p>\n<p>Uno de los puntos que m\u00e1s destac\u00f3 fue la participaci\u00f3n del alumnado. Hubo espacio para preguntas, intercambio de experiencias y reflexiones personales, lo que permiti\u00f3 que el tema se abordara desde una perspectiva m\u00e1s abierta y menos lejana.<\/p>\n<p>Adem\u00e1s de la informaci\u00f3n, se busc\u00f3 reforzar herramientas pr\u00e1cticas como la autoestima, la toma de decisiones y la capacidad de decir \u201cno\u201d ante situaciones de riesgo, habilidades que resultan clave en esta etapa de la vida.<\/p>\n<p>Con este tipo de actividades, el plantel apuesta por generar conciencia desde las aulas, entendiendo que la prevenci\u00f3n no solo se basa en advertencias, sino en abrir el di\u00e1logo y dar herramientas reales para enfrentar el entorno.<\/p>\n","protected":false},"excerpt":{"rendered":"<p>Con un enfoque m\u00e1s cercano a la realidad que enfrentan las y los j\u00f3venes, el CETIS 111 realiz\u00f3 una serie<\/p>\n","protected":false},"author":4,"featured_media":83804,"comment_status":"closed","ping_status":"closed","sticky":false,"template":"","format":"standard","meta":{"colormag_page_container_layout":"default_layout","colormag_page_sidebar_layout":"default_layout","_jetpack_memberships_contains_paid_content":false,"footnotes":"","jetpack_publicize_message":"","jetpack_publicize_feature_enabled":true,"jetpack_social_post_already_shared":true,"jetpack_social_options":{"image_generator_settings":{"template":"highway","default_image_id":0,"font":"","enabled":false},"version":2}},"categories":[1082],"tags":[],"class_list":["post-83803","post","type-post","status-publish","format-standard","has-post-thumbnail","hentry","category-tuxpan"],"jetpack_publicize_connections":[],"jetpack_featured_media_url":"https:\/\/i0.wp.com\/politicosaldesnudo.com.mx\/wp-content\/uploads\/2026\/04\/ADI.jpg?fit=1080%2C767&ssl=1","jetpack-related-posts":[],"jetpack_sharing_enabled":true,"_links":{"self":[{"href":"https:\/\/politicosaldesnudo.com.mx\/index.php\/wp-json\/wp\/v2\/posts\/83803","targetHints":{"allow":["GET"]}}],"collection":[{"href":"https:\/\/politicosaldesnudo.com.mx\/index.php\/wp-json\/wp\/v2\/posts"}],"about":[{"href":"https:\/\/politicosaldesnudo.com.mx\/index.php\/wp-json\/wp\/v2\/types\/post"}],"author":[{"embeddable":true,"href":"https:\/\/politicosaldesnudo.com.mx\/index.php\/wp-json\/wp\/v2\/users\/4"}],"replies":[{"embeddable":true,"href":"https:\/\/politicosaldesnudo.com.mx\/index.php\/wp-json\/wp\/v2\/comments?post=83803"}],"version-history":[{"count":1,"href":"https:\/\/politicosaldesnudo.com.mx\/index.php\/wp-json\/wp\/v2\/posts\/83803\/revisions"}],"predecessor-version":[{"id":83805,"href":"https:\/\/politicosaldesnudo.com.mx\/index.php\/wp-json\/wp\/v2\/posts\/83803\/revisions\/83805"}],"wp:featuredmedia":[{"embeddable":true,"href":"https:\/\/politicosaldesnudo.com.mx\/index.php\/wp-json\/wp\/v2\/media\/83804"}],"wp:attachment":[{"href":"https:\/\/politicosaldesnudo.com.mx\/index.php\/wp-json\/wp\/v2\/media?parent=83803"}],"wp:term":[{"taxonomy":"category","embeddable":true,"href":"https:\/\/politicosaldesnudo.com.mx\/index.php\/wp-json\/wp\/v2\/categories?post=83803"},{"taxonomy":"post_tag","embeddable":true,"href":"https:\/\/politicosaldesnudo.com.mx\/index.php\/wp-json\/wp\/v2\/tags?post=83803"}],"curies":[{"name":"wp","href":"https:\/\/api.w.org\/{rel}","templated":true}]}}