{"id":83809,"date":"2026-04-30T00:05:20","date_gmt":"2026-04-30T06:05:20","guid":{"rendered":"https:\/\/politicosaldesnudo.com.mx\/?p=83809"},"modified":"2026-04-29T22:26:35","modified_gmt":"2026-04-30T04:26:35","slug":"comision-permanente-se-instala-entre-caos-por-debate-sobre-acusacion-de-eu-a-ruben-rocha","status":"publish","type":"post","link":"https:\/\/politicosaldesnudo.com.mx\/index.php\/2026\/04\/30\/comision-permanente-se-instala-entre-caos-por-debate-sobre-acusacion-de-eu-a-ruben-rocha\/","title":{"rendered":"Comisi\u00f3n Permanente se instala entre caos por debate sobre acusaci\u00f3n de EU a Rub\u00e9n Rocha"},"content":{"rendered":"<p class=\"nota-justify\" data-start=\"20\" data-end=\"520\">La Comisi\u00f3n Permanente del Congreso de la Uni\u00f3n, que operar\u00e1 los pr\u00f3ximos cuatro meses, se instal\u00f3 la noche de este mi\u00e9rcoles entre gritos, insultos y desorden provocado por senadores del Partido Acci\u00f3n Nacional, quienes intentaron debatir el tema del gobernador de Sinaloa, Rub\u00e9n Rocha Moya, pese a que no estaba en la agenda acordada.<\/p>\n<p class=\"nota-justify\" data-start=\"522\" data-end=\"970\">\u201cEso es un asalto legislativo, pero usted lo permiti\u00f3 y le pido que someta a esta asamblea lo que es el acuerdo\u201d, exigi\u00f3 el senador de Morena, \u00d3scar Cant\u00f3n Zetina, al pri\u00edsta Manuel A\u00f1orve, quien, por ser el decano de la legislatura, presidi\u00f3 la sesi\u00f3n mientras se votaba la conformaci\u00f3n de la mesa directiva, que finalmente recay\u00f3 en Laura Itzel Castillo.<\/p>\n<p class=\"nota-justify\" data-start=\"972\" data-end=\"1297\">No obstante, A\u00f1orve permiti\u00f3 que el coordinador de los senadores del PAN, Ricardo Anaya, subiera a tribuna, donde insisti\u00f3 en que existe una acusaci\u00f3n formal contra Rocha Moya por narcotr\u00e1fico. Legisladores de Morena respondieron con gritos de protesta, mientras el panista continuaba su discurso.<\/p>\n<p class=\"nota-justify\" data-start=\"1299\" data-end=\"1704\">El diputado morenista Gabriel Garc\u00eda Hern\u00e1ndez se coloc\u00f3 frente a Anaya, mientras el desorden crec\u00eda y m\u00e1s legisladores se acercaban a tribuna, hasta que el senador panista descendi\u00f3. Sin embargo, A\u00f1orve concedi\u00f3 la palabra a la senadora Lilly T\u00e9llez, quien reiter\u00f3 que el gobierno de Estados Unidos habr\u00eda fincado cargos contra Rocha Moya y otros funcionarios.<\/p>\n<p class=\"nota-justify\" data-start=\"1706\" data-end=\"2007\">Posteriormente, el senador de Morena Gerardo Fern\u00e1ndez Noro\u00f1a subi\u00f3 a tribuna para reclamar al pri\u00edsta, lo que intensific\u00f3 el enfrentamiento. T\u00e9llez elev\u00f3 el tono de su voz y exigi\u00f3 que descendiera, mientras A\u00f1orve ped\u00eda \u201corden, orden\u201d ante la aglomeraci\u00f3n de legisladores en tribuna.<\/p>\n<p class=\"nota-justify\" data-start=\"2009\" data-end=\"2303\">Desde su curul, el diputado Arturo \u00c1vila reproch\u00f3 al senador del PRI: \u201cUsted vino a esta tribuna a violentar el estado de derecho; ya me hab\u00edan dicho que aqu\u00ed en el Senado hab\u00eda un espect\u00e1culo circense por parte de la oposici\u00f3n, no me queda duda, son unos payasos\u201d.<\/p>\n<p class=\"nota-justify\" data-start=\"2305\" data-end=\"2549\">Aunque durante el cierre del periodo ordinario el senador Enrique Inzunza fue electo para integrar la Permanente, no se present\u00f3 a la instalaci\u00f3n. En su lugar acudi\u00f3 la senadora Simey Olvera.<\/p>\n<p class=\"nota-justify\" data-start=\"2551\" data-end=\"2823\">Al respecto, la presidenta de la Permanente, Laura Itzel Castillo, se\u00f1al\u00f3 que Inzunza forma parte del \u00f3rgano legislativo y \u201ctendr\u00e1 que definir\u201d si se mantiene en \u00e9l. Asimismo, lament\u00f3 que A\u00f1orve no se apegara al reglamento y permitiera un debate fuera del orden del d\u00eda.<\/p>\n","protected":false},"excerpt":{"rendered":"<p>La Comisi\u00f3n Permanente del Congreso de la Uni\u00f3n, que operar\u00e1 los pr\u00f3ximos cuatro meses, se instal\u00f3 la noche de este<\/p>\n","protected":false},"author":4,"featured_media":83810,"comment_status":"closed","ping_status":"closed","sticky":false,"template":"","format":"standard","meta":{"colormag_page_container_layout":"default_layout","colormag_page_sidebar_layout":"default_layout","_jetpack_memberships_contains_paid_content":false,"footnotes":"","jetpack_publicize_message":"","jetpack_publicize_feature_enabled":true,"jetpack_social_post_already_shared":true,"jetpack_social_options":{"image_generator_settings":{"template":"highway","default_image_id":0,"font":"","enabled":false},"version":2}},"categories":[33],"tags":[],"class_list":["post-83809","post","type-post","status-publish","format-standard","has-post-thumbnail","hentry","category-nacional"],"jetpack_publicize_connections":[],"jetpack_featured_media_url":"https:\/\/i0.wp.com\/politicosaldesnudo.com.mx\/wp-content\/uploads\/2026\/04\/TAPA.webp?fit=1200%2C900&ssl=1","jetpack-related-posts":[],"jetpack_sharing_enabled":true,"_links":{"self":[{"href":"https:\/\/politicosaldesnudo.com.mx\/index.php\/wp-json\/wp\/v2\/posts\/83809","targetHints":{"allow":["GET"]}}],"collection":[{"href":"https:\/\/politicosaldesnudo.com.mx\/index.php\/wp-json\/wp\/v2\/posts"}],"about":[{"href":"https:\/\/politicosaldesnudo.com.mx\/index.php\/wp-json\/wp\/v2\/types\/post"}],"author":[{"embeddable":true,"href":"https:\/\/politicosaldesnudo.com.mx\/index.php\/wp-json\/wp\/v2\/users\/4"}],"replies":[{"embeddable":true,"href":"https:\/\/politicosaldesnudo.com.mx\/index.php\/wp-json\/wp\/v2\/comments?post=83809"}],"version-history":[{"count":1,"href":"https:\/\/politicosaldesnudo.com.mx\/index.php\/wp-json\/wp\/v2\/posts\/83809\/revisions"}],"predecessor-version":[{"id":83811,"href":"https:\/\/politicosaldesnudo.com.mx\/index.php\/wp-json\/wp\/v2\/posts\/83809\/revisions\/83811"}],"wp:featuredmedia":[{"embeddable":true,"href":"https:\/\/politicosaldesnudo.com.mx\/index.php\/wp-json\/wp\/v2\/media\/83810"}],"wp:attachment":[{"href":"https:\/\/politicosaldesnudo.com.mx\/index.php\/wp-json\/wp\/v2\/media?parent=83809"}],"wp:term":[{"taxonomy":"category","embeddable":true,"href":"https:\/\/politicosaldesnudo.com.mx\/index.php\/wp-json\/wp\/v2\/categories?post=83809"},{"taxonomy":"post_tag","embeddable":true,"href":"https:\/\/politicosaldesnudo.com.mx\/index.php\/wp-json\/wp\/v2\/tags?post=83809"}],"curies":[{"name":"wp","href":"https:\/\/api.w.org\/{rel}","templated":true}]}}