{"id":83818,"date":"2026-04-30T00:08:27","date_gmt":"2026-04-30T06:08:27","guid":{"rendered":"https:\/\/politicosaldesnudo.com.mx\/?p=83818"},"modified":"2026-04-29T22:32:41","modified_gmt":"2026-04-30T04:32:41","slug":"guerra-y-violencia-espejismo-usado-por-grandes-potencias-para-volver-a-los-anos-oscuros-canciller-espanol","status":"publish","type":"post","link":"https:\/\/politicosaldesnudo.com.mx\/index.php\/2026\/04\/30\/guerra-y-violencia-espejismo-usado-por-grandes-potencias-para-volver-a-los-anos-oscuros-canciller-espanol\/","title":{"rendered":"Guerra y violencia, espejismo usado por grandes potencias para volver a los a\u00f1os oscuros: canciller espa\u00f1ol"},"content":{"rendered":"<p class=\"nota-justify\">En una crisis global, elegir la v\u00eda de la violencia, de la fuerza y de la guerra en vez del di\u00e1logo y la paz, es un espejismo con el que grandes potencias mundiales como Estados Unidos quieren actuar y regresar a los a\u00f1os m\u00e1s oscuros, asever\u00f3 Jos\u00e9 Manuel Albares, ministro de Asuntos Exteriores, Uni\u00f3n Europea y Cooperaci\u00f3n del Reino de Espa\u00f1a.<\/p>\n<p class=\"nota-justify\">Sin mencionar al presidente estadunidense, Donald Trump, el canciller espa\u00f1ol critic\u00f3 que pa\u00edses poderosos llamen al conflicto y a la guerra en vez de preservar los valores diplom\u00e1ticos que tanto necesita este tiempo de globalizaci\u00f3n.<\/p>\n<p class=\"nota-justify\">\u00abLa inmensa mayor\u00eda de la humanidad seguimos defendiendo esos valores que son lo mejor en un mundo harto del dolor, de la violencia de la rabia, de la arbitrariedad y de las cenizas de la guerra. Y por todo ello, no podemos quedarnos simplemente mirando ante los que pregonan y practican el caos\u00bb, subray\u00f3.<\/p>\n<p class=\"nota-justify\">Durante la conferencia magistral \u201cEspa\u00f1a: una pol\u00edtica exterior humanista\u201d, que ofreci\u00f3 ante acad\u00e9micos y alumnos de la Universidad Nacional Aut\u00f3noma de M\u00e9xico (UNAM), del Colegio Madrid y del Instituto Luis Vives, advirti\u00f3: quienes han escogido esa v\u00eda son poderosos pero nadie se enga\u00f1a ante el espejismo, la inmensa mayor\u00eda de la humanidad seguimos creyendo en el multilateralismo como camino, en di\u00e1logo como herramienta y de la paz como objetivo irrenunciable\u00bb.<\/p>\n<p class=\"nota-justify\">En el anfiteatro Sim\u00f3n Bol\u00edvar del Antiguo Colegio de San Ildefonso de la universidad nacional, teniendo como invitada a la subsecretaria de Relaciones Exteriores, Teresa Mercado, el canciller espa\u00f1ol asegur\u00f3 que estamos ante la peor crisis mundial de este siglo, por lo que naciones como M\u00e9xico y Espa\u00f1a deben ser actores en este nuevo momento en el que tanto se juega a la humanidad entera, \u00abporque si no decidimos nosotros, otros van a decidir por nosotros y no van a decidir de acuerdo a nuestros intereses, tampoco, de acuerdo a nuestra visi\u00f3n del mundo, ni a nuestros valores\u00bb.<\/p>\n<p class=\"nota-justify\">Afirm\u00f3 que en tiempos tan turbulentos es importante que la pol\u00edtica exterior no sea meramente reactiva y que no pierda de vista que debe estar anclada a los valores democr\u00e1ticos. Critic\u00f3, adem\u00e1s el papel que ha jugado la ONU, al considerar que ha sido omisa y ha rechazado buscar la paz por encima de la violencia, por lo que urge que la dirija una mujer.<\/p>\n<p>&nbsp;<\/p>\n","protected":false},"excerpt":{"rendered":"<p>En una crisis global, elegir la v\u00eda de la violencia, de la fuerza y de la guerra en vez del<\/p>\n","protected":false},"author":4,"featured_media":83819,"comment_status":"closed","ping_status":"closed","sticky":false,"template":"","format":"standard","meta":{"colormag_page_container_layout":"default_layout","colormag_page_sidebar_layout":"default_layout","_jetpack_memberships_contains_paid_content":false,"footnotes":"","jetpack_publicize_message":"","jetpack_publicize_feature_enabled":true,"jetpack_social_post_already_shared":true,"jetpack_social_options":{"image_generator_settings":{"template":"highway","default_image_id":0,"font":"","enabled":false},"version":2}},"categories":[33],"tags":[],"class_list":["post-83818","post","type-post","status-publish","format-standard","has-post-thumbnail","hentry","category-nacional"],"jetpack_publicize_connections":[],"jetpack_featured_media_url":"https:\/\/i0.wp.com\/politicosaldesnudo.com.mx\/wp-content\/uploads\/2026\/04\/PUTSA.webp?fit=1200%2C712&ssl=1","jetpack-related-posts":[],"jetpack_sharing_enabled":true,"_links":{"self":[{"href":"https:\/\/politicosaldesnudo.com.mx\/index.php\/wp-json\/wp\/v2\/posts\/83818","targetHints":{"allow":["GET"]}}],"collection":[{"href":"https:\/\/politicosaldesnudo.com.mx\/index.php\/wp-json\/wp\/v2\/posts"}],"about":[{"href":"https:\/\/politicosaldesnudo.com.mx\/index.php\/wp-json\/wp\/v2\/types\/post"}],"author":[{"embeddable":true,"href":"https:\/\/politicosaldesnudo.com.mx\/index.php\/wp-json\/wp\/v2\/users\/4"}],"replies":[{"embeddable":true,"href":"https:\/\/politicosaldesnudo.com.mx\/index.php\/wp-json\/wp\/v2\/comments?post=83818"}],"version-history":[{"count":1,"href":"https:\/\/politicosaldesnudo.com.mx\/index.php\/wp-json\/wp\/v2\/posts\/83818\/revisions"}],"predecessor-version":[{"id":83820,"href":"https:\/\/politicosaldesnudo.com.mx\/index.php\/wp-json\/wp\/v2\/posts\/83818\/revisions\/83820"}],"wp:featuredmedia":[{"embeddable":true,"href":"https:\/\/politicosaldesnudo.com.mx\/index.php\/wp-json\/wp\/v2\/media\/83819"}],"wp:attachment":[{"href":"https:\/\/politicosaldesnudo.com.mx\/index.php\/wp-json\/wp\/v2\/media?parent=83818"}],"wp:term":[{"taxonomy":"category","embeddable":true,"href":"https:\/\/politicosaldesnudo.com.mx\/index.php\/wp-json\/wp\/v2\/categories?post=83818"},{"taxonomy":"post_tag","embeddable":true,"href":"https:\/\/politicosaldesnudo.com.mx\/index.php\/wp-json\/wp\/v2\/tags?post=83818"}],"curies":[{"name":"wp","href":"https:\/\/api.w.org\/{rel}","templated":true}]}}