{"id":83839,"date":"2026-04-30T00:15:54","date_gmt":"2026-04-30T06:15:54","guid":{"rendered":"https:\/\/politicosaldesnudo.com.mx\/?p=83839"},"modified":"2026-04-29T22:48:06","modified_gmt":"2026-04-30T04:48:06","slug":"designan-a-veronica-hernandez-como-auditora-superior-de-zacatecas","status":"publish","type":"post","link":"https:\/\/politicosaldesnudo.com.mx\/index.php\/2026\/04\/30\/designan-a-veronica-hernandez-como-auditora-superior-de-zacatecas\/","title":{"rendered":"Designan a Ver\u00f3nica Hern\u00e1ndez como Auditora Superior de Zacatecas"},"content":{"rendered":"<p class=\"nota-justify\" data-start=\"20\" data-end=\"356\">El pleno de la Legislatura design\u00f3 este mi\u00e9rcoles, con 28 votos a favor, y tom\u00f3 protesta a Ver\u00f3nica Yvette Hern\u00e1ndez L\u00f3pez de Lara como nueva titular de la Auditor\u00eda Superior del Estado de Zacatecas, para el periodo comprendido del 23 de junio de 2026 al 23 de junio de 2033.<\/p>\n<p class=\"nota-justify\" data-start=\"20\" data-end=\"356\">La designaci\u00f3n de Hern\u00e1ndez L\u00f3pez de Lara, sin embargo, ha generado se\u00f1alamientos extraoficiales en redes sociales y medios locales. Opositores de Morena y despachos de abogados especializados en litigios contra acciones de gobierno, como el abogado Jorge Rada, advirtieron que podr\u00edan impugnar el nombramiento al considerar un posible conflicto de inter\u00e9s, ya que la funcionaria ocup\u00f3 previamente un cargo en la Secretar\u00eda de Administraci\u00f3n del gobierno de David Monreal \u00c1vila.<\/p>\n<p class=\"nota-justify\" data-start=\"20\" data-end=\"356\">Previamente, la Comisi\u00f3n de Vigilancia de la Legislatura emiti\u00f3 el acuerdo mediante el cual, tras una fase de entrevistas con aspirantes al cargo, se propuso la terna conformada por Ver\u00f3nica Yvette Hern\u00e1ndez L\u00f3pez de Lara, Alejandro Nicol\u00e1s Gonz\u00e1lez de Luna y Javier Alberto D\u00edaz Mart\u00ednez, para elegir a quien ocupar\u00e1 el cargo de Auditor Superior del Estado, en sustituci\u00f3n, el pr\u00f3ximo 22 de junio, de Ra\u00fal Brito Ber\u00famen.<\/p>\n<p class=\"nota-justify\" data-start=\"20\" data-end=\"356\">Entre los requisitos establecidos por la ley para los aspirantes se encuentran: tener al menos 35 a\u00f1os cumplidos el d\u00eda de la designaci\u00f3n; contar con antig\u00fcedad m\u00ednima de 10 a\u00f1os con t\u00edtulo y c\u00e9dula profesional en \u00e1reas como contadur\u00eda, derecho, econom\u00eda, administraci\u00f3n o disciplinas relacionadas con la fiscalizaci\u00f3n.<\/p>\n<p class=\"nota-justify\" data-start=\"20\" data-end=\"356\">Asimismo, se exige \u201cgozar de buena reputaci\u00f3n y no haber sido condenado por delito que amerite pena corporal de m\u00e1s de un a\u00f1o de prisi\u00f3n; y en casos como robo, fraude, falsificaci\u00f3n o abuso de confianza, quedar inhabilitado para el cargo, cualquiera que haya sido la pena\u201d. Tambi\u00e9n se establece no pertenecer al estado eclesi\u00e1stico ni ser ministro de alg\u00fan culto religioso.<\/p>\n<p class=\"nota-justify\" data-start=\"20\" data-end=\"356\">Otro requisito es no tener parentesco por consanguinidad o afinidad hasta el tercer grado con titulares de los poderes o secretarios de despacho del gobierno estatal.<\/p>\n<p data-start=\"20\" data-end=\"356\">Respecto a este punto, en redes sociales se reaviv\u00f3 una pol\u00e9mica relacionada con un episodio ocurrido hace ocho a\u00f1os, cuando se difundi\u00f3 una conversaci\u00f3n telef\u00f3nica entre Hern\u00e1ndez L\u00f3pez de Lara y el entonces senador Ricardo Monreal \u00c1vila, lo que ha sido retomado recientemente en medios digitales.<\/p>\n","protected":false},"excerpt":{"rendered":"<p>El pleno de la Legislatura design\u00f3 este mi\u00e9rcoles, con 28 votos a favor, y tom\u00f3 protesta a Ver\u00f3nica Yvette Hern\u00e1ndez<\/p>\n","protected":false},"author":4,"featured_media":83840,"comment_status":"closed","ping_status":"closed","sticky":false,"template":"","format":"standard","meta":{"colormag_page_container_layout":"default_layout","colormag_page_sidebar_layout":"default_layout","_jetpack_memberships_contains_paid_content":false,"footnotes":"","jetpack_publicize_message":"","jetpack_publicize_feature_enabled":true,"jetpack_social_post_already_shared":true,"jetpack_social_options":{"image_generator_settings":{"template":"highway","default_image_id":0,"font":"","enabled":false},"version":2}},"categories":[30],"tags":[],"class_list":["post-83839","post","type-post","status-publish","format-standard","has-post-thumbnail","hentry","category-estados"],"jetpack_publicize_connections":[],"jetpack_featured_media_url":"https:\/\/i0.wp.com\/politicosaldesnudo.com.mx\/wp-content\/uploads\/2026\/04\/CLI.webp?fit=1200%2C741&ssl=1","jetpack-related-posts":[],"jetpack_sharing_enabled":true,"_links":{"self":[{"href":"https:\/\/politicosaldesnudo.com.mx\/index.php\/wp-json\/wp\/v2\/posts\/83839","targetHints":{"allow":["GET"]}}],"collection":[{"href":"https:\/\/politicosaldesnudo.com.mx\/index.php\/wp-json\/wp\/v2\/posts"}],"about":[{"href":"https:\/\/politicosaldesnudo.com.mx\/index.php\/wp-json\/wp\/v2\/types\/post"}],"author":[{"embeddable":true,"href":"https:\/\/politicosaldesnudo.com.mx\/index.php\/wp-json\/wp\/v2\/users\/4"}],"replies":[{"embeddable":true,"href":"https:\/\/politicosaldesnudo.com.mx\/index.php\/wp-json\/wp\/v2\/comments?post=83839"}],"version-history":[{"count":1,"href":"https:\/\/politicosaldesnudo.com.mx\/index.php\/wp-json\/wp\/v2\/posts\/83839\/revisions"}],"predecessor-version":[{"id":83841,"href":"https:\/\/politicosaldesnudo.com.mx\/index.php\/wp-json\/wp\/v2\/posts\/83839\/revisions\/83841"}],"wp:featuredmedia":[{"embeddable":true,"href":"https:\/\/politicosaldesnudo.com.mx\/index.php\/wp-json\/wp\/v2\/media\/83840"}],"wp:attachment":[{"href":"https:\/\/politicosaldesnudo.com.mx\/index.php\/wp-json\/wp\/v2\/media?parent=83839"}],"wp:term":[{"taxonomy":"category","embeddable":true,"href":"https:\/\/politicosaldesnudo.com.mx\/index.php\/wp-json\/wp\/v2\/categories?post=83839"},{"taxonomy":"post_tag","embeddable":true,"href":"https:\/\/politicosaldesnudo.com.mx\/index.php\/wp-json\/wp\/v2\/tags?post=83839"}],"curies":[{"name":"wp","href":"https:\/\/api.w.org\/{rel}","templated":true}]}}