{"id":83842,"date":"2026-04-30T00:16:51","date_gmt":"2026-04-30T06:16:51","guid":{"rendered":"https:\/\/politicosaldesnudo.com.mx\/?p=83842"},"modified":"2026-04-29T22:50:19","modified_gmt":"2026-04-30T04:50:19","slug":"caravana-migrante-david-llega-a-pijijiapan-tras-salir-de-tapachula","status":"publish","type":"post","link":"https:\/\/politicosaldesnudo.com.mx\/index.php\/2026\/04\/30\/caravana-migrante-david-llega-a-pijijiapan-tras-salir-de-tapachula\/","title":{"rendered":"Caravana migrante \u201cDavid\u201d llega a Pijijiapan tras salir de Tapachula"},"content":{"rendered":"<p class=\"nota-justify\" data-start=\"20\" data-end=\"301\">La caravana migrante autodenominada \u201cDavid\u201d lleg\u00f3 al municipio de Pijijiapan, en la costa de Chiapas, tras recorrer apenas 150 kil\u00f3metros desde su salida de Tapachula la semana pasada.<\/p>\n<p class=\"nota-justify\" data-start=\"303\" data-end=\"596\">El grupo, que inici\u00f3 con unos mil integrantes, en su mayor\u00eda extranjeros de origen haitiano, se ha reducido a unos 700, ya que muchos se han entregado al Instituto Nacional de Migraci\u00f3n, otros han desistido y unos m\u00e1s han avanzado por su cuenta, indicaron fuentes de seguridad.<\/p>\n<p class=\"nota-justify\" data-start=\"598\" data-end=\"795\">El Ayuntamiento de Pijijiapan, a cargo del edil Carlos Albores Lima, dispuso ayuda humanitaria como hidrataci\u00f3n, servicios m\u00e9dicos y ba\u00f1os para el aseo personal de las personas.<\/p>\n<p class=\"nota-justify\" data-start=\"797\" data-end=\"1069\">\u201cSiempre hemos brindado asistencia a todas las caravanas que pasan por aqu\u00ed. Ahorita hay personas que ya vienen muy desgastadas, con lesiones en los pies, infecciones y a todos se les brinda la ayuda\u201d, dijo en entrevista telef\u00f3nica Pedro Tadeo.<\/p>\n<p class=\"nota-justify\" data-start=\"1071\" data-end=\"1348\">Los migrantes pretenden descansar este mi\u00e9rcoles en esta localidad antes de seguir ma\u00f1ana hacia Tonal\u00e1, el siguiente punto de escala en la ruta por el Pac\u00edfico, antes de continuar hacia el vecino estado de Oaxaca.<\/p>\n<p class=\"nota-justify\" data-start=\"1350\" data-end=\"1501\">La caravana opta por avanzar de noche para evitar las altas temperaturas superiores a los 30 grados cent\u00edgrados, agreg\u00f3 el funcionario municipal.<\/p>\n<p class=\"nota-justify\" data-start=\"1503\" data-end=\"1805\">Adem\u00e1s, de acuerdo con el Sistema Estatal de Protecci\u00f3n Civil, los municipios de Pijijiapan, Tonal\u00e1 y Arriaga \u2014por donde seguir\u00e1n caminando los migrantes\u2014 est\u00e1n catalogados en alerta amarilla en el sem\u00e1foro de incendios por una onda de calor que afecta a la entidad.<\/p>\n<p class=\"nota-justify\" data-start=\"1807\" data-end=\"1924\">\u201cSi nosotros, que somos de ac\u00e1, no aguantamos este calor, menos esta gente que ya va muy desgastada\u201d, a\u00f1adi\u00f3 Tadeo.<\/p>\n<p class=\"nota-justify\" data-start=\"1926\" data-end=\"2184\">La caravana migrante emprendi\u00f3 la traves\u00eda el pasado 20 de abril, con el argumento de que en Tapachula \u2014la principal ciudad de la frontera sur\u2014 los tr\u00e1mites migratorios demoran m\u00e1s de un a\u00f1o y no encuentran trabajo para poder costear alimentos y renta.<\/p>\n<p class=\"nota-justify\" data-start=\"2186\" data-end=\"2408\">Y cuando han intentado salir de la regi\u00f3n fronteriza con Guatemala para llegar a otras partes de M\u00e9xico en busca de mejores condiciones, son detenidos por el INM y devueltos a la frontera sur.<\/p>\n<p class=\"nota-justify\" data-start=\"2410\" data-end=\"2655\">Por ello optan por organizarse en caravana \u2014este es el segundo grupo de este a\u00f1o\u2014. Han dicho que ya no persiguen el sue\u00f1o americano, sino llegar a otras ciudades del centro y norte del pa\u00eds donde puedan encontrar mejores oportunidades de vida.<\/p>\n","protected":false},"excerpt":{"rendered":"<p>La caravana migrante autodenominada \u201cDavid\u201d lleg\u00f3 al municipio de Pijijiapan, en la costa de Chiapas, tras recorrer apenas 150 kil\u00f3metros<\/p>\n","protected":false},"author":4,"featured_media":83843,"comment_status":"closed","ping_status":"closed","sticky":false,"template":"","format":"standard","meta":{"colormag_page_container_layout":"default_layout","colormag_page_sidebar_layout":"default_layout","_jetpack_memberships_contains_paid_content":false,"footnotes":"","jetpack_publicize_message":"","jetpack_publicize_feature_enabled":true,"jetpack_social_post_already_shared":true,"jetpack_social_options":{"image_generator_settings":{"template":"highway","default_image_id":0,"font":"","enabled":false},"version":2}},"categories":[30],"tags":[],"class_list":["post-83842","post","type-post","status-publish","format-standard","has-post-thumbnail","hentry","category-estados"],"jetpack_publicize_connections":[],"jetpack_featured_media_url":"https:\/\/i0.wp.com\/politicosaldesnudo.com.mx\/wp-content\/uploads\/2026\/04\/ASMA.webp?fit=1200%2C741&ssl=1","jetpack-related-posts":[],"jetpack_sharing_enabled":true,"_links":{"self":[{"href":"https:\/\/politicosaldesnudo.com.mx\/index.php\/wp-json\/wp\/v2\/posts\/83842","targetHints":{"allow":["GET"]}}],"collection":[{"href":"https:\/\/politicosaldesnudo.com.mx\/index.php\/wp-json\/wp\/v2\/posts"}],"about":[{"href":"https:\/\/politicosaldesnudo.com.mx\/index.php\/wp-json\/wp\/v2\/types\/post"}],"author":[{"embeddable":true,"href":"https:\/\/politicosaldesnudo.com.mx\/index.php\/wp-json\/wp\/v2\/users\/4"}],"replies":[{"embeddable":true,"href":"https:\/\/politicosaldesnudo.com.mx\/index.php\/wp-json\/wp\/v2\/comments?post=83842"}],"version-history":[{"count":1,"href":"https:\/\/politicosaldesnudo.com.mx\/index.php\/wp-json\/wp\/v2\/posts\/83842\/revisions"}],"predecessor-version":[{"id":83844,"href":"https:\/\/politicosaldesnudo.com.mx\/index.php\/wp-json\/wp\/v2\/posts\/83842\/revisions\/83844"}],"wp:featuredmedia":[{"embeddable":true,"href":"https:\/\/politicosaldesnudo.com.mx\/index.php\/wp-json\/wp\/v2\/media\/83843"}],"wp:attachment":[{"href":"https:\/\/politicosaldesnudo.com.mx\/index.php\/wp-json\/wp\/v2\/media?parent=83842"}],"wp:term":[{"taxonomy":"category","embeddable":true,"href":"https:\/\/politicosaldesnudo.com.mx\/index.php\/wp-json\/wp\/v2\/categories?post=83842"},{"taxonomy":"post_tag","embeddable":true,"href":"https:\/\/politicosaldesnudo.com.mx\/index.php\/wp-json\/wp\/v2\/tags?post=83842"}],"curies":[{"name":"wp","href":"https:\/\/api.w.org\/{rel}","templated":true}]}}