{"id":83863,"date":"2026-05-01T00:05:12","date_gmt":"2026-05-01T06:05:12","guid":{"rendered":"https:\/\/politicosaldesnudo.com.mx\/?p=83863"},"modified":"2026-04-30T23:07:26","modified_gmt":"2026-05-01T05:07:26","slug":"renuncia-esthela-damian-a-consejeria-juridica-de-presidencia","status":"publish","type":"post","link":"https:\/\/politicosaldesnudo.com.mx\/index.php\/2026\/05\/01\/renuncia-esthela-damian-a-consejeria-juridica-de-presidencia\/","title":{"rendered":"Renuncia Esthela Dami\u00e1n a Consejer\u00eda Jur\u00eddica de Presidencia"},"content":{"rendered":"<p class=\"nota-justify\" dir=\"ltr\">Por medio de un video que difundi\u00f3 en sus redes sociales, Esthela Dami\u00e1n anunci\u00f3 que dej\u00f3 su cargo como Consejera Jur\u00eddica del Ejecutivo Federal, como hab\u00eda anticipado la presidenta Claudia Sheinbaum Pardo.<\/p>\n<p class=\"nota-justify\" dir=\"ltr\">En su \u00faltimo d\u00eda en funciones, agradeci\u00f3 a la mandataria por \u201cpermitirle servir al pueblo de M\u00e9xico\u201d desde esa posici\u00f3n.<\/p>\n<p class=\"nota-justify\" dir=\"ltr\">Tambi\u00e9n agradeci\u00f3 \u201ca todas y todos quienes hicieron posible el trabajo en equipo, con profesionalismo y compromiso, para cumplir con la responsabilidad que se nos encomend\u00f3.<\/p>\n<p class=\"nota-justify\" dir=\"ltr\">Me llevo la convicci\u00f3n de que el servicio p\u00fablico exige siempre responsabilidad, honestidad y compromiso con el pa\u00eds\u201d, dijo la ahora ex funcionaria federal.<\/p>\n<p class=\"nota-justify\" dir=\"ltr\">La semana pasada, la presidenta Sheinbaum Pardo dio a conocer que Esthela Dami\u00e1n present\u00f3 su renuncia a este cargo a partir del 30 de abril, con la intenci\u00f3n de hacer trabajo pol\u00edtico en Guerrero, rumbo a las elecciones de 2027, en las que se definir\u00e1n 17 gubernaturas, incluida esa entidad.<\/p>\n","protected":false},"excerpt":{"rendered":"<p>Por medio de un video que difundi\u00f3 en sus redes sociales, Esthela Dami\u00e1n anunci\u00f3 que dej\u00f3 su cargo como Consejera<\/p>\n","protected":false},"author":4,"featured_media":83864,"comment_status":"closed","ping_status":"closed","sticky":false,"template":"","format":"standard","meta":{"colormag_page_container_layout":"default_layout","colormag_page_sidebar_layout":"default_layout","_jetpack_memberships_contains_paid_content":false,"footnotes":"","jetpack_publicize_message":"","jetpack_publicize_feature_enabled":true,"jetpack_social_post_already_shared":true,"jetpack_social_options":{"image_generator_settings":{"template":"highway","default_image_id":0,"font":"","enabled":false},"version":2}},"categories":[33],"tags":[],"class_list":["post-83863","post","type-post","status-publish","format-standard","has-post-thumbnail","hentry","category-nacional"],"jetpack_publicize_connections":[],"jetpack_featured_media_url":"https:\/\/i0.wp.com\/politicosaldesnudo.com.mx\/wp-content\/uploads\/2026\/04\/LEL.webp?fit=503%2C423&ssl=1","jetpack-related-posts":[],"jetpack_sharing_enabled":true,"_links":{"self":[{"href":"https:\/\/politicosaldesnudo.com.mx\/index.php\/wp-json\/wp\/v2\/posts\/83863","targetHints":{"allow":["GET"]}}],"collection":[{"href":"https:\/\/politicosaldesnudo.com.mx\/index.php\/wp-json\/wp\/v2\/posts"}],"about":[{"href":"https:\/\/politicosaldesnudo.com.mx\/index.php\/wp-json\/wp\/v2\/types\/post"}],"author":[{"embeddable":true,"href":"https:\/\/politicosaldesnudo.com.mx\/index.php\/wp-json\/wp\/v2\/users\/4"}],"replies":[{"embeddable":true,"href":"https:\/\/politicosaldesnudo.com.mx\/index.php\/wp-json\/wp\/v2\/comments?post=83863"}],"version-history":[{"count":1,"href":"https:\/\/politicosaldesnudo.com.mx\/index.php\/wp-json\/wp\/v2\/posts\/83863\/revisions"}],"predecessor-version":[{"id":83865,"href":"https:\/\/politicosaldesnudo.com.mx\/index.php\/wp-json\/wp\/v2\/posts\/83863\/revisions\/83865"}],"wp:featuredmedia":[{"embeddable":true,"href":"https:\/\/politicosaldesnudo.com.mx\/index.php\/wp-json\/wp\/v2\/media\/83864"}],"wp:attachment":[{"href":"https:\/\/politicosaldesnudo.com.mx\/index.php\/wp-json\/wp\/v2\/media?parent=83863"}],"wp:term":[{"taxonomy":"category","embeddable":true,"href":"https:\/\/politicosaldesnudo.com.mx\/index.php\/wp-json\/wp\/v2\/categories?post=83863"},{"taxonomy":"post_tag","embeddable":true,"href":"https:\/\/politicosaldesnudo.com.mx\/index.php\/wp-json\/wp\/v2\/tags?post=83863"}],"curies":[{"name":"wp","href":"https:\/\/api.w.org\/{rel}","templated":true}]}}