{"id":83866,"date":"2026-05-01T00:06:48","date_gmt":"2026-05-01T06:06:48","guid":{"rendered":"https:\/\/politicosaldesnudo.com.mx\/?p=83866"},"modified":"2026-04-30T23:08:53","modified_gmt":"2026-05-01T05:08:53","slug":"sheinbaum-pide-a-ninos-amar-mucho-a-la-patria-durante-entrega-de-becas-en-nezahualcoyotl","status":"publish","type":"post","link":"https:\/\/politicosaldesnudo.com.mx\/index.php\/2026\/05\/01\/sheinbaum-pide-a-ninos-amar-mucho-a-la-patria-durante-entrega-de-becas-en-nezahualcoyotl\/","title":{"rendered":"Sheinbaum pide a ni\u00f1os \u201camar mucho a la patria\u201d durante entrega de becas en Nezahualc\u00f3yotl"},"content":{"rendered":"<p class=\"nota-justify\">Durante la entrega de tarjetas de la beca Rita Cetina para uniformes y \u00fatiles escolares, la presidenta Claudia Sheinbaum llam\u00f3 a los estudiantes de primaria a \u201camar mucho, a M\u00e9xico, a la patria\u201d, a la vez que los inst\u00f3 a no burlarse de sus compa\u00f1eros y les pidi\u00f3: \u201cnada de violencia\u201d.<\/p>\n<p class=\"nota-justify\">Por su parte, el titular de la Secretar\u00eda de Educaci\u00f3n P\u00fablica (SEP), Mario Delgado, pidi\u00f3 a las estudiantes y a sus padres dar \u201cun gran aplauso a nuestra presidenta por c\u00f3mo defiende a nuestro pa\u00eds y a su soberan\u00eda. !Un aplauso, presidenta!, Estamos muy orgullosos de usted, de c\u00f3mo defienden nuestra patria, nuestro querido M\u00e9xico\u201d.<\/p>\n<p class=\"nota-justify\">En el d\u00eda del ni\u00f1o, la mandataria acudi\u00f3 a la escuela primara Isidro Fabela, localizada a solo un par de cuadras del palacio municipal de Nezahualc\u00f3yotl. Cientos de ni\u00f1as y ni\u00f1os de este plantel, muchos de ellos acompa\u00f1ados de sus mam\u00e1s, la recibieron con porras, la acompa\u00f1aron en la lectura de un cuento que Sheinbaum Pardo realiz\u00f3 y hasta comieron pizza mientras iniciaba el acto.<\/p>\n<p class=\"nota-justify\">Con un breve mensaje, que dur\u00f3 poco m\u00e1s de once minutos, aconsej\u00f3 a las ni\u00f1as y ni\u00f1os a que quieran a su familia, que estudien y le dediquen tiempo a la escuela, y agreg\u00f3: \u201cNo se va de burlarse de las compa\u00f1eras y de los compa\u00f1eros\u201d.<\/p>\n<p class=\"nota-justify\">Les explic\u00f3 que algunos alumnos son muy buenos para las matem\u00e1ticas, y otros para el deporte, para leer, para cantar o para bailar. \u201cTodos tenemos nuestras caracter\u00edsticas, pero todos valemos, as\u00ed que qui\u00e9ranse a ustedes y siempre quieran a sus compa\u00f1eros. No se vale burlarse de nadie. \u00bfEstamos de acuerdo?, a ver, levanten la mano\u2026 !Nada de violencia, Nada de andarse peleando!, para eso se invent\u00f3 la palabra, para no pelearse\u201d.<\/p>\n<p class=\"nota-justify\">Enseguida los exhort\u00f3: \u201cAm\u00e9n a la naturaleza, amen a los animalitos. Y \u00bfsaben que deben de amar mucho, mucho, mucho?, a M\u00e9xico, a su patria. Tienen la fortuna, el privilegio de ser mexicanas y mexicanos. M\u00e9xico es un pa\u00eds maravilloso, extraordinario. Dice una canci\u00f3n como M\u00e9xico no hay dos. As\u00ed que hay que amar a la familia, amar al pr\u00f3jimo, amar a la naturaleza y amar a M\u00e9xico, amar a la patria\u201d.<\/p>\n<p class=\"nota-justify\">Poco despu\u00e9s de las 4 de la tarde, la jefa del Ejecutivo federal arrib\u00f3 al plantel escolar, donde entreg\u00f3 las primeras tarjetas de esta beca, cuyos recursos se distribuir\u00e1n en agosto, para adquirir los uniformes del pr\u00f3ximo ciclo escolar.<\/p>\n<p class=\"nota-justify\">Junto con el resto de becas, algunas definidas desde el sexenio anterior, subray\u00f3 que \u201cdesde preescolar hasta universidad, las familias tengan lo m\u00ednimo indispensable para poder llevar a sus hijas y a sus hijos a la escuela. Ese es el regalo que les damos hoy 30 de abril, d\u00eda del ni\u00f1o y de la ni\u00f1a\u201d.<\/p>\n<p class=\"nota-justify\">Junto con la Gobernadora del estado de M\u00e9xico, Delfina G\u00f3mez, quien previo a la llegada de la presidenta record\u00f3 su \u00e9poca como docente y orquest\u00f3 la lectura de un cuento a manera de juego con el alumnado, el Secretario de Educaci\u00f3n record\u00f3 que la beca Rita Cetina para para uniformes y \u00fatiles escolares beneficiar\u00e1 a 9 millones de estudiantes de primera, quienes recibir\u00e1n un monto \u00fanico de 2 mil 500 pesos a partir de agosto, que deber\u00e1 destinarse para ese fin.<\/p>\n<p class=\"nota-justify\">Aunque el acto fue breve, Sheinbaum Pardo dedic\u00f3 tiempo tambi\u00e9n para atender las peticiones de fotograf\u00edas de los estudiantes.<\/p>\n","protected":false},"excerpt":{"rendered":"<p>Durante la entrega de tarjetas de la beca Rita Cetina para uniformes y \u00fatiles escolares, la presidenta Claudia Sheinbaum llam\u00f3<\/p>\n","protected":false},"author":4,"featured_media":83867,"comment_status":"closed","ping_status":"closed","sticky":false,"template":"","format":"standard","meta":{"colormag_page_container_layout":"default_layout","colormag_page_sidebar_layout":"default_layout","_jetpack_memberships_contains_paid_content":false,"footnotes":"","jetpack_publicize_message":"","jetpack_publicize_feature_enabled":true,"jetpack_social_post_already_shared":true,"jetpack_social_options":{"image_generator_settings":{"template":"highway","default_image_id":0,"font":"","enabled":false},"version":2}},"categories":[33],"tags":[],"class_list":["post-83866","post","type-post","status-publish","format-standard","has-post-thumbnail","hentry","category-nacional"],"jetpack_publicize_connections":[],"jetpack_featured_media_url":"https:\/\/i0.wp.com\/politicosaldesnudo.com.mx\/wp-content\/uploads\/2026\/04\/PUNAYRI.webp?fit=1200%2C786&ssl=1","jetpack-related-posts":[],"jetpack_sharing_enabled":true,"_links":{"self":[{"href":"https:\/\/politicosaldesnudo.com.mx\/index.php\/wp-json\/wp\/v2\/posts\/83866","targetHints":{"allow":["GET"]}}],"collection":[{"href":"https:\/\/politicosaldesnudo.com.mx\/index.php\/wp-json\/wp\/v2\/posts"}],"about":[{"href":"https:\/\/politicosaldesnudo.com.mx\/index.php\/wp-json\/wp\/v2\/types\/post"}],"author":[{"embeddable":true,"href":"https:\/\/politicosaldesnudo.com.mx\/index.php\/wp-json\/wp\/v2\/users\/4"}],"replies":[{"embeddable":true,"href":"https:\/\/politicosaldesnudo.com.mx\/index.php\/wp-json\/wp\/v2\/comments?post=83866"}],"version-history":[{"count":1,"href":"https:\/\/politicosaldesnudo.com.mx\/index.php\/wp-json\/wp\/v2\/posts\/83866\/revisions"}],"predecessor-version":[{"id":83868,"href":"https:\/\/politicosaldesnudo.com.mx\/index.php\/wp-json\/wp\/v2\/posts\/83866\/revisions\/83868"}],"wp:featuredmedia":[{"embeddable":true,"href":"https:\/\/politicosaldesnudo.com.mx\/index.php\/wp-json\/wp\/v2\/media\/83867"}],"wp:attachment":[{"href":"https:\/\/politicosaldesnudo.com.mx\/index.php\/wp-json\/wp\/v2\/media?parent=83866"}],"wp:term":[{"taxonomy":"category","embeddable":true,"href":"https:\/\/politicosaldesnudo.com.mx\/index.php\/wp-json\/wp\/v2\/categories?post=83866"},{"taxonomy":"post_tag","embeddable":true,"href":"https:\/\/politicosaldesnudo.com.mx\/index.php\/wp-json\/wp\/v2\/tags?post=83866"}],"curies":[{"name":"wp","href":"https:\/\/api.w.org\/{rel}","templated":true}]}}