{"id":83872,"date":"2026-05-01T00:08:38","date_gmt":"2026-05-01T06:08:38","guid":{"rendered":"https:\/\/politicosaldesnudo.com.mx\/?p=83872"},"modified":"2026-04-30T23:11:58","modified_gmt":"2026-05-01T05:11:58","slug":"ine-y-organismos-electorales-enfrentan-retos-digitales-en-democracia-mexicana-estudio","status":"publish","type":"post","link":"https:\/\/politicosaldesnudo.com.mx\/index.php\/2026\/05\/01\/ine-y-organismos-electorales-enfrentan-retos-digitales-en-democracia-mexicana-estudio\/","title":{"rendered":"INE y organismos electorales enfrentan retos digitales en democracia mexicana: estudio"},"content":{"rendered":"<p class=\"nota-justify\" data-start=\"20\" data-end=\"496\">M\u00e9xico ha transitado en las \u00faltimas tres d\u00e9cadas de un modelo electoral basado en la desconfianza hacia un sistema interconectado y tecnol\u00f3gicamente mediado, en el que el Instituto Nacional Electoral y los Organismos P\u00fablicos Locales redefinen sus roles, no s\u00f3lo como garantes del voto, sino tambi\u00e9n como actores en la gobernanza digital, a fin de afrontar fen\u00f3menos como la desinformaci\u00f3n, la violencia pol\u00edtica en l\u00ednea y la hiperfragmentaci\u00f3n del debate p\u00fablico.<\/p>\n<p class=\"nota-justify\" data-start=\"498\" data-end=\"742\">El estudio \u201cM\u00e9xico: modelo de institucionalidad, normativa y participaci\u00f3n ciudadana\u201d, de la International IDEA, ubica al pa\u00eds como referente regional en la construcci\u00f3n de un ecosistema democr\u00e1tico s\u00f3lido y resiliente.<\/p>\n<p class=\"nota-justify\" data-start=\"744\" data-end=\"1194\">Con la participaci\u00f3n de las consejeras Norma De La Cruz Maga\u00f1a y Carla Humphrey Jordan, as\u00ed como de directivos y titulares de unidades t\u00e9cnicas y de la Coordinadora de Asuntos Internacionales, Arlene Cabral Porchas, se destac\u00f3 que el ecosistema electoral mexicano se caracteriza por la interacci\u00f3n entre instituciones, partidos pol\u00edticos, plataformas digitales, medios de comunicaci\u00f3n y sociedad civil.<\/p>\n<p class=\"nota-justify\" data-start=\"1196\" data-end=\"1327\">Tambi\u00e9n se resaltaron alianzas con empresas tecnol\u00f3gicas y medios para detectar y retirar contenidos desinformativos o violentos.<\/p>\n<p class=\"nota-justify\" data-start=\"1329\" data-end=\"1630\">No obstante, el estudio advierte que persisten vulnerabilidades como la manipulaci\u00f3n algor\u00edtmica, la concentraci\u00f3n medi\u00e1tica y la violencia contra periodistas, lo que obliga a diversificar el ecosistema informativo y fortalecer la alfabetizaci\u00f3n medi\u00e1tica para garantizar un voto informado y plural.<\/p>\n<p class=\"nota-justify\" data-start=\"1632\" data-end=\"2018\">En materia de g\u00e9nero, se\u00f1ala que la violencia pol\u00edtica en raz\u00f3n de g\u00e9nero sigue siendo un desaf\u00edo cr\u00edtico en M\u00e9xico. Si bien las reformas constitucionales de 2014 y 2019 consolidaron la paridad en el sistema electoral \u2014colocando al pa\u00eds entre los m\u00e1s avanzados de la regi\u00f3n\u2014, a\u00fan se requieren medidas para evitar simulaciones partidarias y garantizar procesos libres de este fen\u00f3meno.<\/p>\n","protected":false},"excerpt":{"rendered":"<p>M\u00e9xico ha transitado en las \u00faltimas tres d\u00e9cadas de un modelo electoral basado en la desconfianza hacia un sistema interconectado<\/p>\n","protected":false},"author":4,"featured_media":83873,"comment_status":"closed","ping_status":"closed","sticky":false,"template":"","format":"standard","meta":{"colormag_page_container_layout":"default_layout","colormag_page_sidebar_layout":"default_layout","_jetpack_memberships_contains_paid_content":false,"footnotes":"","jetpack_publicize_message":"","jetpack_publicize_feature_enabled":true,"jetpack_social_post_already_shared":true,"jetpack_social_options":{"image_generator_settings":{"template":"highway","default_image_id":0,"font":"","enabled":false},"version":2}},"categories":[33],"tags":[],"class_list":["post-83872","post","type-post","status-publish","format-standard","has-post-thumbnail","hentry","category-nacional"],"jetpack_publicize_connections":[],"jetpack_featured_media_url":"https:\/\/i0.wp.com\/politicosaldesnudo.com.mx\/wp-content\/uploads\/2026\/04\/INI.webp?fit=1200%2C799&ssl=1","jetpack-related-posts":[],"jetpack_sharing_enabled":true,"_links":{"self":[{"href":"https:\/\/politicosaldesnudo.com.mx\/index.php\/wp-json\/wp\/v2\/posts\/83872","targetHints":{"allow":["GET"]}}],"collection":[{"href":"https:\/\/politicosaldesnudo.com.mx\/index.php\/wp-json\/wp\/v2\/posts"}],"about":[{"href":"https:\/\/politicosaldesnudo.com.mx\/index.php\/wp-json\/wp\/v2\/types\/post"}],"author":[{"embeddable":true,"href":"https:\/\/politicosaldesnudo.com.mx\/index.php\/wp-json\/wp\/v2\/users\/4"}],"replies":[{"embeddable":true,"href":"https:\/\/politicosaldesnudo.com.mx\/index.php\/wp-json\/wp\/v2\/comments?post=83872"}],"version-history":[{"count":1,"href":"https:\/\/politicosaldesnudo.com.mx\/index.php\/wp-json\/wp\/v2\/posts\/83872\/revisions"}],"predecessor-version":[{"id":83874,"href":"https:\/\/politicosaldesnudo.com.mx\/index.php\/wp-json\/wp\/v2\/posts\/83872\/revisions\/83874"}],"wp:featuredmedia":[{"embeddable":true,"href":"https:\/\/politicosaldesnudo.com.mx\/index.php\/wp-json\/wp\/v2\/media\/83873"}],"wp:attachment":[{"href":"https:\/\/politicosaldesnudo.com.mx\/index.php\/wp-json\/wp\/v2\/media?parent=83872"}],"wp:term":[{"taxonomy":"category","embeddable":true,"href":"https:\/\/politicosaldesnudo.com.mx\/index.php\/wp-json\/wp\/v2\/categories?post=83872"},{"taxonomy":"post_tag","embeddable":true,"href":"https:\/\/politicosaldesnudo.com.mx\/index.php\/wp-json\/wp\/v2\/tags?post=83872"}],"curies":[{"name":"wp","href":"https:\/\/api.w.org\/{rel}","templated":true}]}}