{"id":83896,"date":"2026-05-01T00:16:12","date_gmt":"2026-05-01T06:16:12","guid":{"rendered":"https:\/\/politicosaldesnudo.com.mx\/?p=83896"},"modified":"2026-04-30T23:51:17","modified_gmt":"2026-05-01T05:51:17","slug":"movimiento-de-pueblos-de-atenco-celebra-fallo-pro-conservacion-del-lago-de-texcoco","status":"publish","type":"post","link":"https:\/\/politicosaldesnudo.com.mx\/index.php\/2026\/05\/01\/movimiento-de-pueblos-de-atenco-celebra-fallo-pro-conservacion-del-lago-de-texcoco\/","title":{"rendered":"Movimiento de pueblos de Atenco celebra fallo pro conservaci\u00f3n del Lago de Texcoco"},"content":{"rendered":"<p class=\"nota-justify\">El Frente de Pueblos en Defensa de la Tierra (FPDT) de San Salvador Atenco consider\u00f3 que el fallo que determin\u00f3 hoy la Suprema Corte de Justicia de la Naci\u00f3n (SCJN) nuevamente a favor de la constitucionalidad del decreto del \u00c1rea Natural Protegida, Lago de Texcoco, ratificando as\u00ed el decreto emitido el 22 de marzo del 2022 por el presidente Andr\u00e9s Manuel L\u00f3pez Obrador; es un nuevo mensaje de que ese sitio debe responder al beneficio y funcionalidad en el \u00e1mbito ambiental para el pueblo de M\u00e9xico y no para el desarrollo inmobiliario e industrial que favorece s\u00f3lo a unos cuantos.<\/p>\n<p class=\"nota-justify\">En un pronunciamiento, el FPDT explic\u00f3 que el d\u00eda de hoy en la sesi\u00f3n el pleno de la SCJN, por tercera vez y por unanimidad de votos; fall\u00f3 en favor de la protecci\u00f3n del decreto.<\/p>\n<p class=\"nota-justify\">\u201cEn la sesi\u00f3n del pleno se ratific\u00f3 tambi\u00e9n que el decreto de declaratoria que establece al Lago de Texcoco como \u00e1rea natural protegida no es de car\u00e1cter expropiatorio sino normativo, por lo que las propiedades al interior de esta \u00e1rea se encuentran salvaguardadas, en respeto pleno a sus derechos\u201d, dijo.<\/p>\n<p class=\"nota-justify\">El movimiento atenquense expuso que con este nuevo fallo, la SCJN ratifica que la vocaci\u00f3n del \u00e1rea correspondiente al Lago de Texcoco es la de la protecci\u00f3n, resguardo y restauraci\u00f3n del medio ambiente, fortaleciendo derechos en beneficio no solo de las comunidades del municipio de Atenco y del oriente del estado de M\u00e9xico, sino del conjunto del Valle de M\u00e9xico, lo que representa una poblaci\u00f3n de 25 millones de habitantes.<\/p>\n<p class=\"nota-justify\">\u201cPara el Frente de Pueblos en Defensa de la Tierra, la organizaci\u00f3n comunitaria de Atenco nacida para la defensa de su territorio y el Lago de Texcoco, este fallo de la SCJN es un nuevo mensaje de que ese sitio debe responder al beneficio y funcionalidad en el \u00e1mbito ambiental para el pueblo de M\u00e9xico y no para el desarrollo inmobiliario e industrial que favorece s\u00f3lo a unos cuantos, los due\u00f1os del dinero, como se pretendi\u00f3 y sigue pretendi\u00e9ndose de alguna forma desde hace m\u00e1s de dos d\u00e9cadas cuando Vicente Fox anunci\u00f3 que en esos terrenos se construir\u00eda el nuevo aeropuerto de M\u00e9xico (NAIM)\u201d, difundi\u00f3.<\/p>\n","protected":false},"excerpt":{"rendered":"<p>El Frente de Pueblos en Defensa de la Tierra (FPDT) de San Salvador Atenco consider\u00f3 que el fallo que determin\u00f3<\/p>\n","protected":false},"author":4,"featured_media":83897,"comment_status":"closed","ping_status":"closed","sticky":false,"template":"","format":"standard","meta":{"colormag_page_container_layout":"default_layout","colormag_page_sidebar_layout":"default_layout","_jetpack_memberships_contains_paid_content":false,"footnotes":"","jetpack_publicize_message":"","jetpack_publicize_feature_enabled":true,"jetpack_social_post_already_shared":true,"jetpack_social_options":{"image_generator_settings":{"template":"highway","default_image_id":0,"font":"","enabled":false},"version":2}},"categories":[30],"tags":[],"class_list":["post-83896","post","type-post","status-publish","format-standard","has-post-thumbnail","hentry","category-estados"],"jetpack_publicize_connections":[],"jetpack_featured_media_url":"https:\/\/i0.wp.com\/politicosaldesnudo.com.mx\/wp-content\/uploads\/2026\/04\/SIQUEHA.webp?fit=1200%2C900&ssl=1","jetpack-related-posts":[],"jetpack_sharing_enabled":true,"_links":{"self":[{"href":"https:\/\/politicosaldesnudo.com.mx\/index.php\/wp-json\/wp\/v2\/posts\/83896","targetHints":{"allow":["GET"]}}],"collection":[{"href":"https:\/\/politicosaldesnudo.com.mx\/index.php\/wp-json\/wp\/v2\/posts"}],"about":[{"href":"https:\/\/politicosaldesnudo.com.mx\/index.php\/wp-json\/wp\/v2\/types\/post"}],"author":[{"embeddable":true,"href":"https:\/\/politicosaldesnudo.com.mx\/index.php\/wp-json\/wp\/v2\/users\/4"}],"replies":[{"embeddable":true,"href":"https:\/\/politicosaldesnudo.com.mx\/index.php\/wp-json\/wp\/v2\/comments?post=83896"}],"version-history":[{"count":1,"href":"https:\/\/politicosaldesnudo.com.mx\/index.php\/wp-json\/wp\/v2\/posts\/83896\/revisions"}],"predecessor-version":[{"id":83898,"href":"https:\/\/politicosaldesnudo.com.mx\/index.php\/wp-json\/wp\/v2\/posts\/83896\/revisions\/83898"}],"wp:featuredmedia":[{"embeddable":true,"href":"https:\/\/politicosaldesnudo.com.mx\/index.php\/wp-json\/wp\/v2\/media\/83897"}],"wp:attachment":[{"href":"https:\/\/politicosaldesnudo.com.mx\/index.php\/wp-json\/wp\/v2\/media?parent=83896"}],"wp:term":[{"taxonomy":"category","embeddable":true,"href":"https:\/\/politicosaldesnudo.com.mx\/index.php\/wp-json\/wp\/v2\/categories?post=83896"},{"taxonomy":"post_tag","embeddable":true,"href":"https:\/\/politicosaldesnudo.com.mx\/index.php\/wp-json\/wp\/v2\/tags?post=83896"}],"curies":[{"name":"wp","href":"https:\/\/api.w.org\/{rel}","templated":true}]}}