{"id":83908,"date":"2026-05-01T00:20:22","date_gmt":"2026-05-01T06:20:22","guid":{"rendered":"https:\/\/politicosaldesnudo.com.mx\/?p=83908"},"modified":"2026-04-30T23:57:34","modified_gmt":"2026-05-01T05:57:34","slug":"eu-lanza-advertencia-a-aliados-por-apoyar-maniobra-de-flotilla-de-ayuda-a-gaza","status":"publish","type":"post","link":"https:\/\/politicosaldesnudo.com.mx\/index.php\/2026\/05\/01\/eu-lanza-advertencia-a-aliados-por-apoyar-maniobra-de-flotilla-de-ayuda-a-gaza\/","title":{"rendered":"EU lanza advertencia a aliados por apoyar \u00abmaniobra\u00bb de flotilla de ayuda a Gaza"},"content":{"rendered":"<p class=\"nota-justify\">Estados Unidos respald\u00f3 este jueves a Israel despu\u00e9s de que su ej\u00e9rcito intercept\u00f3 una flotilla de ayuda destinada a Gaza y advirti\u00f3 a los aliados europeos, desde cuyos territorios zarparon los barcos, de no brindar apoyo a esta \u00abmaniobra pol\u00edtica\u00bb.<\/p>\n<p class=\"nota-justify\">El portavoz de la diplomacia estadunidense, Tommy Pigott, conden\u00f3 lo que consider\u00f3 una iniciativa a favor del movimiento islamista palestino Hamas. \u00abEstados Unidos espera que todos nuestros aliados (&#8230;) adopten medidas contundentes contra esta in\u00fatil maniobra pol\u00edtica, negando el acceso a puertos, el atraque, la salida y el repostaje a los buques que participen en la flotilla\u00bb.<\/p>\n<p class=\"nota-justify\">\u00abEstados Unidos estudiar\u00e1 el uso de las herramientas disponibles para imponer consecuencias a quienes presten apoyo a esta flotilla pro-Hamas y respalda las acciones legales de nuestros aliados en su contra\u00bb, agreg\u00f3.<\/p>\n<p class=\"nota-justify\">Los organizadores de la\u00a0<i>Flotilla Global Sumud\u00a0<\/i>afirmaron que 211 personas fueron detenidas por Israel, incluida una concejala del Ayuntamiento de Par\u00eds, en aguas internacionales frente a la isla griega de Creta.<\/p>\n","protected":false},"excerpt":{"rendered":"<p>Estados Unidos respald\u00f3 este jueves a Israel despu\u00e9s de que su ej\u00e9rcito intercept\u00f3 una flotilla de ayuda destinada a Gaza<\/p>\n","protected":false},"author":4,"featured_media":83909,"comment_status":"closed","ping_status":"closed","sticky":false,"template":"","format":"standard","meta":{"colormag_page_container_layout":"default_layout","colormag_page_sidebar_layout":"default_layout","_jetpack_memberships_contains_paid_content":false,"footnotes":"","jetpack_publicize_message":"","jetpack_publicize_feature_enabled":true,"jetpack_social_post_already_shared":true,"jetpack_social_options":{"image_generator_settings":{"template":"highway","default_image_id":0,"font":"","enabled":false},"version":2}},"categories":[28],"tags":[],"class_list":["post-83908","post","type-post","status-publish","format-standard","has-post-thumbnail","hentry","category-internacional"],"jetpack_publicize_connections":[],"jetpack_featured_media_url":"https:\/\/i0.wp.com\/politicosaldesnudo.com.mx\/wp-content\/uploads\/2026\/04\/ACUS.webp?fit=1200%2C800&ssl=1","jetpack-related-posts":[],"jetpack_sharing_enabled":true,"_links":{"self":[{"href":"https:\/\/politicosaldesnudo.com.mx\/index.php\/wp-json\/wp\/v2\/posts\/83908","targetHints":{"allow":["GET"]}}],"collection":[{"href":"https:\/\/politicosaldesnudo.com.mx\/index.php\/wp-json\/wp\/v2\/posts"}],"about":[{"href":"https:\/\/politicosaldesnudo.com.mx\/index.php\/wp-json\/wp\/v2\/types\/post"}],"author":[{"embeddable":true,"href":"https:\/\/politicosaldesnudo.com.mx\/index.php\/wp-json\/wp\/v2\/users\/4"}],"replies":[{"embeddable":true,"href":"https:\/\/politicosaldesnudo.com.mx\/index.php\/wp-json\/wp\/v2\/comments?post=83908"}],"version-history":[{"count":1,"href":"https:\/\/politicosaldesnudo.com.mx\/index.php\/wp-json\/wp\/v2\/posts\/83908\/revisions"}],"predecessor-version":[{"id":83910,"href":"https:\/\/politicosaldesnudo.com.mx\/index.php\/wp-json\/wp\/v2\/posts\/83908\/revisions\/83910"}],"wp:featuredmedia":[{"embeddable":true,"href":"https:\/\/politicosaldesnudo.com.mx\/index.php\/wp-json\/wp\/v2\/media\/83909"}],"wp:attachment":[{"href":"https:\/\/politicosaldesnudo.com.mx\/index.php\/wp-json\/wp\/v2\/media?parent=83908"}],"wp:term":[{"taxonomy":"category","embeddable":true,"href":"https:\/\/politicosaldesnudo.com.mx\/index.php\/wp-json\/wp\/v2\/categories?post=83908"},{"taxonomy":"post_tag","embeddable":true,"href":"https:\/\/politicosaldesnudo.com.mx\/index.php\/wp-json\/wp\/v2\/tags?post=83908"}],"curies":[{"name":"wp","href":"https:\/\/api.w.org\/{rel}","templated":true}]}}