{"id":83911,"date":"2026-05-01T00:02:12","date_gmt":"2026-05-01T06:02:12","guid":{"rendered":"https:\/\/politicosaldesnudo.com.mx\/?p=83911"},"modified":"2026-05-01T00:02:12","modified_gmt":"2026-05-01T06:02:12","slug":"caso-sinaloa-alcanza-a-veracruzano","status":"publish","type":"post","link":"https:\/\/politicosaldesnudo.com.mx\/index.php\/2026\/05\/01\/caso-sinaloa-alcanza-a-veracruzano\/","title":{"rendered":"Caso Sinaloa alcanza a veracruzano"},"content":{"rendered":"<p><span style=\"font-family: arial, helvetica, sans-serif; font-size: 18pt;\"><strong>ALMA GRANDE<\/strong><\/span><\/p>\n<p><span style=\"font-family: arial, helvetica, sans-serif; font-size: 18pt;\"><strong>POR \u00c1NGEL \u00c1LVARO PE\u00d1A<\/strong><\/span><\/p>\n<p><span style=\"font-family: arial, helvetica, sans-serif; font-size: 14pt;\">La relaci\u00f3n entre M\u00e9xico y Estados Unidos vuelve a colocarse en una zona delicada, no por un diferendo comercial o migratorio, sino por algo m\u00e1s sensible: la justicia y la soberan\u00eda. Las acusaciones del Departamento de Justicia estadounidense contra diez ciudadanos mexicanos \u2014entre ellos un gobernador en funciones\u2014 no solo sacuden a la clase pol\u00edtica, tambi\u00e9n obligan a revisar, con lupa, los l\u00edmites de la cooperaci\u00f3n bilateral.<\/span><\/p>\n<p><span style=\"font-family: arial, helvetica, sans-serif; font-size: 14pt;\">La postura de la presidenta Claudia Sheinbaum Pardo ha sido clara en el discurso: apego irrestricto a la ley mexicana, cero encubrimientos y una l\u00ednea firme contra cualquier intento de injerencia extranjera. El mensaje busca equilibrio: ni sumisi\u00f3n ni confrontaci\u00f3n abierta. Sin embargo, en la pr\u00e1ctica, ese equilibrio es m\u00e1s fr\u00e1gil de lo que parece.<\/span><\/p>\n<p><span style=\"font-family: arial, helvetica, sans-serif; font-size: 14pt;\">El primer punto de tensi\u00f3n est\u00e1 en la forma. Que las autoridades estadounidenses hayan hecho p\u00fablicas las acusaciones, incluyendo figuras como Rub\u00e9n Rocha Moya, antes de que el proceso de extradici\u00f3n avanzara conforme a los canales diplom\u00e1ticos, rompe con los principios de confidencialidad que rigen este tipo de procedimientos. No es un detalle menor: exhibe una narrativa unilateral que coloca a M\u00e9xico a la defensiva desde el inicio.<\/span><\/p>\n<p><span style=\"font-family: arial, helvetica, sans-serif; font-size: 14pt;\">Pero el fondo del asunto es a\u00fan m\u00e1s complejo. La fiscal\u00eda general de la Rep\u00fablica tiene ahora la responsabilidad de determinar si existen elementos suficientes para proceder. No basta con se\u00f1alamientos ni con el peso pol\u00edtico de quien los emite; el sistema legal mexicano exige pruebas. Y ah\u00ed se juega algo m\u00e1s que un caso: se pone a prueba la credibilidad institucional.<\/span><\/p>\n<p><span style=\"font-family: arial, helvetica, sans-serif; font-size: 14pt;\">La frase presidencial \u2014\u201cno vamos a cubrir a nadie\u201d\u2014 es pol\u00edticamente correcta, pero tambi\u00e9n comprometedora. Porque si las investigaciones avanzan y encuentran sustento, el costo ser\u00e1 interno, golpeando directamente a estructuras de poder. Y si no lo hacen, M\u00e9xico deber\u00e1 sostener, con argumentos s\u00f3lidos, que las imputaciones carecen de fundamento, incluso frente a la presi\u00f3n internacional.<\/span><\/p>\n<p><span style=\"font-family: arial, helvetica, sans-serif; font-size: 14pt;\">En este escenario aparece un elemento adicional que conecta lo global con lo local: el nombre de Gerardo M\u00e9rida S\u00e1nchez. Originario de Poza Rica, su inclusi\u00f3n en el contexto de se\u00f1alamientos abre una dimensi\u00f3n distinta del problema. Ya no se trata<\/span><\/p>\n<p><span style=\"font-family: arial, helvetica, sans-serif; font-size: 14pt;\">solo de figuras lejanas, sino de perfiles con ra\u00edces en comunidades espec\u00edficas, donde la percepci\u00f3n p\u00fablica puede cambiar de manera abrupta.<\/span><\/p>\n<p><span style=\"font-family: arial, helvetica, sans-serif; font-size: 14pt;\">El caso tambi\u00e9n expone una constante inc\u00f3moda: la dependencia narrativa. Cuando las acusaciones provienen del extranjero, adquieren autom\u00e1ticamente un peso medi\u00e1tico mayor, incluso antes de ser procesadas en tribunales mexicanos. Eso refleja una debilidad estructural: la falta de confianza plena en las propias instituciones de justicia.<\/span><\/p>\n<p><span style=\"font-family: arial, helvetica, sans-serif; font-size: 14pt;\">La presidenta ha insistido en que la relaci\u00f3n con otros pa\u00edses debe darse en condiciones de igualdad. El principio es correcto, pero su aplicaci\u00f3n exige algo m\u00e1s que declaraciones. Requiere instituciones s\u00f3lidas, investigaciones cre\u00edbles y decisiones que resistan tanto la presi\u00f3n externa como el c\u00e1lculo pol\u00edtico interno.<\/span><\/p>\n<p><span style=\"font-family: arial, helvetica, sans-serif; font-size: 14pt;\">Lo que est\u00e1 en juego no es \u00fanicamente el futuro de los se\u00f1alados. Es la capacidad del Estado mexicano para demostrar que puede investigar, juzgar y, en su caso, sancionar, sin necesidad de tutelaje. Si lo logra, fortalecer\u00e1 su posici\u00f3n frente al mundo. Si falla, confirmar\u00e1 las sospechas que desde fuera suelen repetirse.<\/span><\/p>\n<p><span style=\"font-family: arial, helvetica, sans-serif; font-size: 14pt;\">La soberan\u00eda no se defiende solo con discursos. Se sostiene con hechos. Y este caso ser\u00e1, inevitablemente, una prueba de ello.<\/span><\/p>\n<p><span style=\"font-family: arial, helvetica, sans-serif; font-size: 14pt;\">Est\u00e1 columna se publica los lunes, mi\u00e9rcoles y viernes.<\/span><\/p>\n<p><img data-recalc-dims=\"1\" loading=\"lazy\" decoding=\"async\" class=\"aligncenter size-full wp-image-83912\" src=\"https:\/\/i0.wp.com\/politicosaldesnudo.com.mx\/wp-content\/uploads\/2026\/05\/FIRMA-EDITORIAL-PD.jpg?resize=800%2C98&#038;ssl=1\" alt=\"\" width=\"800\" height=\"98\" srcset=\"https:\/\/i0.wp.com\/politicosaldesnudo.com.mx\/wp-content\/uploads\/2026\/05\/FIRMA-EDITORIAL-PD.jpg?w=1024&amp;ssl=1 1024w, https:\/\/i0.wp.com\/politicosaldesnudo.com.mx\/wp-content\/uploads\/2026\/05\/FIRMA-EDITORIAL-PD.jpg?resize=300%2C37&amp;ssl=1 300w, https:\/\/i0.wp.com\/politicosaldesnudo.com.mx\/wp-content\/uploads\/2026\/05\/FIRMA-EDITORIAL-PD.jpg?resize=768%2C94&amp;ssl=1 768w\" sizes=\"auto, (max-width: 800px) 100vw, 800px\" \/><\/p>\n","protected":false},"excerpt":{"rendered":"<p>ALMA GRANDE POR \u00c1NGEL \u00c1LVARO PE\u00d1A La relaci\u00f3n entre M\u00e9xico y Estados Unidos vuelve a colocarse en una zona delicada,<\/p>\n","protected":false},"author":4,"featured_media":83913,"comment_status":"closed","ping_status":"closed","sticky":false,"template":"","format":"standard","meta":{"colormag_page_container_layout":"default_layout","colormag_page_sidebar_layout":"default_layout","_jetpack_memberships_contains_paid_content":false,"footnotes":"","jetpack_publicize_message":"","jetpack_publicize_feature_enabled":true,"jetpack_social_post_already_shared":true,"jetpack_social_options":{"image_generator_settings":{"template":"highway","default_image_id":0,"font":"","enabled":false},"version":2}},"categories":[26],"tags":[],"class_list":["post-83911","post","type-post","status-publish","format-standard","has-post-thumbnail","hentry","category-columnistas"],"jetpack_publicize_connections":[],"jetpack_featured_media_url":"https:\/\/i0.wp.com\/politicosaldesnudo.com.mx\/wp-content\/uploads\/2026\/05\/BANNER-LOPEZ-DORIGA-DIGITAL.jpg?fit=800%2C445&ssl=1","jetpack-related-posts":[],"jetpack_sharing_enabled":true,"_links":{"self":[{"href":"https:\/\/politicosaldesnudo.com.mx\/index.php\/wp-json\/wp\/v2\/posts\/83911","targetHints":{"allow":["GET"]}}],"collection":[{"href":"https:\/\/politicosaldesnudo.com.mx\/index.php\/wp-json\/wp\/v2\/posts"}],"about":[{"href":"https:\/\/politicosaldesnudo.com.mx\/index.php\/wp-json\/wp\/v2\/types\/post"}],"author":[{"embeddable":true,"href":"https:\/\/politicosaldesnudo.com.mx\/index.php\/wp-json\/wp\/v2\/users\/4"}],"replies":[{"embeddable":true,"href":"https:\/\/politicosaldesnudo.com.mx\/index.php\/wp-json\/wp\/v2\/comments?post=83911"}],"version-history":[{"count":1,"href":"https:\/\/politicosaldesnudo.com.mx\/index.php\/wp-json\/wp\/v2\/posts\/83911\/revisions"}],"predecessor-version":[{"id":83914,"href":"https:\/\/politicosaldesnudo.com.mx\/index.php\/wp-json\/wp\/v2\/posts\/83911\/revisions\/83914"}],"wp:featuredmedia":[{"embeddable":true,"href":"https:\/\/politicosaldesnudo.com.mx\/index.php\/wp-json\/wp\/v2\/media\/83913"}],"wp:attachment":[{"href":"https:\/\/politicosaldesnudo.com.mx\/index.php\/wp-json\/wp\/v2\/media?parent=83911"}],"wp:term":[{"taxonomy":"category","embeddable":true,"href":"https:\/\/politicosaldesnudo.com.mx\/index.php\/wp-json\/wp\/v2\/categories?post=83911"},{"taxonomy":"post_tag","embeddable":true,"href":"https:\/\/politicosaldesnudo.com.mx\/index.php\/wp-json\/wp\/v2\/tags?post=83911"}],"curies":[{"name":"wp","href":"https:\/\/api.w.org\/{rel}","templated":true}]}}