{"id":83915,"date":"2026-05-02T00:01:27","date_gmt":"2026-05-02T06:01:27","guid":{"rendered":"https:\/\/politicosaldesnudo.com.mx\/?p=83915"},"modified":"2026-05-01T22:02:56","modified_gmt":"2026-05-02T04:02:56","slug":"avanza-electrificacion-en-la-colonia-la-luna","status":"publish","type":"post","link":"https:\/\/politicosaldesnudo.com.mx\/index.php\/2026\/05\/02\/avanza-electrificacion-en-la-colonia-la-luna\/","title":{"rendered":"Avanza electrificaci\u00f3n en la colonia La Luna"},"content":{"rendered":"<p>La colonia La Luna registra un importante avance en materia de servicios b\u00e1sicos, luego de que 99 familias lograran acceder al proceso para contar con energ\u00eda el\u00e9ctrica en sus viviendas, como resultado de las gestiones realizadas por el Ayuntamiento de Tuxpan.<\/p>\n<p>Durante un recorrido por la zona, el regidor segundo, Zabdiel Eli Reyes Melchor, destac\u00f3 que este logro forma parte del compromiso de la actual administraci\u00f3n municipal por atender de manera directa las necesidades de la poblaci\u00f3n, especialmente en sectores que por a\u00f1os permanecieron en rezago.<\/p>\n<p>El edil se\u00f1al\u00f3 que estas acciones responden a la visi\u00f3n del alcalde Daniel Cortina Mart\u00ednez, quien ha impulsado un trabajo enfocado en dar continuidad a obras y generar soluciones concretas que impacten en la calidad de vida de las familias.<\/p>\n<p>Asimismo, subray\u00f3 que la electrificaci\u00f3n representa m\u00e1s que un servicio b\u00e1sico, ya que contribuye a mejorar la seguridad, impulsar el desarrollo y brindar mejores condiciones de bienestar a los habitantes.<\/p>\n<p>Vecinos de la colonia expresaron su satisfacci\u00f3n ante este avance, asegurando que contar con energ\u00eda el\u00e9ctrica abre nuevas oportunidades para sus hogares y facilita sus actividades cotidianas.<\/p>\n","protected":false},"excerpt":{"rendered":"<p>La colonia La Luna registra un importante avance en materia de servicios b\u00e1sicos, luego de que 99 familias lograran acceder<\/p>\n","protected":false},"author":4,"featured_media":83916,"comment_status":"closed","ping_status":"closed","sticky":false,"template":"","format":"standard","meta":{"colormag_page_container_layout":"default_layout","colormag_page_sidebar_layout":"default_layout","_jetpack_memberships_contains_paid_content":false,"footnotes":"","jetpack_publicize_message":"","jetpack_publicize_feature_enabled":true,"jetpack_social_post_already_shared":true,"jetpack_social_options":{"image_generator_settings":{"template":"highway","default_image_id":0,"font":"","enabled":false},"version":2}},"categories":[1082],"tags":[],"class_list":["post-83915","post","type-post","status-publish","format-standard","has-post-thumbnail","hentry","category-tuxpan"],"jetpack_publicize_connections":[],"jetpack_featured_media_url":"https:\/\/i0.wp.com\/politicosaldesnudo.com.mx\/wp-content\/uploads\/2026\/05\/ELEC.jpg?fit=926%2C490&ssl=1","jetpack-related-posts":[],"jetpack_sharing_enabled":true,"_links":{"self":[{"href":"https:\/\/politicosaldesnudo.com.mx\/index.php\/wp-json\/wp\/v2\/posts\/83915","targetHints":{"allow":["GET"]}}],"collection":[{"href":"https:\/\/politicosaldesnudo.com.mx\/index.php\/wp-json\/wp\/v2\/posts"}],"about":[{"href":"https:\/\/politicosaldesnudo.com.mx\/index.php\/wp-json\/wp\/v2\/types\/post"}],"author":[{"embeddable":true,"href":"https:\/\/politicosaldesnudo.com.mx\/index.php\/wp-json\/wp\/v2\/users\/4"}],"replies":[{"embeddable":true,"href":"https:\/\/politicosaldesnudo.com.mx\/index.php\/wp-json\/wp\/v2\/comments?post=83915"}],"version-history":[{"count":1,"href":"https:\/\/politicosaldesnudo.com.mx\/index.php\/wp-json\/wp\/v2\/posts\/83915\/revisions"}],"predecessor-version":[{"id":83917,"href":"https:\/\/politicosaldesnudo.com.mx\/index.php\/wp-json\/wp\/v2\/posts\/83915\/revisions\/83917"}],"wp:featuredmedia":[{"embeddable":true,"href":"https:\/\/politicosaldesnudo.com.mx\/index.php\/wp-json\/wp\/v2\/media\/83916"}],"wp:attachment":[{"href":"https:\/\/politicosaldesnudo.com.mx\/index.php\/wp-json\/wp\/v2\/media?parent=83915"}],"wp:term":[{"taxonomy":"category","embeddable":true,"href":"https:\/\/politicosaldesnudo.com.mx\/index.php\/wp-json\/wp\/v2\/categories?post=83915"},{"taxonomy":"post_tag","embeddable":true,"href":"https:\/\/politicosaldesnudo.com.mx\/index.php\/wp-json\/wp\/v2\/tags?post=83915"}],"curies":[{"name":"wp","href":"https:\/\/api.w.org\/{rel}","templated":true}]}}