{"id":83924,"date":"2026-05-02T00:05:25","date_gmt":"2026-05-02T06:05:25","guid":{"rendered":"https:\/\/politicosaldesnudo.com.mx\/?p=83924"},"modified":"2026-05-01T22:13:43","modified_gmt":"2026-05-02T04:13:43","slug":"julio-berdegue-renuncia-a-la-secretaria-de-agricultura-lo-releva-columba-lopez","status":"publish","type":"post","link":"https:\/\/politicosaldesnudo.com.mx\/index.php\/2026\/05\/02\/julio-berdegue-renuncia-a-la-secretaria-de-agricultura-lo-releva-columba-lopez\/","title":{"rendered":"Julio Berdegu\u00e9 renuncia a la Secretar\u00eda de Agricultura; lo releva Columba L\u00f3pez"},"content":{"rendered":"<p class=\"nota-justify\">El Gobierno federal oficializ\u00f3 este viernes la salida de Julio Berdegu\u00e9 de la Secretar\u00eda de Agricultura y Desarrrollo Rural (Sader), y en su lugar la presidenta Claudia Sheinbaum design\u00f3 a Columba Jazm\u00edn L\u00f3pez Guti\u00e9rrez como nueva titular de la dependencia, convirti\u00e9ndose en la primera mujer en dirigir la pol\u00edtica agr\u00edcola mexicana.<\/p>\n<p class=\"nota-justify\">Ingeniera agr\u00f3noma por la Universidad Aut\u00f3noma Metropolitana (UAM) Xochimilco y agroec\u00f3loga con m\u00e1s de 30 a\u00f1os de experiencia, Columba L\u00f3pez fue directora de Medio Ambiente (2016-2018) y de la Comisi\u00f3n de Recursos Naturales y Desarrollo Rural de la Ciudad de M\u00e9xico (2018-2024), durante las administraciones de Sheinbaum como delegada en la alcald\u00eda Tlalpan y Jefa de Gobierno, respectivamente.<\/p>\n<p class=\"nota-justify\">Hasta ayer, se ven\u00eda desempe\u00f1ando como subsecretaria de Inclusi\u00f3n Productiva y Desarrollo Rural de la Secretar\u00eda de Bienestar, donde coordin\u00f3 el programa Sembrando Vida, y en su trayectoria p\u00fablica destaca tambi\u00e9n su desempe\u00f1o como coordinadora de Programas Territoriales de la Sader (2024).<\/p>\n<p class=\"nota-justify\">En un comunicado, el Gobierno federal se\u00f1al\u00f3 que Berdegu\u00e9 continuar\u00e1 asesorando y coordinando temas internacionales del campo de cara a la revisi\u00f3n del acuerdo comercial del T-MEC.<\/p>\n<p class=\"nota-justify\">\u201cDesde esta posici\u00f3n, trabajar\u00e1, entre otros temas, en la protecci\u00f3n de los intereses del campo mexicano frente a Estados Unidos y Canad\u00e1, en el marco de la revisi\u00f3n del T-MEC\u201d, puntualiz\u00f3.<\/p>\n<p class=\"nota-justify\">El ahora ex secretario de Agricultura dijo en su red social que seguir\u00e1 cercano a la presidenta Sheinbaum como parte de su equipo \u201cen las negociaciones internacionales sectoriales\u201d.<\/p>\n<p class=\"nota-justify\">Al despedirse durante la semana del personal de la dependencia y en un breve mensaje que les dirigi\u00f3, Berdegu\u00e9 indic\u00f3 que present\u00f3 su renuncia a la mandataria para asumir el nuevo encargo y coordinar \u201casuntos agroalimentarios\u201d.<\/p>\n<p class=\"nota-justify\">El relevo del ex funcionario se da en un momento clave para el campo mexicano, marcado por el cierre de la frontera norte a las exportaciones de ganado por el gusano barrenador, desde julio de 2025, adem\u00e1s del aumento de las importaciones de granos y oleaginosas \u2013superando las 40 millones de toneladas en 2025.<\/p>\n<p class=\"nota-justify\">Tras un a\u00f1o y siete meses al frente de la Sader, deja el cargo en un contexto de inconformidad generalizada entre productores de ma\u00edz y frijol, quienes incluso hab\u00edan rechazado el di\u00e1logo con \u00e9l por el incumplimiento a sus demandas, previamente pactadas.<\/p>\n<p class=\"nota-justify\">En su red social, Berdegu\u00e9 dijo que desde temprano se comunic\u00f3 con su sucesora Columba L\u00f3pez \u201cpara ofrecerle toda mi colaboraci\u00f3n para una transici\u00f3n ejemplar y para desearle \u00e9xito en este nuevo encargo\u201d.<\/p>\n","protected":false},"excerpt":{"rendered":"<p>El Gobierno federal oficializ\u00f3 este viernes la salida de Julio Berdegu\u00e9 de la Secretar\u00eda de Agricultura y Desarrrollo Rural (Sader),<\/p>\n","protected":false},"author":4,"featured_media":83925,"comment_status":"closed","ping_status":"closed","sticky":false,"template":"","format":"standard","meta":{"colormag_page_container_layout":"default_layout","colormag_page_sidebar_layout":"default_layout","_jetpack_memberships_contains_paid_content":false,"footnotes":"","jetpack_publicize_message":"","jetpack_publicize_feature_enabled":true,"jetpack_social_post_already_shared":true,"jetpack_social_options":{"image_generator_settings":{"template":"highway","default_image_id":0,"font":"","enabled":false},"version":2}},"categories":[33],"tags":[],"class_list":["post-83924","post","type-post","status-publish","format-standard","has-post-thumbnail","hentry","category-nacional"],"jetpack_publicize_connections":[],"jetpack_featured_media_url":"https:\/\/i0.wp.com\/politicosaldesnudo.com.mx\/wp-content\/uploads\/2026\/05\/julio-berdegue-renuncia-a-la-secretaria-de-agricultura-lo-releva-columba-lopez_4f51eabb-7bac-4c3e-ae5d-d56c718279c0_medialjnimgndimagefullsize.webp?fit=1200%2C800&ssl=1","jetpack-related-posts":[],"jetpack_sharing_enabled":true,"_links":{"self":[{"href":"https:\/\/politicosaldesnudo.com.mx\/index.php\/wp-json\/wp\/v2\/posts\/83924","targetHints":{"allow":["GET"]}}],"collection":[{"href":"https:\/\/politicosaldesnudo.com.mx\/index.php\/wp-json\/wp\/v2\/posts"}],"about":[{"href":"https:\/\/politicosaldesnudo.com.mx\/index.php\/wp-json\/wp\/v2\/types\/post"}],"author":[{"embeddable":true,"href":"https:\/\/politicosaldesnudo.com.mx\/index.php\/wp-json\/wp\/v2\/users\/4"}],"replies":[{"embeddable":true,"href":"https:\/\/politicosaldesnudo.com.mx\/index.php\/wp-json\/wp\/v2\/comments?post=83924"}],"version-history":[{"count":1,"href":"https:\/\/politicosaldesnudo.com.mx\/index.php\/wp-json\/wp\/v2\/posts\/83924\/revisions"}],"predecessor-version":[{"id":83926,"href":"https:\/\/politicosaldesnudo.com.mx\/index.php\/wp-json\/wp\/v2\/posts\/83924\/revisions\/83926"}],"wp:featuredmedia":[{"embeddable":true,"href":"https:\/\/politicosaldesnudo.com.mx\/index.php\/wp-json\/wp\/v2\/media\/83925"}],"wp:attachment":[{"href":"https:\/\/politicosaldesnudo.com.mx\/index.php\/wp-json\/wp\/v2\/media?parent=83924"}],"wp:term":[{"taxonomy":"category","embeddable":true,"href":"https:\/\/politicosaldesnudo.com.mx\/index.php\/wp-json\/wp\/v2\/categories?post=83924"},{"taxonomy":"post_tag","embeddable":true,"href":"https:\/\/politicosaldesnudo.com.mx\/index.php\/wp-json\/wp\/v2\/tags?post=83924"}],"curies":[{"name":"wp","href":"https:\/\/api.w.org\/{rel}","templated":true}]}}