{"id":83927,"date":"2026-05-02T00:06:16","date_gmt":"2026-05-02T06:06:16","guid":{"rendered":"https:\/\/politicosaldesnudo.com.mx\/?p=83927"},"modified":"2026-05-01T22:15:23","modified_gmt":"2026-05-02T04:15:23","slug":"sheinbaum-se-compromete-a-recibir-a-representantes-de-la-seccion-7-de-la-cnte-el-11-de-mayo","status":"publish","type":"post","link":"https:\/\/politicosaldesnudo.com.mx\/index.php\/2026\/05\/02\/sheinbaum-se-compromete-a-recibir-a-representantes-de-la-seccion-7-de-la-cnte-el-11-de-mayo\/","title":{"rendered":"Sheinbaum se compromete a recibir a representantes de la secci\u00f3n 7 de la CNTE el 11 de mayo"},"content":{"rendered":"<p class=\"nota-justify\">La presidenta Claudia Sheinbaum Pardo se comprometi\u00f3 este viernes a recibir el pr\u00f3ximo 11 de mayo, a las 16 horas en Palacio Nacional, a representantes de la Secci\u00f3n 7 de Coordinadora Nacional de Trabajadores de la Educaci\u00f3n (CNTE), con el fin de instalar una mesa de di\u00e1logo para atender las demandas pendientes del magisterio disidente en Chiapas.<\/p>\n<p class=\"nota-justify\">El acuerdo se concret\u00f3 luego de que unos 200 profesores de la Secci\u00f3n 7 bloquearon durante varias horas el acceso principal del Aeropuerto Internacional de Palenque en demanda de hablar directamente con la mandataria, que inicia una gira de trabajo por este municipio. A las 15:35 horas, tras arribar a la terminal a\u00e9rea, Sheinbaum sali\u00f3 a dialogar con los manifestantes, recibi\u00f3 el documento que le entregaron y formaliz\u00f3 el compromiso de reunirse con ellos.<\/p>\n<p class=\"nota-justify\">\u201cHan estado trabajando con el secretario de Educaci\u00f3n, Mario Delgado, con el gobernador de Chiapas y ustedes. Presentaron un pliego petitorio la \u00faltima vez que estuve aqu\u00ed. De eso se ha avanzado ya bastante, ya hay varias demandas que se han cumplido y todav\u00eda quedan algunas por cumplir\u201d, expres\u00f3 la presidenta ante los docentes congregados en el acceso al aeropuerto.<\/p>\n<p class=\"nota-justify\">Tras consultar su agenda, confirm\u00f3 la fecha del encuentro: \u201c11 de mayo, si les parece, a las 4 de la tarde. All\u00e1 en la ciudad, en el Palacio. Secci\u00f3n 7\u201d.<\/p>\n<p class=\"nota-justify\">La mandataria tambi\u00e9n aludi\u00f3 al proceso de consulta a las bases sobre temas pendientes. \u201cYo me compromet\u00ed en su momento y no ha iniciado ese proceso de consulta con los maestros y las maestras, consulta a las bases. Pero bueno, ya lo podemos platicar ese d\u00eda\u201d, se\u00f1al\u00f3.<\/p>\n<p class=\"nota-justify\">El secretario general de la Secci\u00f3n 7, Isael Gonz\u00e1lez V\u00e1zquez, hab\u00eda planteado que la exigencia central era obtener una fecha concreta para una mesa tripartita encabezada por la presidenta, con el objetivo de destrabar acuerdos firmados desde la administraci\u00f3n anterior y posteriormente ratificados, pero que \u2014seg\u00fan el magisterio\u2014 a\u00fan no se reflejan en prestaciones laborales, pagos pendientes, creaci\u00f3n de plazas y regularizaci\u00f3n de ascensos y ampliaciones de horas para docentes.<\/p>\n<p class=\"nota-justify\">Al t\u00e9rmino del encuentro, los profesores permitieron el paso de la mandataria y su comitivas y se\u00f1alaron que, adem\u00e1s de la mesa acordada para el 11 de mayo con la Secci\u00f3n 7, sigue pendiente la instalaci\u00f3n de una mesa nacional con representaci\u00f3n del conjunto de la Coordinadora para abordar las demandas generales del movimiento magisterial disidente, como la abrogaci\u00f3n de la reforma a la ley del Issste.<\/p>\n","protected":false},"excerpt":{"rendered":"<p>La presidenta Claudia Sheinbaum Pardo se comprometi\u00f3 este viernes a recibir el pr\u00f3ximo 11 de mayo, a las 16 horas<\/p>\n","protected":false},"author":4,"featured_media":83928,"comment_status":"closed","ping_status":"closed","sticky":false,"template":"","format":"standard","meta":{"colormag_page_container_layout":"default_layout","colormag_page_sidebar_layout":"default_layout","_jetpack_memberships_contains_paid_content":false,"footnotes":"","jetpack_publicize_message":"","jetpack_publicize_feature_enabled":true,"jetpack_social_post_already_shared":true,"jetpack_social_options":{"image_generator_settings":{"template":"highway","default_image_id":0,"font":"","enabled":false},"version":2}},"categories":[33],"tags":[],"class_list":["post-83927","post","type-post","status-publish","format-standard","has-post-thumbnail","hentry","category-nacional"],"jetpack_publicize_connections":[],"jetpack_featured_media_url":"https:\/\/i0.wp.com\/politicosaldesnudo.com.mx\/wp-content\/uploads\/2026\/05\/sheinbaum-se-comprometio-a-recibir-a-representantes-de-la-seccion-7-de-la-cnte-el-11-de-mayo_5619e2cd-34d6-4da8-b18b-16f77d8a9fa3_media.webp?fit=1200%2C628&ssl=1","jetpack-related-posts":[],"jetpack_sharing_enabled":true,"_links":{"self":[{"href":"https:\/\/politicosaldesnudo.com.mx\/index.php\/wp-json\/wp\/v2\/posts\/83927","targetHints":{"allow":["GET"]}}],"collection":[{"href":"https:\/\/politicosaldesnudo.com.mx\/index.php\/wp-json\/wp\/v2\/posts"}],"about":[{"href":"https:\/\/politicosaldesnudo.com.mx\/index.php\/wp-json\/wp\/v2\/types\/post"}],"author":[{"embeddable":true,"href":"https:\/\/politicosaldesnudo.com.mx\/index.php\/wp-json\/wp\/v2\/users\/4"}],"replies":[{"embeddable":true,"href":"https:\/\/politicosaldesnudo.com.mx\/index.php\/wp-json\/wp\/v2\/comments?post=83927"}],"version-history":[{"count":1,"href":"https:\/\/politicosaldesnudo.com.mx\/index.php\/wp-json\/wp\/v2\/posts\/83927\/revisions"}],"predecessor-version":[{"id":83929,"href":"https:\/\/politicosaldesnudo.com.mx\/index.php\/wp-json\/wp\/v2\/posts\/83927\/revisions\/83929"}],"wp:featuredmedia":[{"embeddable":true,"href":"https:\/\/politicosaldesnudo.com.mx\/index.php\/wp-json\/wp\/v2\/media\/83928"}],"wp:attachment":[{"href":"https:\/\/politicosaldesnudo.com.mx\/index.php\/wp-json\/wp\/v2\/media?parent=83927"}],"wp:term":[{"taxonomy":"category","embeddable":true,"href":"https:\/\/politicosaldesnudo.com.mx\/index.php\/wp-json\/wp\/v2\/categories?post=83927"},{"taxonomy":"post_tag","embeddable":true,"href":"https:\/\/politicosaldesnudo.com.mx\/index.php\/wp-json\/wp\/v2\/tags?post=83927"}],"curies":[{"name":"wp","href":"https:\/\/api.w.org\/{rel}","templated":true}]}}