{"id":83930,"date":"2026-05-02T00:07:45","date_gmt":"2026-05-02T06:07:45","guid":{"rendered":"https:\/\/politicosaldesnudo.com.mx\/?p=83930"},"modified":"2026-05-01T22:17:03","modified_gmt":"2026-05-02T04:17:03","slug":"senadora-morenista-pide-dimision-de-ruben-rocha-para-garantizar-investigacion-sin-interferencias","status":"publish","type":"post","link":"https:\/\/politicosaldesnudo.com.mx\/index.php\/2026\/05\/02\/senadora-morenista-pide-dimision-de-ruben-rocha-para-garantizar-investigacion-sin-interferencias\/","title":{"rendered":"Senadora morenista pide dimisi\u00f3n de Rub\u00e9n Rocha para garantizar investigaci\u00f3n \u00absin interferencias\u00bb"},"content":{"rendered":"<p class=\"nota-justify\">De manera sorpresiva, la senadora de Morena, Guadalupe Chavira de la Rosa,\u00a0demand\u00f3 al gobernador de Sinaloa, Rub\u00e9n Rocha Moya, que \u201cpresente su renuncia al cargo\u201d, a fin de que la Fiscal\u00eda General de la Rep\u00fablica (FGR) pueda llevar a cabo, con independencia y sin interferencias, la investigaci\u00f3n en torno a los cargos de nexos con el narcotr\u00e1fico que formul\u00f3 en su contra una Corte Federal de Estados Unidos.<\/p>\n<p class=\"nota-justify\">La separaci\u00f3n del cargo, dijo, no significa una condena anticipada al gobernador ni desconoce sus derechos fundamentales, pero \u201ces una exigencia m\u00ednima de responsabilidad republicana frente a imputaciones que comprometen la legitimidad, estabilidad y autoridad moral de su gobierno\u201d.<\/p>\n<p class=\"nota-justify\">Posici\u00f3n que, asegur\u00f3, \u201cde ninguna manera se aparta del pleno respeto a la soberan\u00eda nacional, de las instituciones mexicanas y los cauces constitucionales\u201d.<\/p>\n<p class=\"nota-justify\">A trav\u00e9s de un comunicado y mensajes en sus redes sociales, resalt\u00f3 que, \u201cen su opini\u00f3n, los se\u00f1alamientos formulados por autoridades judiciales de un gobierno extranjero, por su naturaleza, alcance y gravedad institucional, no pueden ser ignorados ni tratados como un asunto menor\u201d.<\/p>\n<p class=\"nota-justify\">Las imputaciones contenidas en la acusaci\u00f3n que el Departamento de Justicia de Estados remiti\u00f3 al gobierno mexicano no son menores, insisti\u00f3: \u201cInvolucran presuntos v\u00ednculos el C\u00e1rtel de Sinaloa; supuestos acuerdos de protecci\u00f3n pol\u00edtica e institucional con intervenci\u00f3n criminal en procesos electorales; presunta colocaci\u00f3n de funcionarios afines en \u00e1reas estrat\u00e9gicas de seguridad y procuraci\u00f3n de justicia; posibles actos de protecci\u00f3n a operaciones de tr\u00e1fico de drogas; filtraci\u00f3n de informaci\u00f3n sensible sobre operativos; y tolerancia o facilitaci\u00f3n de esquemas de violencia, intimidaci\u00f3n y corrupci\u00f3n\u201d<\/p>\n<p class=\"nota-justify\">La sola existencia de se\u00f1alamientos de esta naturaleza contra el gobernador, recalc\u00f3 la senadora de Morena, \u201ccoloca a Sinaloa en una situaci\u00f3n institucional extraordinariamente delicada\u201d.<\/p>\n<p class=\"nota-justify\">No obstante, recalc\u00f3, es obligaci\u00f3n de los integrantes del Movimiento de la 4T \u201cmantener un gobierno a la altura del pueblo de M\u00e9xico, capaz de responder con integridad, transparencia y autoridad moral ante cualquier cuestionamiento que comprometa la confianza p\u00fablica\u201d.<\/p>\n<p class=\"nota-justify\">La senadora Chavira de la Rosa recalc\u00f3 que Rocha debe deja el cargo, \u201cporque Sinaloa no puede quedar atrapado entre la gravedad de una acusaci\u00f3n internacional y la par\u00e1lisis de sus instituciones y porque M\u00e9xico necesita instituciones fuertes, gobiernos \u00edntegros y autoridades capaces de responder con claridad cuando la confianza p\u00fablica se encuentra en riesgo\u201d.<\/p>\n<p class=\"nota-justify\">Argument\u00f3 que la autoridad responsable de coordinar la seguridad p\u00fablica, la administraci\u00f3n estatal y garantizar la colaboraci\u00f3n con autoridades federales \u201cno puede mantenerse bajo una sombra de duda de esta magnitud, sin afectar la confianza de la ciudadan\u00eda, de las v\u00edctimas, de las instituciones de justicia y de los propios cuerpos de seguridad, por ello es necesario que el gobernador Rocha y su equipo de trabajo involucrado renuncien al cargo\u201d.<\/p>\n<p class=\"nota-justify\">Por ello, \u201cde manera firme, institucional y responsable, solicito al gobernador Rub\u00e9n Rocha Moya que presente su renuncia al cargo de Gobernador Constitucional del Estado de Sinaloa\u201d.<\/p>\n<p class=\"nota-justify\">Como toda persona, precis\u00f3, \u201ctiene derecho a la presunci\u00f3n de inocencia y a un debido proceso. Ninguna autoridad pol\u00edtica debe sustituir a los tribunales ni anticipar responsabilidades penales que corresponden exclusivamente a las instancias competentes. Sin embargo, la funci\u00f3n p\u00fablica exige un est\u00e1ndar superior de responsabilidad \u00e9tica, pol\u00edtica e institucional\u201c.<\/p>\n<p class=\"nota-justify\">Corresponde a los poderes p\u00fablicos de Sinaloa, agreg\u00f3 \u201cactuar con responsabilidad constitucional. Una eventual separaci\u00f3n del cargo debe procesarse con orden, legalidad y pleno respeto a los mecanismos previstos por el marco jur\u00eddico aplicable, evitando cualquier vac\u00edo de autoridad y garantizando la continuidad institucional del gobierno estatal\u201d.<\/p>\n<p class=\"nota-justify\">Incluso, pidi\u00f3 a la FGR, las autoridades de seguridad, los \u00f3rganos de control y las instancias legislativas correspondientes \u201cgarantizar que cualquier investigaci\u00f3n, cooperaci\u00f3n internacional o procedimiento institucional se conduzca sin simulaciones, sin encubrimientos y sin uso pol\u00edtico de la justicia\u201d.<\/p>\n<p class=\"nota-justify\">En el Movimiento de le Cuarta Transformaci\u00f3n, \u201c no hay margen para evadir los principios b\u00e1sicos: no mentir, no robar y no traicionar al pueblo\u201d, concluy\u00f3.<\/p>\n","protected":false},"excerpt":{"rendered":"<p>De manera sorpresiva, la senadora de Morena, Guadalupe Chavira de la Rosa,\u00a0demand\u00f3 al gobernador de Sinaloa, Rub\u00e9n Rocha Moya, que<\/p>\n","protected":false},"author":4,"featured_media":83931,"comment_status":"closed","ping_status":"closed","sticky":false,"template":"","format":"standard","meta":{"colormag_page_container_layout":"default_layout","colormag_page_sidebar_layout":"default_layout","_jetpack_memberships_contains_paid_content":false,"footnotes":"","jetpack_publicize_message":"","jetpack_publicize_feature_enabled":true,"jetpack_social_post_already_shared":true,"jetpack_social_options":{"image_generator_settings":{"template":"highway","default_image_id":0,"font":"","enabled":false},"version":2}},"categories":[33],"tags":[],"class_list":["post-83930","post","type-post","status-publish","format-standard","has-post-thumbnail","hentry","category-nacional"],"jetpack_publicize_connections":[],"jetpack_featured_media_url":"https:\/\/i0.wp.com\/politicosaldesnudo.com.mx\/wp-content\/uploads\/2026\/05\/MMM.webp?fit=1200%2C801&ssl=1","jetpack-related-posts":[],"jetpack_sharing_enabled":true,"_links":{"self":[{"href":"https:\/\/politicosaldesnudo.com.mx\/index.php\/wp-json\/wp\/v2\/posts\/83930","targetHints":{"allow":["GET"]}}],"collection":[{"href":"https:\/\/politicosaldesnudo.com.mx\/index.php\/wp-json\/wp\/v2\/posts"}],"about":[{"href":"https:\/\/politicosaldesnudo.com.mx\/index.php\/wp-json\/wp\/v2\/types\/post"}],"author":[{"embeddable":true,"href":"https:\/\/politicosaldesnudo.com.mx\/index.php\/wp-json\/wp\/v2\/users\/4"}],"replies":[{"embeddable":true,"href":"https:\/\/politicosaldesnudo.com.mx\/index.php\/wp-json\/wp\/v2\/comments?post=83930"}],"version-history":[{"count":1,"href":"https:\/\/politicosaldesnudo.com.mx\/index.php\/wp-json\/wp\/v2\/posts\/83930\/revisions"}],"predecessor-version":[{"id":83932,"href":"https:\/\/politicosaldesnudo.com.mx\/index.php\/wp-json\/wp\/v2\/posts\/83930\/revisions\/83932"}],"wp:featuredmedia":[{"embeddable":true,"href":"https:\/\/politicosaldesnudo.com.mx\/index.php\/wp-json\/wp\/v2\/media\/83931"}],"wp:attachment":[{"href":"https:\/\/politicosaldesnudo.com.mx\/index.php\/wp-json\/wp\/v2\/media?parent=83930"}],"wp:term":[{"taxonomy":"category","embeddable":true,"href":"https:\/\/politicosaldesnudo.com.mx\/index.php\/wp-json\/wp\/v2\/categories?post=83930"},{"taxonomy":"post_tag","embeddable":true,"href":"https:\/\/politicosaldesnudo.com.mx\/index.php\/wp-json\/wp\/v2\/tags?post=83930"}],"curies":[{"name":"wp","href":"https:\/\/api.w.org\/{rel}","templated":true}]}}